{"id":11475,"date":"2025-04-09T00:51:09","date_gmt":"2025-04-09T00:51:09","guid":{"rendered":"https:\/\/www.europesays.com\/fr\/11475\/"},"modified":"2025-04-09T00:51:09","modified_gmt":"2025-04-09T00:51:09","slug":"le-tableau-complet-des-175-pays-et-territoires-vises-par-trump","status":"publish","type":"post","link":"https:\/\/www.europesays.com\/fr\/11475\/","title":{"rendered":"le tableau complet des 175 pays et territoires vis\u00e9s par Trump"},"content":{"rendered":"<p>Donald Trump a annonc\u00e9 mercredi 2 avril la mise en place par les Etats-Unis de nouveaux droits de douane r\u00e9ciproques de 10 % \u00e0 50 %, avec notamment des taux de 20 % pour les produits import\u00e9s de l&rsquo;Union europ\u00e9enne et de 34 % pour ceux provenant de Chine. Les droits de douane dits de base, soit de 10 %, sont entr\u00e9s en vigueur\u00a0samedi 5 avril \u00e0 4h01 GMT. Les droits de douane r\u00e9ciproques s&rsquo;appliquent \u00e0 compter de ce mercredi 9 avril \u00e0 04h01 GMT (6h01 heure de Paris).<\/p>\n<p>Lors d&rsquo;une c\u00e9r\u00e9monie organis\u00e9e \u00e0 la Maison-Blanche, le pr\u00e9sident des Etats-Unis a pr\u00e9sent\u00e9 un tableau de pays ou entit\u00e9s \u00e9conomiques indiquant, d&rsquo;une part, les taux pratiqu\u00e9s sur les produits am\u00e9ricains import\u00e9s d&rsquo;apr\u00e8s les calculs de l&rsquo;administration Trump, et d&rsquo;autre part les droits de douane r\u00e9ciproques appliqu\u00e9s par les Etats-Unis. Voici ce tableau complet :<\/p>\n","protected":false},"excerpt":{"rendered":"Donald Trump a annonc\u00e9 mercredi 2 avril la mise en place par les Etats-Unis de nouveaux droits de&hellip;\n","protected":false},"author":2,"featured_media":11476,"comment_status":"","ping_status":"","sticky":false,"template":"","format":"standard","meta":{"footnotes":""},"categories":[1589],"tags":[5456,17,11,3949,154,981,2483,33,73,1866,12,5457,3898,1864,1865,1863,308],"class_list":{"0":"post-11475","1":"post","2":"type-post","3":"status-publish","4":"format-standard","5":"has-post-thumbnail","7":"category-etats-unis","8":"tag-5456","9":"tag-17","10":"tag-actualites","11":"tag-complet","12":"tag-des","13":"tag-douane","14":"tag-droits","15":"tag-economie","16":"tag-etats-unis","17":"tag-etats-unis-damerique","18":"tag-news","19":"tag-pays","20":"tag-tableau","21":"tag-united-states","22":"tag-united-states-of-america","23":"tag-us","24":"tag-usa"},"share_on_mastodon":{"url":"https:\/\/pubeurope.com\/@fr\/114305268735393131","error":""},"_links":{"self":[{"href":"https:\/\/www.europesays.com\/fr\/wp-json\/wp\/v2\/posts\/11475","targetHints":{"allow":["GET"]}}],"collection":[{"href":"https:\/\/www.europesays.com\/fr\/wp-json\/wp\/v2\/posts"}],"about":[{"href":"https:\/\/www.europesays.com\/fr\/wp-json\/wp\/v2\/types\/post"}],"author":[{"embeddable":true,"href":"https:\/\/www.europesays.com\/fr\/wp-json\/wp\/v2\/users\/2"}],"replies":[{"embeddable":true,"href":"https:\/\/www.europesays.com\/fr\/wp-json\/wp\/v2\/comments?post=11475"}],"version-history":[{"count":0,"href":"https:\/\/www.europesays.com\/fr\/wp-json\/wp\/v2\/posts\/11475\/revisions"}],"wp:featuredmedia":[{"embeddable":true,"href":"https:\/\/www.europesays.com\/fr\/wp-json\/wp\/v2\/media\/11476"}],"wp:attachment":[{"href":"https:\/\/www.europesays.com\/fr\/wp-json\/wp\/v2\/media?parent=11475"}],"wp:term":[{"taxonomy":"category","embeddable":true,"href":"https:\/\/www.europesays.com\/fr\/wp-json\/wp\/v2\/categories?post=11475"},{"taxonomy":"post_tag","embeddable":true,"href":"https:\/\/www.europesays.com\/fr\/wp-json\/wp\/v2\/tags?post=11475"}],"curies":[{"name":"wp","href":"https:\/\/api.w.org\/{rel}","templated":true}]}}