{"id":114760,"date":"2025-05-20T16:48:07","date_gmt":"2025-05-20T16:48:07","guid":{"rendered":"https:\/\/www.europesays.com\/fr\/114760\/"},"modified":"2025-05-20T16:48:07","modified_gmt":"2025-05-20T16:48:07","slug":"le-trophee-de-la-ligue-des-champions-feminine-volee-puis-recuperee-par-la-police","status":"publish","type":"post","link":"https:\/\/www.europesays.com\/fr\/114760\/","title":{"rendered":"le troph\u00e9e de la Ligue des champions f\u00e9minine vol\u00e9e&#8230; puis r\u00e9cup\u00e9r\u00e9e par la police"},"content":{"rendered":"<p>Le troph\u00e9e de la Ligue des champions f\u00e9minine gard\u00e9 \u00e0 Lisbonne a \u00e9t\u00e9 vol\u00e9, ce samedi avant d\u2019\u00eatre retrouv\u00e9 par la police.<\/p>\n<p class=\"fig-paragraph\">Des malfaiteurs ont d\u00e9rob\u00e9 samedi dans le garage du stade Alvalade de Lisbonne, en plein match de Premi\u00e8re division portugaise, le troph\u00e9e qui sera remis aux laur\u00e9ates de la Ligue des champions f\u00e9minine, mais finalement r\u00e9cup\u00e9r\u00e9 rapidement par la police.<\/p>\n<p class=\"fig-paragraph\">Le vol s&rsquo;est produit pendant la rencontre entre le Sporting Portugal et le Vitoria Guimaraes (2-0), qui a permis aux Lisbo\u00e8tes de remporter leur 21e titre de champion du Portugal.<\/p>\n<p class=\"fig-paragraph\">\u00abPlusieurs individus cagoul\u00e9s\u00bb ont \u00abforc\u00e9 une grille\u00bb dans le garage du stade qui accueillera samedi la finale de la Ligue des champions f\u00e9minine opposant Arsenal au FC Barcelone, pr\u00e9cise mardi la police dans un communiqu\u00e9. L\u00e0, ils ont d\u00e9rob\u00e9 non seulement le troph\u00e9e mais aussi d&rsquo;autres \u00e9l\u00e9ments de mat\u00e9riel appartenant \u00e0 l&rsquo;UEFA, un vol dont la police n&rsquo;a \u00e9t\u00e9 mise au courant que le lendemain, dimanche 18 mai.<\/p>\n<p class=\"fig-paragraph\">Ces objets, ainsi que le troph\u00e9e, ont d\u00e9j\u00e0 \u00e9t\u00e9 restitu\u00e9s \u00e0 l&rsquo;organisme chapeautant le football europ\u00e9en, a indiqu\u00e9 \u00e0 l&rsquo;AFP un porte-parole de la police. Treize suspects ont \u00e9t\u00e9 identifi\u00e9s, selon un communiqu\u00e9 de la police, qui ne donne aucun d\u00e9tail sur l&rsquo;op\u00e9ration qui lui a permis de r\u00e9cup\u00e9rer les objets vol\u00e9s. L&rsquo;enqu\u00eate se poursuit et la police pr\u00e9voit de retrouver de nouveaux objets et l&rsquo;interpellation de nouveaux suspects dans les prochains jours.<\/p>\n","protected":false},"excerpt":{"rendered":"Le troph\u00e9e de la Ligue des champions f\u00e9minine gard\u00e9 \u00e0 Lisbonne a \u00e9t\u00e9 vol\u00e9, ce samedi avant d\u2019\u00eatre&hellip;\n","protected":false},"author":2,"featured_media":114761,"comment_status":"","ping_status":"","sticky":false,"template":"","format":"standard","meta":{"footnotes":""},"categories":[1412],"tags":[454,69,448,83,451,64,450,449,1451,3236,1452,1453,1454,1455,1011,27,452,453,66,446,447,70,60,455],"class_list":{"0":"post-114760","1":"post","2":"type-post","3":"status-publish","4":"format-standard","5":"has-post-thumbnail","7":"category-f1","8":"tag-ballon-dor","9":"tag-bundesliga","10":"tag-champions-league","11":"tag-coupe-de-france","12":"tag-coupe-du-monde","13":"tag-equipe-de-france","14":"tag-euro","15":"tag-europa-league","16":"tag-f1","17":"tag-football-feminin","18":"tag-formula-1","19":"tag-formula1","20":"tag-formule-1","21":"tag-formule1","22":"tag-fr","23":"tag-france","24":"tag-italie","25":"tag-liga","26":"tag-ligue-1","27":"tag-ligue-2","28":"tag-ligue-des-champions","29":"tag-premier-league","30":"tag-sports","31":"tag-uefa"},"share_on_mastodon":{"url":"https:\/\/pubeurope.com\/@fr\/114541186498683685","error":""},"_links":{"self":[{"href":"https:\/\/www.europesays.com\/fr\/wp-json\/wp\/v2\/posts\/114760","targetHints":{"allow":["GET"]}}],"collection":[{"href":"https:\/\/www.europesays.com\/fr\/wp-json\/wp\/v2\/posts"}],"about":[{"href":"https:\/\/www.europesays.com\/fr\/wp-json\/wp\/v2\/types\/post"}],"author":[{"embeddable":true,"href":"https:\/\/www.europesays.com\/fr\/wp-json\/wp\/v2\/users\/2"}],"replies":[{"embeddable":true,"href":"https:\/\/www.europesays.com\/fr\/wp-json\/wp\/v2\/comments?post=114760"}],"version-history":[{"count":0,"href":"https:\/\/www.europesays.com\/fr\/wp-json\/wp\/v2\/posts\/114760\/revisions"}],"wp:featuredmedia":[{"embeddable":true,"href":"https:\/\/www.europesays.com\/fr\/wp-json\/wp\/v2\/media\/114761"}],"wp:attachment":[{"href":"https:\/\/www.europesays.com\/fr\/wp-json\/wp\/v2\/media?parent=114760"}],"wp:term":[{"taxonomy":"category","embeddable":true,"href":"https:\/\/www.europesays.com\/fr\/wp-json\/wp\/v2\/categories?post=114760"},{"taxonomy":"post_tag","embeddable":true,"href":"https:\/\/www.europesays.com\/fr\/wp-json\/wp\/v2\/tags?post=114760"}],"curies":[{"name":"wp","href":"https:\/\/api.w.org\/{rel}","templated":true}]}}