{"id":1147636,"date":"2026-08-25T08:11:37","date_gmt":"2026-08-25T08:11:37","guid":{"rendered":"https:\/\/www.europesays.com\/fr\/1147636\/"},"modified":"2026-08-25T08:11:37","modified_gmt":"2026-08-25T08:11:37","slug":"elle-voulait-donner-des-conseils-juridiques-au-maire-de-lyon-gregory-doucet-lavocate-parisienne-vexee-perd-en-justice","status":"publish","type":"post","link":"https:\/\/www.europesays.com\/fr\/1147636\/","title":{"rendered":"Elle voulait donner des conseils juridiques au maire de Lyon Gr\u00e9gory Doucet, l&rsquo;avocate parisienne vex\u00e9e perd en justice"},"content":{"rendered":"<p>                    Par<br \/>\n        <strong><br \/>\n            <a href=\"https:\/\/actu.fr\/auteur\/redaction-lyon\" title=\"Consulter tous les articles de R\u00e9daction Lyon\" rel=\"nofollow noopener\" target=\"_blank\">R\u00e9daction Lyon<\/a><br \/>\n                    <\/strong><\/p>\n<p>        Publi\u00e9 le<\/p>\n<p>            25 ao\u00fbt 2026 \u00e0 9h23        <\/p>\n<p>Le juge des r\u00e9f\u00e9r\u00e9s du tribunal administratif de <a href=\"https:\/\/actu.fr\/lyon\/\" rel=\"nofollow noopener\" target=\"_blank\">Lyon<\/a> a <strong>rejet\u00e9 la requ\u00eate \u00ab\u00a0manifestement irrecevable\u00a0\u00bb<\/strong> d\u2019une avocate du 18e arrondissement de <a href=\"https:\/\/actu.fr\/paris\/\" rel=\"nofollow noopener\" target=\"_blank\">Paris<\/a>, qui s\u2019\u00e9tait port\u00e9e candidate au march\u00e9 de \u00ab\u00a0prestations de conseils juridiques en mati\u00e8re de non-discrimination\u00a0\u00bb pass\u00e9 par la Ville de Lyon (<a href=\"https:\/\/actu.fr\/auvergne-rhone-alpes\/rhone_69\" rel=\"nofollow noopener\" target=\"_blank\">Rh\u00f4ne<\/a>).<\/p>\n<p>L\u2019avocate conteste sa non-retenue<\/p>\n<p class=\" wall-content\">Me Mathilde Bourgeois \u2013 par l\u2019interm\u00e9diaire de son cabinet R\u00e9f-Lex MB \u2013 avait en fait introduit son recours le 10 avril 2026 : elle avait demand\u00e9 au juge administratif de faire \u00ab\u00a0injonction\u00a0\u00bb au maire (Les \u00c9cologistes) de Lyon Gr\u00e9gory Doucet de \u00ab\u00a0suspendre\u00a0\u00bb l\u2019attribution de ce march\u00e9, de \u00ab\u00a0diff\u00e9rer la signature\u00a0\u00bb du contrat et de <strong>lui \u00ab\u00a0communiquer les motifs\u00a0\u00bb pour lesquels sa propre offre avait \u00e9t\u00e9 rejet\u00e9e.<\/strong><\/p>\n<p class=\" wall-content\">Elle voulait aussi conna\u00eetre \u00ab\u00a0les caract\u00e9ristiques et avantages\u00a0\u00bb de celle qui avait \u00e9t\u00e9 retenue.<\/p>\n<p class=\" wall-content\">Probl\u00e8me : ledit march\u00e9 avait \u00e9t\u00e9 sign\u00e9 trois jours plus t\u00f4t, le 7 avril 2026\u2026 Or, l\u2019avocate parisienne avait d\u00e9pos\u00e9 son recours dans le cadre d\u2019un r\u00e9f\u00e9r\u00e9 \u00ab\u00a0pr\u00e9contractuel\u00a0\u00bb, une proc\u00e9dure qui permet de sanctionner tout manquement aux r\u00e8gles de \u00ab\u00a0publicit\u00e9\u00a0\u00bb et de \u00ab\u00a0mise en concurrence\u00a0\u00bb des march\u00e9s publics \u00e0 condition d\u2019\u00eatre engag\u00e9e avant la signature du contrat.<\/p>\n<p class=\" wall-content\">Or ici \u00ab\u00a0la soci\u00e9t\u00e9 requ\u00e9rante n\u2019apporte aucun \u00e9l\u00e9ment pour contester s\u00e9rieusement cette date alors (\u2026) que la commune de Lyon a adress\u00e9 l\u2019acte d\u2019engagement sign\u00e9 \u00e0 la soci\u00e9t\u00e9 b\u00e9n\u00e9ficiaire du march\u00e9 d\u00e8s le 9 avril 2026\u00a0\u00bb, souligne le juge des r\u00e9f\u00e9r\u00e9s du tribunal administratif de Lyon dans une ordonnance en date du 5 mai 2026 qui vient d\u2019\u00eatre rendue publique.\u00a0<\/p>\n<p>La requ\u00eate de l\u2019avocate \u00ab\u00a0irrecevable\u00a0\u00bb<\/p>\n<p class=\" wall-content\">\u00ab\u00a0Par ailleurs, la circonstance que la signature du march\u00e9 ne serait pas r\u00e9guli\u00e8re \u2013 notamment en raison de l\u2019absence de toute d\u00e9l\u00e9gation de signature valable (\u2026) \u00e0 la personne qui a sign\u00e9 (\u2026) \u2013 ne saurait permettre de faire regarder cette signature comme inexistante\u00a0\u00bb, estime le magistrat.<\/p>\n<p class=\" wall-content\">\u00ab\u00a0Dans ces conditions, la requ\u00eate en r\u00e9f\u00e9r\u00e9-pr\u00e9contractuel introduite par le cabinet R\u00e9f-Lex MB, le 10 avril 2026, soit post\u00e9rieurement \u00e0 la conclusion du contrat, est manifestement irrecevable.\u00a0\u00bb<\/p>\n<p class=\" wall-content\"><strong>GF (PressPepper)<\/strong><\/p>\n<p class=\" wall-content\">Personnalisez votre actualit\u00e9 en ajoutant vos villes et m\u00e9dias en favori avec <a href=\"https:\/\/moncompte.actu.fr\" title=\"D\u00e9couvez Mon Actu\" rel=\"nofollow noopener\" data-trk=\"{&quot;cta&quot;:{&quot;action&quot;:&quot;https:\\\/\\\/moncompte.actu.fr&quot;,&quot;category&quot;:&quot;mon compte&quot;,&quot;from&quot;:&quot;article footer&quot;,&quot;name&quot;:&quot;Mon actu&quot;,&quot;type&quot;:&quot;cta&quot;}}\" target=\"_blank\">Mon Actu<\/a>.<\/p>\n","protected":false},"excerpt":{"rendered":"Par R\u00e9daction Lyon Publi\u00e9 le 25 ao\u00fbt 2026 \u00e0 9h23 Le juge des r\u00e9f\u00e9r\u00e9s du tribunal administratif de&hellip;\n","protected":false},"author":2,"featured_media":1147637,"comment_status":"","ping_status":"","sticky":false,"template":"","format":"standard","meta":{"footnotes":"","_share_on_mastodon":"0"},"categories":[1889],"tags":[1111,11,2430,1777,674,118,1011,27,5226,303,2428,12,25],"class_list":["post-1147636","post","type-post","status-publish","format-standard","has-post-thumbnail","category-lyon","tag-actu","tag-actualites","tag-auvergne-rhone-alpes","tag-eu","tag-europe","tag-faits-divers","tag-fr","tag-france","tag-gregory-doucet","tag-justice","tag-lyon","tag-news","tag-republique-francaise"],"share_on_mastodon":{"url":"https:\/\/pubeurope.com\/@fr\/117155141130605556","error":""},"_links":{"self":[{"href":"https:\/\/www.europesays.com\/fr\/wp-json\/wp\/v2\/posts\/1147636","targetHints":{"allow":["GET"]}}],"collection":[{"href":"https:\/\/www.europesays.com\/fr\/wp-json\/wp\/v2\/posts"}],"about":[{"href":"https:\/\/www.europesays.com\/fr\/wp-json\/wp\/v2\/types\/post"}],"author":[{"embeddable":true,"href":"https:\/\/www.europesays.com\/fr\/wp-json\/wp\/v2\/users\/2"}],"replies":[{"embeddable":true,"href":"https:\/\/www.europesays.com\/fr\/wp-json\/wp\/v2\/comments?post=1147636"}],"version-history":[{"count":0,"href":"https:\/\/www.europesays.com\/fr\/wp-json\/wp\/v2\/posts\/1147636\/revisions"}],"wp:featuredmedia":[{"embeddable":true,"href":"https:\/\/www.europesays.com\/fr\/wp-json\/wp\/v2\/media\/1147637"}],"wp:attachment":[{"href":"https:\/\/www.europesays.com\/fr\/wp-json\/wp\/v2\/media?parent=1147636"}],"wp:term":[{"taxonomy":"category","embeddable":true,"href":"https:\/\/www.europesays.com\/fr\/wp-json\/wp\/v2\/categories?post=1147636"},{"taxonomy":"post_tag","embeddable":true,"href":"https:\/\/www.europesays.com\/fr\/wp-json\/wp\/v2\/tags?post=1147636"}],"curies":[{"name":"wp","href":"https:\/\/api.w.org\/{rel}","templated":true}]}}