{"id":114766,"date":"2025-05-20T16:51:09","date_gmt":"2025-05-20T16:51:09","guid":{"rendered":"https:\/\/www.europesays.com\/fr\/114766\/"},"modified":"2025-05-20T16:51:09","modified_gmt":"2025-05-20T16:51:09","slug":"nicolas-bedos-pris-pour-cible-hors-delle-sa-compagne-pauline-desmonts-fait-une-mise-au-clair","status":"publish","type":"post","link":"https:\/\/www.europesays.com\/fr\/114766\/","title":{"rendered":"Nicolas Bedos pris pour cible : hors d\u2019elle, sa compagne Pauline Desmonts fait une mise au clair"},"content":{"rendered":"<p>La r\u00e9demption de <a href=\"https:\/\/www.closermag.fr\/people\/nicolas-bedos-condamne-les-propos-inquietants-de-sa-mere-joelle-peur-quil-3545603\" rel=\"nofollow noopener\" target=\"_blank\"><br \/>\nNicolas Bedos<\/a> est elle une imposture ? En ce moment, dans les<br \/>\ncercles f\u00e9ministes \u2014et au del\u00e0\u2014 le d\u00e9bat fait rage. Lundi 19 mai,<br \/>\nChristine Berrou, autrice et humoriste qu\u00a0\u00bbon peut voir dans<br \/>\nPiquantes, sur Teva, a partag\u00e9 une vid\u00e9o qui a fait<br \/>\nbeaucoup de bruit. Sur son compte Instagram, elle liste par le menu<br \/>\nles incoh\u00e9rences du r\u00e9alisateur. Alors qu&rsquo;<a href=\"https:\/\/www.closermag.fr\/people\/lea-salame-a-fait-regretter-la-garde-a-vue-a-nicolas-bedos-sa-pique-acide-apres-quelle-epoque-3543150\" rel=\"nofollow noopener\" target=\"_blank\">il<br \/>\nse clame d\u00e9sormais \u00ab\u00a0alli\u00e9\u00a0\u00bb<\/a>, certaines pages de son livre disent<br \/>\nle contraire. Notamment celles o\u00f9 il culpabilise et accable les<br \/>\nvictimes.<\/p>\n<p>Ainsi, par exemple, \u00ab\u00a0de la page 208 \u00e0 la page<br \/>\n211,\u00a0<strong>il humilie une femme qui a os\u00e9 raconter \u00e0<br \/>\nMediapart une tentative de baiser non consenti<\/strong>. Sur 4<br \/>\npages, il d\u00e9taille sa vie intime, y compris quand elle \u00e9tait<br \/>\nmineure, on est sur un bien beau r\u00e8glement de comptes\u00a0\u00bb, relate<br \/>\nla commentatrice.<\/p>\n<p>Pauline Desmont monte au cr\u00e9neau pour d\u00e9fendre Nicolas<br \/>\nBedos<\/p>\n<p>Dans sa courte vid\u00e9o, Christine Berrou cite l&rsquo;auteur qui \u00e9crit<br \/>\nque \u00ab\u00a0sa compagne le rassure en disant que sur les r\u00e9seaux<br \/>\nsociaux, <strong>beaucoup de femmes soulignent qu'[il] est bien<br \/>\ntrop s\u00e9duisant<\/strong> pour avoir eu besoin d&rsquo;agresser qui que ce<br \/>\nsoit\u00a0\u00bb. Des propos mal repris, selon la principale<br \/>\nconcern\u00e9e.<\/p>\n<p>Car, pour Pauline Desmonts, cette vid\u00e9o manque cruellement<br \/>\nd&rsquo;honn\u00eatet\u00e9. Apr\u00e8s l&rsquo;avoir visionn\u00e9e, elle est mont\u00e9e au cr\u00e9neau.<br \/>\nEn commentaire de la publication, <strong>elle a voulu r\u00e9tablir SA<br \/>\nv\u00e9rit\u00e9<\/strong>. \u00ab\u00a0Vous avez parfaitement le droit de critiquer<br \/>\nce livre et son auteur. Mais <strong>mentir sur son<br \/>\ncontenu<\/strong> et induire vos abonn\u00e9s en erreur pour susciter des<br \/>\nlikes, c\u2019est une autre histoire\u00a0\u00bb, a-t-elle \u00e9crit.<\/p>\n<blockquote class=\"instagram-media\" style=\"background: #ffffff;border: 0;margin: 1px;width: 100%;padding: 0;max-width: 500px;\" data-instgrm-permalink=\"https:\/\/www.instagram.com\/reel\/DJ1k8oJo0dp\/?utm_source=ig_embed\" data-instgrm-version=\"14\"\/><p>\nLa compagne du r\u00e9alisateur examine<br \/>\nchaque phrase<\/p>\n<p>Faisant une mise au clair, l&rsquo;ex responsable marketing reprend la<br \/>\nphrase du livre cit\u00e9e par l&rsquo;instagrameuse.\u00a0Elle en pose le<br \/>\ncontexte. \u00ab\u00a0Cette <strong>phrase [est]au milieu d\u2019un tr\u00e8s long<br \/>\nchapitre<\/strong> sur les centaines d\u2019insultes, incitations au<br \/>\nsuicide et r\u00e9actions violentes [&#8230;]. \u00c0 aucun moment le livre<br \/>\nn\u2019accr\u00e9dite cette id\u00e9e [&#8230;] et vous le savez\u00a0\u00bb,<br \/>\n\u00e9crit-elle.<\/p>\n<p>Hors d&rsquo;elle, Pauline Desmonts conclut, tranchante : \u00ab\u00a0\u00c0 ce<br \/>\nniveau de visibilit\u00e9, l\u2019honn\u00eatet\u00e9 intellectuelle devrait primer sur<br \/>\nle d\u00e9sir de plaire \u00e0 une communaut\u00e9\u00a0\u00bb.\u00a0<\/p>\n<p><script async src=\"\/\/www.instagram.com\/embed.js\"><\/script><\/p>\n","protected":false},"excerpt":{"rendered":"La r\u00e9demption de Nicolas Bedos est elle une imposture ? En ce moment, dans les cercles f\u00e9ministes \u2014et&hellip;\n","protected":false},"author":2,"featured_media":114767,"comment_status":"","ping_status":"","sticky":false,"template":"","format":"standard","meta":{"footnotes":""},"categories":[1359],"tags":[548,58,59,1011,27,16083,973],"class_list":{"0":"post-114766","1":"post","2":"type-post","3":"status-publish","4":"format-standard","5":"has-post-thumbnail","7":"category-people","8":"tag-article-simple","9":"tag-divertissement","10":"tag-entertainment","11":"tag-fr","12":"tag-france","13":"tag-nicolas-bedos","14":"tag-people"},"share_on_mastodon":{"url":"https:\/\/pubeurope.com\/@fr\/114541198293105839","error":""},"_links":{"self":[{"href":"https:\/\/www.europesays.com\/fr\/wp-json\/wp\/v2\/posts\/114766","targetHints":{"allow":["GET"]}}],"collection":[{"href":"https:\/\/www.europesays.com\/fr\/wp-json\/wp\/v2\/posts"}],"about":[{"href":"https:\/\/www.europesays.com\/fr\/wp-json\/wp\/v2\/types\/post"}],"author":[{"embeddable":true,"href":"https:\/\/www.europesays.com\/fr\/wp-json\/wp\/v2\/users\/2"}],"replies":[{"embeddable":true,"href":"https:\/\/www.europesays.com\/fr\/wp-json\/wp\/v2\/comments?post=114766"}],"version-history":[{"count":0,"href":"https:\/\/www.europesays.com\/fr\/wp-json\/wp\/v2\/posts\/114766\/revisions"}],"wp:featuredmedia":[{"embeddable":true,"href":"https:\/\/www.europesays.com\/fr\/wp-json\/wp\/v2\/media\/114767"}],"wp:attachment":[{"href":"https:\/\/www.europesays.com\/fr\/wp-json\/wp\/v2\/media?parent=114766"}],"wp:term":[{"taxonomy":"category","embeddable":true,"href":"https:\/\/www.europesays.com\/fr\/wp-json\/wp\/v2\/categories?post=114766"},{"taxonomy":"post_tag","embeddable":true,"href":"https:\/\/www.europesays.com\/fr\/wp-json\/wp\/v2\/tags?post=114766"}],"curies":[{"name":"wp","href":"https:\/\/api.w.org\/{rel}","templated":true}]}}