{"id":114768,"date":"2025-05-20T16:52:08","date_gmt":"2025-05-20T16:52:08","guid":{"rendered":"https:\/\/www.europesays.com\/fr\/114768\/"},"modified":"2025-05-20T16:52:08","modified_gmt":"2025-05-20T16:52:08","slug":"a-cannes-ce-photographe-qui-a-failli-se-faire-equalizer-par-denzel-washington-au-pied-des-marches","status":"publish","type":"post","link":"https:\/\/www.europesays.com\/fr\/114768\/","title":{"rendered":"\u00c0 Cannes, ce photographe qui a failli se faire \u00abequalizer\u00bb par Denzel Washington au pied des marches"},"content":{"rendered":"<p>Lundi 19 mai, sur le tapis rouge du 78e Festival de Cannes, l\u2019acteur oscaris\u00e9 \u00e9tait pr\u00e9sent pour la projection du film Highest 2 Lowest de Spike Lee. Avant de recevoir une palme d\u2019or d\u2019honneur surprise, le h\u00e9ros de la saga Equalizer n\u2019a pas appr\u00e9ci\u00e9 l\u2019attitude d\u2019un photographe \u00e0 son \u00e9gard.<\/p>\n<p class=\"fig-paragraph\">On pensait que la bonne humeur \u00e9tait au rendez-vous sur\u00a0<a href=\"http:\/\/madame.lefigaro.fr\/celebrites\/actu-people\/les-dents-en-or-d-a-ap-rocky-l-etrange-absence-de-rihanna-denzel-washington-en-sneakers-un-lundi-turbulent-sous-le-soleil-de-cannes-20250519\" data-fig-type=\"Article\" data-gtm-custom-categorie=\"navigation\" data-gtm-custom-action=\"crossclick\" data-gtm-custom-label=\"Contextuel\" data-gtm-event=\"customEventSPE\" data-fig-domain=\"MADAME\" target=\"_blank\" rel=\"noopener\">le tapis rouge du 78e Festival de Cannes, malgr\u00e9 la pluie.<\/a>\u00a0Mais ce lundi 19 mai, alors que l\u2019\u00e9quipe du film Highest 2 Lowest, r\u00e9alis\u00e9 par Spike Lee, montait les marches du palais, son acteur principal, Denzel Washington, a eu un petit accrochage avec un des photographes. L\u2019acteur d\u2019Equalizer a \u00e9t\u00e9 film\u00e9, et photographi\u00e9, en train de r\u00e9primander vivement son interlocuteur. \u00abArr\u00eatez, arr\u00eatez\u00a0!\u00bb aurait cri\u00e9 la star de Training Day, selon le\u00a0<a href=\"https:\/\/www.dailymail.co.uk\/tvshowbiz\/article-14729041\/denzel-washington-photographer-cannes-film-festival.html\" target=\"_blank\" rel=\"nofollow noopener\" data-gtm-custom-categorie=\"navigation\" data-gtm-custom-action=\"crossclick\" data-gtm-custom-label=\"Contextuel\" data-gtm-event=\"customEventSPE\">Daily Mail.\u00a0<\/a><\/p>\n<p>    Denzel Washington se dispute avec un photographe sur le tapis rouge du 78e Festival de Cannes. (Cannes, le 19 mai 2025.)<br \/>\n                Stephane Cardinale &#8211; Corbis \/ Corbis via Getty Images<\/p>\n<p>    A$SAP Rocky tente d\u2019intervenir pour calmer les choses, suivi de Spike Lee. (Cannes, le 19 mai 2025.)<br \/>\n                SAMEER AL-DOUMY \/ AFP<\/p>\n<p class=\"fig-paragraph\">Face \u00e0 lui, le photographe ne cesse de sourire malgr\u00e9 la col\u00e8re de\u00a0<a href=\"http:\/\/madame.lefigaro.fr\/celebrites\/actu-people\/je-buvais-des-bouteilles-a-4000-dollars-sobre-depuis-10-ans-denzel-washington-raconte-son-passe-d-alcoolique-20241122\" data-fig-type=\"Article\" data-gtm-custom-categorie=\"navigation\" data-gtm-custom-action=\"crossclick\" data-gtm-custom-label=\"Contextuel\" data-gtm-event=\"customEventSPE\" data-fig-domain=\"MADAME\" target=\"_blank\" rel=\"noopener\">Denzel Washington.<\/a>\u00a0Il tente m\u00eame d\u2019attraper le bras de l\u2019acteur, ce qui fait grimper la tension d\u2019un cran. L\u2019acteur oscaris\u00e9 s\u2019est rapidement d\u00e9gag\u00e9, envoyant balader la main du photographe. C\u2019est finalement A$AP Rocky qui est intervenu pour tenter de calmer la situation, suivi de Spike Lee. Si la raison de cette altercation n\u2019est pas tr\u00e8s claire, il semble que l\u2019acteur n\u2019a pas appr\u00e9ci\u00e9 d\u2019\u00eatre touch\u00e9 par le photographe qui cherchait son attention. Elle n\u2019aura toutefois pas g\u00e2ch\u00e9 la soir\u00e9e de l\u2019interpr\u00e8te de Malcolm X dans le film \u00e9ponyme r\u00e9alis\u00e9 par Spike Lee.<\/p>\n<p class=\"fig-body-link&#10;    \">\n            \u00c0 lire aussi<br \/>\n        <a class=\"fig-body-link__link\" href=\"http:\/\/madame.lefigaro.fr\/celebrites\/actu-people\/sous-la-pluie-de-cannes-rihanna-enceinte-et-a-ap-rocky-ont-comme-un-air-de-meghan-et-harry-20250520\" data-fig-type=\"Article\" data-gtm-custom-categorie=\"navigation\" data-gtm-custom-action=\"crossclick\" data-gtm-custom-label=\"Contextuel\" data-gtm-event=\"customEventSPE\" data-fig-domain=\"MADAME\" target=\"_blank\" rel=\"noopener\">Sous la pluie de Cannes, Rihanna enceinte et A$AP Rocky, comme un air de Meghan et Harry<\/a>\n<\/p>\n<p>\u00a0\u00bb<br \/>\n        data-script=\u00a0\u00bbhttps:\/\/static.lefigaro.fr\/widget-video\/short-ttl\/video\/index.js\u00a0\u00bb<br \/>\n    &gt;<\/p>\n<p>Surprise au Palais des festivals<\/p>\n<p class=\"fig-paragraph\">Alors que Denzel Washington est \u00e0 l\u2019affiche du dernier film de son ami, Spike Lee, aux c\u00f4t\u00e9s d\u2019A$AP Rocky, il a aussi re\u00e7u une belle surprise sur la sc\u00e8ne du Palais des festivals. En effet, l\u2019acteur a \u00e9t\u00e9 r\u00e9compens\u00e9 d\u2019une palme d\u2019or d\u2019honneur remise par le r\u00e9alisateur de Highest 2 Lowest. Une semaine plus t\u00f4t, c\u2019est<a href=\"http:\/\/madame.lefigaro.fr\/celebrites\/actu-people\/leonardo-dicaprio-et-robert-de-niro-l-emouvante-etreinte-de-deux-legendes-sur-la-scene-du-palais-des-festivals-20250513\" data-fig-type=\"Article\" data-gtm-custom-categorie=\"navigation\" data-gtm-custom-action=\"crossclick\" data-gtm-custom-label=\"Contextuel\" data-gtm-event=\"customEventSPE\" data-fig-domain=\"MADAME\" target=\"_blank\" rel=\"noopener\">\u00a0Leonardo DiCaprio qui remettait \u00e0 son mentor, Robert De Niro<\/a>, ce prix prestigieux. \u00abC\u2019est mon fr\u00e8re, juste ici\u00bb, a d\u00e9clar\u00e9 Spike Lee sur sc\u00e8ne. \u00abC\u2019est une surprise totale pour moi\u00a0!\u00bb, a alors t\u00e9moign\u00e9 Denzel Washington.<\/p>\n<p class=\"fig-paragraph\">Alors que la star de Philadelphia se produit au th\u00e9\u00e2tre dans la pi\u00e8ce Othello \u00e0 New York, son programme charg\u00e9 aurait pu l\u2019emp\u00eacher de venir au 78e Festival de Cannes. Mais les organisateurs de l\u2019\u00e9v\u00e9nement aurait accept\u00e9 de modifier l\u2019agenda des projections pour la mont\u00e9e des marches du film de Spike Lee ait lieu sur un de ses jours de repos. Denzel Washington a alors pu non seulement se rendre \u00e0 Cannes, mais aussi recevoir un prestigieux prix qui r\u00e9compense l\u2019ensemble de sa carri\u00e8re. Une soir\u00e9e prolifique.<\/p>\n","protected":false},"excerpt":{"rendered":"Lundi 19 mai, sur le tapis rouge du 78e Festival de Cannes, l\u2019acteur oscaris\u00e9 \u00e9tait pr\u00e9sent pour la&hellip;\n","protected":false},"author":2,"featured_media":114769,"comment_status":"","ping_status":"","sticky":false,"template":"","format":"standard","meta":{"footnotes":""},"categories":[1358],"tags":[976,1348,1384,1385,972,23312,1386,58,59,5634,638,1011,27,977,973,975,974],"class_list":{"0":"post-114768","1":"post","2":"type-post","3":"status-publish","4":"format-standard","5":"has-post-thumbnail","7":"category-arts-et-design","8":"tag-actu-people","9":"tag-arts","10":"tag-arts-and-design","11":"tag-arts-et-design","12":"tag-celebrite","13":"tag-denzel-washington","14":"tag-design","15":"tag-divertissement","16":"tag-entertainment","17":"tag-festival-de-cannes","18":"tag-figaro","19":"tag-fr","20":"tag-france","21":"tag-madame","22":"tag-people","23":"tag-potain-de-stars","24":"tag-star"},"share_on_mastodon":{"url":"https:\/\/pubeurope.com\/@fr\/114541203000439898","error":""},"_links":{"self":[{"href":"https:\/\/www.europesays.com\/fr\/wp-json\/wp\/v2\/posts\/114768","targetHints":{"allow":["GET"]}}],"collection":[{"href":"https:\/\/www.europesays.com\/fr\/wp-json\/wp\/v2\/posts"}],"about":[{"href":"https:\/\/www.europesays.com\/fr\/wp-json\/wp\/v2\/types\/post"}],"author":[{"embeddable":true,"href":"https:\/\/www.europesays.com\/fr\/wp-json\/wp\/v2\/users\/2"}],"replies":[{"embeddable":true,"href":"https:\/\/www.europesays.com\/fr\/wp-json\/wp\/v2\/comments?post=114768"}],"version-history":[{"count":0,"href":"https:\/\/www.europesays.com\/fr\/wp-json\/wp\/v2\/posts\/114768\/revisions"}],"wp:featuredmedia":[{"embeddable":true,"href":"https:\/\/www.europesays.com\/fr\/wp-json\/wp\/v2\/media\/114769"}],"wp:attachment":[{"href":"https:\/\/www.europesays.com\/fr\/wp-json\/wp\/v2\/media?parent=114768"}],"wp:term":[{"taxonomy":"category","embeddable":true,"href":"https:\/\/www.europesays.com\/fr\/wp-json\/wp\/v2\/categories?post=114768"},{"taxonomy":"post_tag","embeddable":true,"href":"https:\/\/www.europesays.com\/fr\/wp-json\/wp\/v2\/tags?post=114768"}],"curies":[{"name":"wp","href":"https:\/\/api.w.org\/{rel}","templated":true}]}}