{"id":114770,"date":"2025-05-20T16:53:08","date_gmt":"2025-05-20T16:53:08","guid":{"rendered":"https:\/\/www.europesays.com\/fr\/114770\/"},"modified":"2025-05-20T16:53:08","modified_gmt":"2025-05-20T16:53:08","slug":"original-sin-le-livre-choc-qui-revele-les-secrets-et-les-silences-du-camp-democrate-lexpress","status":"publish","type":"post","link":"https:\/\/www.europesays.com\/fr\/114770\/","title":{"rendered":"\u00ab\u00a0Original Sin\u00a0\u00bb, le livre choc qui r\u00e9v\u00e8le les secrets et les silences du camp d\u00e9mocrate \u2013 L&rsquo;Express"},"content":{"rendered":"<p class=\"paragraph article-body-paragraph article__item   article-body-paragraph--first \">Ce livre n\u2019a pas fini de faire parler de lui et d\u00e9cha\u00eene d\u00e9j\u00e0 <a href=\"https:\/\/www.lexpress.fr\/monde\/amerique\/donald-trump_1702460.html\" target=\"_self\" rel=\"noopener\" title=\"https:\/\/www.lexpress.fr\/monde\/amerique\/donald-trump_1702460.html\">la presse am\u00e9ricaine<\/a>. Mais s\u2019il est re\u00e7u comme une onde de choc par le grand public, il surprendra certainement moins au sein de l\u2019entourage de Joe Biden, o\u00f9 beaucoup savaient mais n\u2019ont rien dit.<\/p>\n<p class=\"paragraph article-body-paragraph article__item   \">A coup d\u2019anecdotes plus invraisemblables les unes que les autres, deux journalistes &#8211; l\u2019un de CNN et l\u2019autre du m\u00e9dia d\u2019investigation Axios &#8211; r\u00e9v\u00e8lent comment l\u2019entourage de l\u2019ancien pr\u00e9sident am\u00e9ricain a d\u00e9lib\u00e9r\u00e9ment cach\u00e9 son \u00e9tat de sant\u00e9 physique et cognitif pendant la derni\u00e8re campagne pr\u00e9sidentielle.<\/p>\n<p><strong class=\"article-body-link-list__item text-gray-800 article-body-link-list__item--one-item\">LIRE AUSSI : <a class=\"article-body-link-list__item-link\" href=\"https:\/\/www.lexpress.fr\/monde\/amerique\/derriere-le-cancer-de-joe-biden-le-grand-mensonge-des-democrates-PZBL67RO6JFODAOLDKXPED55IY\/\" target=\"_blank\" rel=\"noreferrer noopener\">Derri\u00e8re le cancer de Joe Biden, le grand mensonge des d\u00e9mocrates<\/a><\/strong><\/p>\n<p class=\"paragraph article-body-paragraph article__item   \">Les auteurs confient avoir interview\u00e9 plus de 200 personnes dans le cadre de cette enqu\u00eate, pour la plupart cit\u00e9es anonymement. Alors que la Maison-Blanche vient de communiquer publiquement sur le <a href=\"https:\/\/www.lexpress.fr\/monde\/amerique\/joe-biden-lex-president-americain-atteint-dune-forme-agressive-dun-cancer-de-la-prostate-DIFDTMNU7JGM3FMZXMS4K4LT6A\/\" target=\"_self\" rel=\"noopener\" title=\"https:\/\/www.lexpress.fr\/monde\/amerique\/joe-biden-lex-president-americain-atteint-dune-forme-agressive-dun-cancer-de-la-prostate-DIFDTMNU7JGM3FMZXMS4K4LT6A\/\">cancer de la prostate<\/a> de Joe Biden, ce livre d\u00e9crit un ancien pr\u00e9sident fortement diminu\u00e9, dont la campagne a \u00e9t\u00e9 am\u00e9nag\u00e9e pour limiter ses prises de parole en public et lui permettre des temps de repos. Retour sur les principales r\u00e9v\u00e9lations de ce livre.<\/p>\n<p>Un fauteuil roulant a \u00e9t\u00e9 envisag\u00e9, mais son entourage a refus\u00e9<\/p>\n<p class=\"paragraph article-body-paragraph article__item   \">Alors que Joe Biden boitait et avait des difficult\u00e9s consid\u00e9rables \u00e0 se d\u00e9placer, les m\u00e9decins auraient sugg\u00e9r\u00e9 d\u2019<a href=\"https:\/\/edition.cnn.com\/2025\/05\/13\/politics\/biden-book-wheelchair-age\" target=\"_self\" rel=\"noopener\" title=\"https:\/\/edition.cnn.com\/2025\/05\/13\/politics\/biden-book-wheelchair-age\">utiliser un fauteuil roulant<\/a>, proposition imm\u00e9diatement rejet\u00e9e par son cercle politique, qui a jug\u00e9 \u00ab\u00a0intenable de faire campagne en fauteuil\u00a0\u00bb.<\/p>\n<p class=\"paragraph article-body-paragraph article__item   \">Pour de nombreux \u00e9v\u00e9nements, si des aides m\u00e9dicaux marchent aux c\u00f4t\u00e9s de Joe Biden, c\u2019est non seulement pour que les probl\u00e8mes de marche de ce dernier soient moins visibles, mais aussi pour le rattraper en cas de chute, r\u00e9v\u00e8le le livre. \u00ab\u00a0Ce que le public voyait de son \u00e9tat \u00e9tait pr\u00e9occupant. Mais ce qui se passait en priv\u00e9 \u00e9tait pire\u00a0\u00bb, \u00e9crivent les auteurs.<\/p>\n<p>Un agenda all\u00e9g\u00e9 et des discours int\u00e9gralement \u00e9crits pour lui<\/p>\n<p class=\"paragraph article-body-paragraph article__item   \">Pour m\u00e9nager le pr\u00e9sident-candidat, son entourage proche \u00e9crivait pour lui l\u2019ensemble de ses d\u00e9clarations, y compris pour les briefings non ouverts \u00e0 la presse, peut-on lire dans le livre. \u00ab\u00a0Tout est devenu plus court, le vocabulaire s\u2019est r\u00e9tr\u00e9ci\u00a0\u00bb, notent les auteurs.<\/p>\n<p><strong class=\"article-body-link-list__item text-gray-800 article-body-link-list__item--one-item\">LIRE AUSSI : <a class=\"article-body-link-list__item-link\" href=\"https:\/\/www.lexpress.fr\/idees-et-debats\/ne-mettez-pas-mon-nom-je-dois-faire-profil-bas-le-maccarthysme-version-trump-raconte-de-linterieur-GR53JV3P6BC37CEHSRAHXOB4AE\/\" target=\"_blank\" rel=\"noreferrer noopener\">\u00ab\u00a0Ne mettez pas mon nom, je dois faire profil bas\u00a0\u00bb : le maccarthysme version Trump racont\u00e9 de l\u2019int\u00e9rieur<\/a><\/strong><\/p>\n<p class=\"paragraph article-body-paragraph article__item   \">Quant aux journ\u00e9es de travail de Biden, elles \u00e9taient <a href=\"https:\/\/www.washingtonpost.com\/books\/2025\/05\/14\/original-sin-joe-biden-jake-tapper-alex-thompson-review\/\" target=\"_self\" rel=\"noopener\" title=\"https:\/\/www.washingtonpost.com\/books\/2025\/05\/14\/original-sin-joe-biden-jake-tapper-alex-thompson-review\/\">largement all\u00e9g\u00e9es<\/a>, avec des rendez-vous concentr\u00e9s uniquement entre 10h et 16h et des temps allou\u00e9s aux siestes. L\u2019enqu\u00eate d\u00e9voile aussi que le pr\u00e9sident aurait dormi pendant une journ\u00e9e enti\u00e8re \u00e0 Camp David, \u00e0 la veille de la pr\u00e9paration d\u2019un d\u00e9bat crucial avec Donald Trump.<\/p>\n<p>Jill Biden a pouss\u00e9 son mari \u00e0 se repr\u00e9senter malgr\u00e9 les r\u00e9serves m\u00e9dicales<\/p>\n<p class=\"paragraph article-body-paragraph article__item   \">Tr\u00e8s pr\u00e9sente pendant la campagne pr\u00e9sidentielle, <a href=\"https:\/\/www.washingtonpost.com\/opinions\/2025\/05\/18\/biden-president-campaign-failing-health\/\" target=\"_self\" rel=\"noopener\" title=\"https:\/\/www.washingtonpost.com\/opinions\/2025\/05\/18\/biden-president-campaign-failing-health\/\">la femme de Joe Biden<\/a> l\u2019aurait encourag\u00e9 \u00e0 se repr\u00e9senter en d\u00e9pit des r\u00e9ticences des m\u00e9decins. Le livre fait \u00e9tat d\u2019une \u00e9pouse devenue de plus en plus impliqu\u00e9e en politique aux c\u00f4t\u00e9s de son mari \u00e0 mesure que ce dernier vieillissait.<\/p>\n<p class=\"paragraph article-body-paragraph article__item   \">D\u2019abord hostile \u00e0 l\u2019id\u00e9e d\u2019\u00eatre une \u00e9pouse pr\u00e9sidentielle, Jill Biden serait devenue beaucoup plus enthousiaste avec le temps, et aurait vivement souhait\u00e9 que son mari brigue un second mandat.<\/p>\n<p>Le cercle proche de Joe Biden a cach\u00e9 la v\u00e9rit\u00e9 \u00e0 son cercle plus \u00e9loign\u00e9<\/p>\n<p class=\"paragraph article-body-paragraph article__item   \">Au sein du camp d\u00e9mocrate, son cercle proche est d\u00e9crit dans le livre comme <a href=\"https:\/\/time.com\/7286591\/biden-cancer-original-sin-alex-thompson\/\" target=\"_self\" rel=\"noopener\" title=\"https:\/\/time.com\/7286591\/biden-cancer-original-sin-alex-thompson\/\">un v\u00e9ritable \u00ab\u00a0politburo\u00a0\u00bb<\/a>, ayant cherch\u00e9 \u00e0 pr\u00e9server une grande partie des moins proches collaborateurs du pr\u00e9sident de la v\u00e9rit\u00e9. \u00ab\u00a0Nous avons essay\u00e9 de le prot\u00e9ger de son propre personnel, de sorte que beaucoup de gens n\u2019ont pas r\u00e9alis\u00e9 l\u2019ampleur du d\u00e9clin \u00e0 partir de 2023\u00a0\u00bb, confie ainsi un anonyme.<\/p>\n<p><strong class=\"article-body-link-list__item text-gray-800 article-body-link-list__item--one-item\">LIRE AUSSI : <a class=\"article-body-link-list__item-link\" href=\"https:\/\/www.lexpress.fr\/monde\/amerique\/un-livre-choc-sur-la-sante-de-biden-rappelle-de-mauvais-souvenirs-aux-democrates-en-quete-de-TXS7GCOPRRHNTKQQVG3LTQ3EVE\/\" target=\"_blank\" rel=\"noreferrer noopener\">Un livre choc sur la sant\u00e9 de Biden rappelle de mauvais souvenirs aux d\u00e9mocrates en qu\u00eate de changement<\/a><\/strong><\/p>\n<p class=\"paragraph article-body-paragraph article__item   \">Encore aujourd\u2019hui, rares sont les soutiens de Biden \u00e0 accepter de parler <a href=\"https:\/\/www.nytimes.com\/2025\/05\/13\/us\/politics\/biden-book-takeaways.html\" target=\"_self\" rel=\"noopener\" title=\"https:\/\/www.nytimes.com\/2025\/05\/13\/us\/politics\/biden-book-takeaways.html\">sans couvert de l\u2019anonymat<\/a>, souligne le livre, qui y voit la preuve \u00e0 la fois d\u2019une peur d\u2019\u00e9ventuelles retomb\u00e9es, mais aussi de leur mauvaise conscience d\u2019avoir laiss\u00e9 se repr\u00e9senter un candidat manifestement diminu\u00e9.<\/p>\n<p class=\"paragraph article-body-paragraph article__item   \">\u00ab\u00a0Aucun d\u00e9mocrate de la Maison-Blanche ou dirigeant du Capitole n\u2019a \u00e9mis de doutes, que ce soit en priv\u00e9 avec le pr\u00e9sident ou en public, sur la seconde candidature de Joe Biden\u00a0\u00bb, \u00e9crivent les auteurs.<\/p>\n<p>\u00ab\u00a0Joe Biden a tout foutu en l\u2019air\u00a0\u00bb, dit l\u2019ancien grand conseiller d\u2019Obama<\/p>\n<p class=\"paragraph article-body-paragraph article__item   \">Seule exception \u00e0 la r\u00e8gle, l\u2019ancien secr\u00e9taire d\u2019Etat Antony Blinken aurait demand\u00e9 \u00e0 Joe Biden s\u2019il se sentait vraiment pr\u00eat \u00e0 briguer un second mandat. Ce \u00e0 quoi l\u2019ancien pr\u00e9sident lui aurait r\u00e9torqu\u00e9 : \u00ab\u00a0Je vais bien.\u00a0\u00bb Mais le livre d\u00e9crit un Joe Biden, une Jill Biden et un entourage proche \u00ab\u00a0qui n\u2019ont pas su cr\u00e9er une culture o\u00f9 la discorde \u00e9tait la bienvenue\u00a0\u00bb.<\/p>\n<p class=\"paragraph article-body-paragraph article__item   \">Rare proche de Biden \u00e0 avoir accept\u00e9 de t\u00e9moigner sous son vrai nom, David Plouffe, <a href=\"https:\/\/nymag.com\/intelligencer\/article\/biden-book-original-sin-revelations-reporting.html\" target=\"_self\" rel=\"noopener\" title=\"https:\/\/nymag.com\/intelligencer\/article\/biden-book-original-sin-revelations-reporting.html\">ancien haut conseiller du pr\u00e9sident Obama, y d\u00e9clare<\/a> : \u00ab\u00a0En d\u00e9cidant de se repr\u00e9senter et en attendant plus de trois semaines apr\u00e8s le d\u00e9bat avec Trump pour se retirer, Biden nous a compl\u00e8tement bais\u00e9s.\u00a0\u00bb<\/p>\n<p>Joe Biden oubliait les pr\u00e9noms de vieilles connaissances ou les confondait<\/p>\n<p class=\"paragraph article-body-paragraph article__item   \">Joe Biden aurait aussi oubli\u00e9 les pr\u00e9noms de personnes qu\u2019il connaissait depuis des ann\u00e9es. A commencer par <a href=\"https:\/\/www.newyorker.com\/news\/the-political-scene\/how-joe-biden-handed-the-presidency-to-donald-trump\" target=\"_self\" rel=\"noopener\" title=\"https:\/\/www.newyorker.com\/news\/the-political-scene\/how-joe-biden-handed-the-presidency-to-donald-trump\">George Clooney<\/a>, donateur lors de la campagne de Biden, qui en fut tellement contrari\u00e9 qu\u2019il publia un \u00e9dito dans les colonnes du New York Times pour sommer le pr\u00e9sident de se retirer de la campagne. Selon Clooney, qui se confie dans le livre, \u00ab\u00a0les d\u00e9mocrates ont tromp\u00e9 le pays sur les capacit\u00e9s de Biden et c\u2019est comme \u00e7a que Trump a gagn\u00e9\u00a0\u00bb.<\/p>\n<p><strong class=\"article-body-link-list__item text-gray-800 article-body-link-list__item--one-item\">LIRE AUSSI : <a class=\"article-body-link-list__item-link\" href=\"https:\/\/www.lexpress.fr\/idees-et-debats\/johan-norberg-les-etats-unis-de-trump-montrent-des-signes-inquietants-dune-civilisation-sur-le-DYPQSY74QNDAZH3VGO3OPNBXUA\/\" target=\"_blank\" rel=\"noreferrer noopener\">Johan Norberg : \u00ab\u00a0Les Etats-Unis de Trump montrent des signes inqui\u00e9tants d\u2019une civilisation sur le d\u00e9clin\u00a0\u00bb<\/a><\/strong><\/p>\n<p class=\"paragraph article-body-paragraph article__item   \">L\u2019ancien pr\u00e9sident am\u00e9ricain aurait aussi oubli\u00e9 le nom de Jake Sullivan, son conseiller \u00e0 la s\u00e9curit\u00e9 nationale ou de Kate Bedingfield, alors directrice de la communication de la Maison-Blanche. Il a \u00e9galement confondu l\u2019Alabama avec le Texas, lors d\u2019une r\u00e9union sur le droit \u00e0 l\u2019avortement.<\/p>\n<p>Beaucoup de d\u00e9mocrates bl\u00e2ment Joe Biden pour la d\u00e9faite de Kamala Harris<\/p>\n<p class=\"paragraph article-body-paragraph article__item   \">Autre r\u00e9v\u00e9lation du livre : de nombreux d\u00e9mocrates haut plac\u00e9s bl\u00e2ment Joe Biden pour la d\u00e9faite de Kamala Harris face \u00e0 Donald Trump. Joe Biden qui ne voulait d\u2019ailleurs pas \u00eatre remplac\u00e9 par Kamala Harris mais pr\u00e9f\u00e9rait la gouverneure du Michigan Gretchen Whitmer, plus en phase selon lui avec sa ligne politique.<\/p>\n<p class=\"paragraph article-body-paragraph article__item   \">De son c\u00f4t\u00e9, Kamala Harris a \u00e9t\u00e9 la premi\u00e8re \u00e0 se positionner en d\u00e9fenseure de l\u2019\u00e9tat de sant\u00e9 de Joe Biden et a fait plusieurs d\u00e9clarations pour rassurer sur son \u00e9tat de sant\u00e9. \u00ab\u00a0Il est compl\u00e8tement dans le coup\u00a0\u00bb, avait notamment d\u00e9clar\u00e9 la candidate.<\/p>\n<p class=\"paragraph article-body-paragraph article__item    article__text__endpicto\">Alors que Joe Biden a quitt\u00e9 ses fonctions avec <a href=\"https:\/\/www.theguardian.com\/news\/ng-interactive\/2025\/may\/18\/biden-book-health-original-sin\" target=\"_self\" rel=\"noopener\" title=\"https:\/\/www.theguardian.com\/news\/ng-interactive\/2025\/may\/18\/biden-book-health-original-sin\">une cote de popularit\u00e9 \u00e0 seulement 36 %<\/a>, d\u2019apr\u00e8s un sondage de CNN, et est largement critiqu\u00e9 pour avoir laiss\u00e9 galoper l\u2019inflation et sa connivence avec Benyamin Netanyahou sur la guerre \u00e0 Gaza, ce livre pourrait ab\u00eemer un peu plus un camp d\u00e9mocrate d\u00e9j\u00e0 \u00e9branl\u00e9 par la d\u00e9faite de Kamala Harris.<\/p>\n","protected":false},"excerpt":{"rendered":"Ce livre n\u2019a pas fini de faire parler de lui et d\u00e9cha\u00eene d\u00e9j\u00e0 la presse am\u00e9ricaine. Mais s\u2019il&hellip;\n","protected":false},"author":2,"featured_media":114771,"comment_status":"","ping_status":"","sticky":false,"template":"","format":"standard","meta":{"footnotes":""},"categories":[1357],"tags":[782,1379,58,59,1011,27,1380,74],"class_list":{"0":"post-114770","1":"post","2":"type-post","3":"status-publish","4":"format-standard","5":"has-post-thumbnail","7":"category-livres","8":"tag-ameriques","9":"tag-books","10":"tag-divertissement","11":"tag-entertainment","12":"tag-fr","13":"tag-france","14":"tag-livres","15":"tag-monde"},"share_on_mastodon":{"url":"https:\/\/pubeurope.com\/@fr\/114541206100322358","error":""},"_links":{"self":[{"href":"https:\/\/www.europesays.com\/fr\/wp-json\/wp\/v2\/posts\/114770","targetHints":{"allow":["GET"]}}],"collection":[{"href":"https:\/\/www.europesays.com\/fr\/wp-json\/wp\/v2\/posts"}],"about":[{"href":"https:\/\/www.europesays.com\/fr\/wp-json\/wp\/v2\/types\/post"}],"author":[{"embeddable":true,"href":"https:\/\/www.europesays.com\/fr\/wp-json\/wp\/v2\/users\/2"}],"replies":[{"embeddable":true,"href":"https:\/\/www.europesays.com\/fr\/wp-json\/wp\/v2\/comments?post=114770"}],"version-history":[{"count":0,"href":"https:\/\/www.europesays.com\/fr\/wp-json\/wp\/v2\/posts\/114770\/revisions"}],"wp:featuredmedia":[{"embeddable":true,"href":"https:\/\/www.europesays.com\/fr\/wp-json\/wp\/v2\/media\/114771"}],"wp:attachment":[{"href":"https:\/\/www.europesays.com\/fr\/wp-json\/wp\/v2\/media?parent=114770"}],"wp:term":[{"taxonomy":"category","embeddable":true,"href":"https:\/\/www.europesays.com\/fr\/wp-json\/wp\/v2\/categories?post=114770"},{"taxonomy":"post_tag","embeddable":true,"href":"https:\/\/www.europesays.com\/fr\/wp-json\/wp\/v2\/tags?post=114770"}],"curies":[{"name":"wp","href":"https:\/\/api.w.org\/{rel}","templated":true}]}}