{"id":114778,"date":"2025-05-20T16:57:09","date_gmt":"2025-05-20T16:57:09","guid":{"rendered":"https:\/\/www.europesays.com\/fr\/114778\/"},"modified":"2025-05-20T16:57:09","modified_gmt":"2025-05-20T16:57:09","slug":"a-15-ans-il-souffre-dun-melanome-avance-le-medecin-confond-le-premier-signe-de-son-cancer-avec-un-symptome-de-puberte","status":"publish","type":"post","link":"https:\/\/www.europesays.com\/fr\/114778\/","title":{"rendered":"\u00c0 15 ans, il souffre d&rsquo;un m\u00e9lanome avanc\u00e9, le m\u00e9decin confond le premier signe de son cancer avec un sympt\u00f4me de pubert\u00e9"},"content":{"rendered":"<p>D&rsquo;apr\u00e8s les chiffres de l&rsquo;Institut national du Cancer (InCa), 17 922 nouveaux cas de m\u00e9lanome ont \u00e9t\u00e9 comptabilis\u00e9s en France pour l&rsquo;ann\u00e9e 2023. <a data-i13n=\"cpos:1;pos:1\" href=\"https:\/\/www.today.com\/health\/disease\/boy-15-melanoma-says-doctors-dismissed-early-symptom-sign-puberty-rcna207285\" rel=\"nofollow noopener\" target=\"_blank\" data-ylk=\"slk:Le site Today;cpos:1;pos:1;elm:context_link;itc:0;sec:content-canvas\" class=\"link \">Le site Today <\/a>revient sur l&rsquo;histoire d&rsquo;un gar\u00e7on de 15 ans atteint d&rsquo;un m\u00e9lanome avanc\u00e9. En 2020, avant un tournoi de lutte, Samuel Gee est alert\u00e9 lors d&rsquo;un examen cutan\u00e9 de la pr\u00e9sence d&rsquo;une tache sur sa peau.<\/p>\n<p>L&rsquo;adolescent consulte alors un dermatologue qui lui apprend que le grain de beaut\u00e9 est canc\u00e9reux et qu&rsquo;il souffre d&rsquo;un m\u00e9lanome de stade 3. G\u00e9n\u00e9ralement, l&rsquo;\u00e2ge moyen des patients au moment de la d\u00e9couverte de ce cancer est de 56 ans. Depuis 30 ans, le nombre de m\u00e9lanomes a \u00e9t\u00e9 multipli\u00e9 par 5 rappelle <a data-i13n=\"cpos:2;pos:1\" href=\"https:\/\/www.ameli.fr\/gard\/assure\/sante\/themes\/melanome\/definition-facteurs-favorisants\" rel=\"nofollow noopener\" target=\"_blank\" data-ylk=\"slk:l&#039;Assurance maladie.;cpos:2;pos:1;elm:context_link;itc:0;sec:content-canvas\" class=\"link \">l&rsquo;Assurance maladie.<\/a><\/p>\n<p><strong>LIRE AUSSI &gt;&gt; <\/strong><a data-i13n=\"cpos:3;pos:1\" href=\"https:\/\/fr.news.yahoo.com\/cancer-peau-train-dermatologue-conseille-verifier-tache-084651189.html\" data-ylk=\"slk:Cancer de la peau : dans un train, un dermatologue lui conseille de faire v\u00e9rifier une tache... et lui sauve la vie;cpos:3;pos:1;elm:context_link;itc:0;sec:content-canvas;outcm:mb_qualified_link;_E:mb_qualified_link;ct:story;\" class=\"link  yahoo-link\" rel=\"nofollow noopener\" target=\"_blank\"><strong>Cancer de la peau : dans un train, un dermatologue lui conseille de faire v\u00e9rifier une tache&#8230; et lui sauve la vie<\/strong><\/a><\/p>\n<p>Samuel Gee se souvient avoir toujours eu cette marque sur son dos mais qu&rsquo;elle a chang\u00e9 d&rsquo;apparence dans les mois pr\u00e9c\u00e9dents le tournoi de lutte. \u00ab\u00a0On aurait dit qu&rsquo;elle se dess\u00e9chait. J&rsquo;avais ce grain de beaut\u00e9 depuis mon plus jeune \u00e2ge, mais au fil des ans, il a progressivement grossi.\u00a0\u00bb Un mois avant le tournoi, il remarque une bosse enfl\u00e9e sur le haut de sa jambe droite et pense \u00e0 une hernie inguinale. Il consulte alors un chirurgien : \u00ab\u00a0Il m&rsquo;a dit : &lsquo;Ce n&rsquo;est pas une hernie inguinale, mais probablement un ganglion enfl\u00e9&rsquo;. Il m&rsquo;a r\u00e9pondu : &lsquo;C&rsquo;est juste d\u00fb \u00e0 la pubert\u00e9. \u2026 Revenez dans quelques semaines si \u00e7a n&rsquo;a pas disparu'\u00a0\u00bb.<\/p>\n<p>Des effets secondaires du traitement<\/p>\n<p>Finalement, un m\u00e9decin r\u00e9alise une biopsie qui confirme que le m\u00e9lanome s&rsquo;est propag\u00e9 localement, provoquant un gonflement du ganglion lymphatique de sa jambe. L&rsquo;adolescent d\u00e9bute alors une immunoth\u00e9rapie. \u00ab\u00a0Je me sentais un peu fatigu\u00e9. J&rsquo;avais des naus\u00e9es. C&rsquo;\u00e9tait un ph\u00e9nom\u00e8ne quotidien. Certains jours, je me sentais en pleine forme. D&rsquo;autres jours, j&rsquo;avais envie de vomir ou j&rsquo;\u00e9tais vraiment fatigu\u00e9.\u00a0\u00bb<\/p>\n<p><strong>LIRE AUSSI &gt;&gt; <\/strong><a data-i13n=\"cpos:4;pos:1\" href=\"https:\/\/fr.news.yahoo.com\/ce-changement-a-peine-perceptible-sur-longle-de-son-orteil-etait-en-realite-le-signe-du-cancer-de-la-peau-le-plus-mortel-092020598.html\" data-ylk=\"slk:Ce changement \u00e0 peine perceptible sur l\u2019ongle de son orteil \u00e9tait en r\u00e9alit\u00e9 le signe du cancer de la peau le plus mortel;cpos:4;pos:1;elm:context_link;itc:0;sec:content-canvas;outcm:mb_qualified_link;_E:mb_qualified_link;ct:story;\" class=\"link  yahoo-link\" rel=\"nofollow noopener\" target=\"_blank\"><strong>Ce changement \u00e0 peine perceptible sur l\u2019ongle de son orteil \u00e9tait en r\u00e9alit\u00e9 le signe du cancer de la peau le plus mortel<\/strong><\/a><\/p>\n<p>En janvier 2021, il subit une intervention chirurgicale et se fait retirer le m\u00e9lanome et les ganglions lymphatiques. Aujourd&rsquo;hui, le jeune homme \u00e2g\u00e9 de 19 ans a pris conscience de la n\u00e9cessit\u00e9 de s&rsquo;appliquer de la cr\u00e8me solaire pour prot\u00e9ger sa peau : \u00ab\u00a0Je suis \u00e0 fond sur la cr\u00e8me solaire maintenant. J&rsquo;esp\u00e8re que les gens commenceront \u00e0 en mettre\u2026 C&rsquo;est vraiment ce que je veux dire : il faut mettre de la cr\u00e8me solaire, ne pas bronzer volontairement. (&#8230;) J&rsquo;ai une nouvelle perspective sur la vie. Il est tr\u00e8s important de prendre soin de soi, et je pense que beaucoup de jeunes n\u00e9gligent cela\u00a0\u00bb.<\/p>\n","protected":false},"excerpt":{"rendered":"D&rsquo;apr\u00e8s les chiffres de l&rsquo;Institut national du Cancer (InCa), 17 922 nouveaux cas de m\u00e9lanome ont \u00e9t\u00e9 comptabilis\u00e9s&hellip;\n","protected":false},"author":2,"featured_media":114779,"comment_status":"","ping_status":"","sticky":false,"template":"","format":"standard","meta":{"footnotes":""},"categories":[10],"tags":[23494,1011,27,23497,23495,72,23496,23493,71],"class_list":{"0":"post-114778","1":"post","2":"type-post","3":"status-publish","4":"format-standard","5":"has-post-thumbnail","7":"category-sante","8":"tag-cancer-de-la-peau","9":"tag-fr","10":"tag-france","11":"tag-ganglion-lymphatique","12":"tag-grain-de-beaute","13":"tag-health","14":"tag-melanome","15":"tag-samuel-gee","16":"tag-sante"},"share_on_mastodon":{"url":"https:\/\/pubeurope.com\/@fr\/114541221896239984","error":""},"_links":{"self":[{"href":"https:\/\/www.europesays.com\/fr\/wp-json\/wp\/v2\/posts\/114778","targetHints":{"allow":["GET"]}}],"collection":[{"href":"https:\/\/www.europesays.com\/fr\/wp-json\/wp\/v2\/posts"}],"about":[{"href":"https:\/\/www.europesays.com\/fr\/wp-json\/wp\/v2\/types\/post"}],"author":[{"embeddable":true,"href":"https:\/\/www.europesays.com\/fr\/wp-json\/wp\/v2\/users\/2"}],"replies":[{"embeddable":true,"href":"https:\/\/www.europesays.com\/fr\/wp-json\/wp\/v2\/comments?post=114778"}],"version-history":[{"count":0,"href":"https:\/\/www.europesays.com\/fr\/wp-json\/wp\/v2\/posts\/114778\/revisions"}],"wp:featuredmedia":[{"embeddable":true,"href":"https:\/\/www.europesays.com\/fr\/wp-json\/wp\/v2\/media\/114779"}],"wp:attachment":[{"href":"https:\/\/www.europesays.com\/fr\/wp-json\/wp\/v2\/media?parent=114778"}],"wp:term":[{"taxonomy":"category","embeddable":true,"href":"https:\/\/www.europesays.com\/fr\/wp-json\/wp\/v2\/categories?post=114778"},{"taxonomy":"post_tag","embeddable":true,"href":"https:\/\/www.europesays.com\/fr\/wp-json\/wp\/v2\/tags?post=114778"}],"curies":[{"name":"wp","href":"https:\/\/api.w.org\/{rel}","templated":true}]}}