{"id":114782,"date":"2025-05-20T16:59:08","date_gmt":"2025-05-20T16:59:08","guid":{"rendered":"https:\/\/www.europesays.com\/fr\/114782\/"},"modified":"2025-05-20T16:59:08","modified_gmt":"2025-05-20T16:59:08","slug":"une-semaine-a-cannes-en-huit-films-coups-de-foudre-liberation","status":"publish","type":"post","link":"https:\/\/www.europesays.com\/fr\/114782\/","title":{"rendered":"Une semaine \u00e0 Cannes en huit films coups de foudre \u2013 Lib\u00e9ration"},"content":{"rendered":"<p class=\"sc-ksZaOG ehjQrN text-element\">Transe apocalyptique dans le d\u00e9sert marocain (Sirat), l\u2019horreur de la guerre \u00e0 Gaza dans les yeux de Fatma Hassouna (Put Your Soul on Your Hand and Walk) ou carnaval sanglant \u00e0 Recife \u00e0 l\u2019\u00e9poque de la dictature militaire (l\u2019Agent secret)\u2026 Lib\u00e9 fait un point sur ses coups de c\u0153ur \u00e0 mi-parcours du Festival (bien qu\u2019on ne soit plus s\u00fbrs d\u2019arriver \u00e0 compter les jours correctement).<\/p>\n<p class=\"sc-ksZaOG ehjQrN text-element\">Virtuose, le thriller de Kleber Mendon\u00e7a Filho (comp\u00e8te) sur un universitaire poursuivi par la dictature br\u00e9silienne dans les ann\u00e9es 70 est tr\u00e8s politique, brutal et joyeux. <a href=\"https:\/\/www.liberation.fr\/culture\/cinema\/cannes-2025-lagent-secret-de-kleber-mendonca-filho-carnaval-de-brio-20250518_T4BI6EFR2JDGTP3LQJ3JKSLQ4A\/\" target=\"_blank\" rel=\"noreferrer noopener\" title=\"https:\/\/www.liberation.fr\/culture\/cinema\/cannes-2025-lagent-secret-de-kleber-mendonca-filho-carnaval-de-brio-20250518_T4BI6EFR2JDGTP3LQJ3JKSLQ4A\/\">Notre critique.<\/a><\/p>\n<p class=\"sc-ksZaOG ehjQrN text-element\">Dans un film s\u00e9lectionn\u00e9 \u00e0 l\u2019Acid, l\u2019Iranienne Sepideh Farsi documente l\u2019horreur de la guerre \u00e0 Gaza \u00e0 travers le regard de la photographe Fatma Hassouna, tu\u00e9e par l\u2019arm\u00e9e isra\u00e9lienne mi-avril. <a href=\"https:\/\/www.liberation.fr\/culture\/cinema\/cannes-2025-put-your-soul-on-your-hand-and-walk-remue-ciel-et-terreur-20250515_4ME74EMTDNDPPEXJXJGWYRYZ3I\/\" target=\"_blank\" rel=\"noreferrer noopener\" title=\"https:\/\/www.liberation.fr\/culture\/cinema\/cannes-2025-put-your-soul-on-your-hand-and-walk-remue-ciel-et-terreur-20250515_4ME74EMTDNDPPEXJXJGWYRYZ3I\/\">Notre critique.<\/a><\/p>\n<p class=\"sc-ksZaOG ehjQrN text-element\">Dans le touchant premier long m\u00e9trage de Pauline Loqu\u00e8s (Semaine de la critique), un jeune homme apprend \u00eatre atteint d\u2019un cancer de la gorge mais ne parvient pas \u00e0 en parler \u00e0 ses proches. <a href=\"https:\/\/www.liberation.fr\/culture\/cinema\/cannes-2025-nino-trouve-les-mots-pour-le-pire-20250519_IMFLI56EKNFUHPBADHEYK5GLCI\/\" target=\"_blank\" rel=\"noreferrer noopener\" title=\"https:\/\/www.liberation.fr\/culture\/cinema\/cannes-2025-nino-trouve-les-mots-pour-le-pire-20250519_IMFLI56EKNFUHPBADHEYK5GLCI\/\">Notre critique.<\/a><\/p>\n<p class=\"sc-ksZaOG ehjQrN text-element\">L\u2019Espagnol Oliver Laxe (comp\u00e8te) plonge un p\u00e8re et son jeune fils au c\u0153ur d\u2019une free party au beau milieu des sables, dans un p\u00e9riple tripant \u00e0 la recherche de sa fille disparue. Coup de foudre. <a href=\"https:\/\/www.liberation.fr\/culture\/cinema\/cannes-2025-sirat-la-fete-infinie-20250515_WJKPEYV72RF5JFSAEB2LFBHOAA\/\" target=\"_blank\" rel=\"noreferrer noopener\" title=\"https:\/\/www.liberation.fr\/culture\/cinema\/cannes-2025-sirat-la-fete-infinie-20250515_WJKPEYV72RF5JFSAEB2LFBHOAA\/\">Notre critique.<\/a><\/p>\n<p class=\"sc-ksZaOG ehjQrN text-element\">A travers une enqu\u00eate de l\u2019IGPN sur un cas de violences polici\u00e8res pendant les gilets jaunes, le long m\u00e9trage de Dominik Moll (s\u00e9lectionn\u00e9 en comp\u00e9tition) noue un polar social ample et intelligent. <a href=\"https:\/\/www.liberation.fr\/culture\/cinema\/cannes-2025-dossier-137-police-secousses-20250515_LGVCXW66LREPLFHPQOHFPABD2E\/\" target=\"_blank\" rel=\"noreferrer noopener\" title=\"https:\/\/www.liberation.fr\/culture\/cinema\/cannes-2025-dossier-137-police-secousses-20250515_LGVCXW66LREPLFHPQOHFPABD2E\/\">Notre critique.<\/a><\/p>\n<p class=\"sc-ksZaOG ehjQrN text-element\">Tout en finesse et en ambigu\u00eft\u00e9s, le long m\u00e9trage posthume de Laurent Cantet (Quinzaine des cin\u00e9astes), r\u00e9alis\u00e9 par son ami Robin Campillo, suit l\u2019\u00e9mancipation d\u2019un adolescent de bonne famille qui se r\u00eave ouvrier. <a href=\"https:\/\/www.liberation.fr\/culture\/cinema\/cannes-2025-enzo-transfuge-de-grace-20250514_WON5MUPLBBDATHK6KGDHXTIHXI\/\" target=\"_blank\" rel=\"noreferrer noopener\" title=\"https:\/\/www.liberation.fr\/culture\/cinema\/cannes-2025-enzo-transfuge-de-grace-20250514_WON5MUPLBBDATHK6KGDHXTIHXI\/\">Notre critique.<\/a><\/p>\n<p class=\"sc-ksZaOG ehjQrN text-element\">Le film-fleuve de Pedro Pinho (Un certain regard), sur un ing\u00e9nieur portugais venu faire une \u00e9tude environnementale en Guin\u00e9e-Bissau, glisse dans les m\u00e9andres des d\u00e9sirs et des incertitudes. <a href=\"https:\/\/www.liberation.fr\/culture\/cinema\/cannes-2025-le-rire-et-le-couteau-en-route-libre-20250518_ALZTCUMPDJCTRID3GQK7PZE334\/\" target=\"_blank\" rel=\"noreferrer noopener\" title=\"https:\/\/www.liberation.fr\/culture\/cinema\/cannes-2025-le-rire-et-le-couteau-en-route-libre-20250518_ALZTCUMPDJCTRID3GQK7PZE334\/\">Notre critique.<\/a><\/p>\n<p class=\"sc-ksZaOG ehjQrN text-element\">Profond\u00e9ment noir, le quatri\u00e8me long m\u00e9trage d\u2018Ari Aster (comp\u00e8te), avec Joaquin Phoenix et Pedro Pascal en course \u00e9lectorale dans leur bourgade, raconte avec hargne l\u2019Am\u00e9rique de 2020 rong\u00e9e par la violence. <a href=\"https:\/\/www.liberation.fr\/culture\/cinema\/cannes-2025-eddington-sherif-fais-nous-peur-20250516_4OFDFOOH7NGFNEN3LLERGRHUFE\/\" target=\"_blank\" rel=\"noreferrer noopener\" title=\"https:\/\/www.liberation.fr\/culture\/cinema\/cannes-2025-eddington-sherif-fais-nous-peur-20250516_4OFDFOOH7NGFNEN3LLERGRHUFE\/\">Notre critique<\/a>.<\/p>\n<p class=\"sc-ksZaOG ehjQrN text-element\"><b>Critiques, portraits, interviews\u2026 Suivez jour apr\u00e8s jour, toute l\u2019actu du Festival de Cannes avec les envoy\u00e9s sp\u00e9ciaux de \u00abLib\u00e9ration\u00bb.<\/b><\/p>\n","protected":false},"excerpt":{"rendered":"Transe apocalyptique dans le d\u00e9sert marocain (Sirat), l\u2019horreur de la guerre \u00e0 Gaza dans les yeux de Fatma&hellip;\n","protected":false},"author":2,"featured_media":114783,"comment_status":"","ping_status":"","sticky":false,"template":"","format":"standard","meta":{"footnotes":""},"categories":[8],"tags":[58,59,5634,1011,27],"class_list":{"0":"post-114782","1":"post","2":"type-post","3":"status-publish","4":"format-standard","5":"has-post-thumbnail","7":"category-divertissement","8":"tag-divertissement","9":"tag-entertainment","10":"tag-festival-de-cannes","11":"tag-fr","12":"tag-france"},"share_on_mastodon":{"url":"https:\/\/pubeurope.com\/@fr\/114541229786516535","error":""},"_links":{"self":[{"href":"https:\/\/www.europesays.com\/fr\/wp-json\/wp\/v2\/posts\/114782","targetHints":{"allow":["GET"]}}],"collection":[{"href":"https:\/\/www.europesays.com\/fr\/wp-json\/wp\/v2\/posts"}],"about":[{"href":"https:\/\/www.europesays.com\/fr\/wp-json\/wp\/v2\/types\/post"}],"author":[{"embeddable":true,"href":"https:\/\/www.europesays.com\/fr\/wp-json\/wp\/v2\/users\/2"}],"replies":[{"embeddable":true,"href":"https:\/\/www.europesays.com\/fr\/wp-json\/wp\/v2\/comments?post=114782"}],"version-history":[{"count":0,"href":"https:\/\/www.europesays.com\/fr\/wp-json\/wp\/v2\/posts\/114782\/revisions"}],"wp:featuredmedia":[{"embeddable":true,"href":"https:\/\/www.europesays.com\/fr\/wp-json\/wp\/v2\/media\/114783"}],"wp:attachment":[{"href":"https:\/\/www.europesays.com\/fr\/wp-json\/wp\/v2\/media?parent=114782"}],"wp:term":[{"taxonomy":"category","embeddable":true,"href":"https:\/\/www.europesays.com\/fr\/wp-json\/wp\/v2\/categories?post=114782"},{"taxonomy":"post_tag","embeddable":true,"href":"https:\/\/www.europesays.com\/fr\/wp-json\/wp\/v2\/tags?post=114782"}],"curies":[{"name":"wp","href":"https:\/\/api.w.org\/{rel}","templated":true}]}}