{"id":114788,"date":"2025-05-20T17:02:08","date_gmt":"2025-05-20T17:02:08","guid":{"rendered":"https:\/\/www.europesays.com\/fr\/114788\/"},"modified":"2025-05-20T17:02:08","modified_gmt":"2025-05-20T17:02:08","slug":"on-aimerait-voir-des-dirigeants-occidentaux-et-arabes-debarquer-comme-francois-mitterrand-a-sarajevo-liberation","status":"publish","type":"post","link":"https:\/\/www.europesays.com\/fr\/114788\/","title":{"rendered":"on aimerait voir des dirigeants occidentaux et arabes d\u00e9barquer comme Fran\u00e7ois Mitterrand \u00e0 Sarajevo \u2013 Lib\u00e9ration"},"content":{"rendered":"<p class=\"sc-ksZaOG ehjQrN text-element\">Face <a href=\"https:\/\/www.liberation.fr\/dossier\/gaza-l-escalade\/\" target=\"_blank\" rel=\"noopener\" title=\"https:\/\/www.liberation.fr\/dossier\/gaza-l-escalade\/\">au carnage qui a lieu \u00e0 Gaza<\/a> depuis plus d\u2019un an et demi, il y a longtemps que le gouvernement isra\u00e9lien a perdu la bataille de l\u2019opinion publique mondiale. Sans que les dirigeants des puissances occidentales et des pays arabes ne passent des paroles de d\u00e9nonciation aux actes. Autrement dit, sans qu\u2019ils agissent concr\u00e8tement pour se mettre en travers de Benyamin N\u00e9tanyahou et sa clique de ministres d\u2019extr\u00eame droite <a href=\"https:\/\/www.liberation.fr\/international\/moyen-orient\/face-au-naufrage-de-gaza-le-mot-genocide-fait-irruption-a-lonu-20250514_LZRPCG2FSNBGNAVEWLDG3LUC4M\/\" target=\"_blank\" rel=\"noopener\" title=\"https:\/\/www.liberation.fr\/international\/moyen-orient\/face-au-naufrage-de-gaza-le-mot-genocide-fait-irruption-a-lonu-20250514_LZRPCG2FSNBGNAVEWLDG3LUC4M\/\">aux intentions g\u00e9nocidaires<\/a> de plus en plus affirm\u00e9es. <a href=\"https:\/\/www.liberation.fr\/international\/moyen-orient\/guerre-a-gaza-macron-starmer-et-carney-denoncent-les-actions-scandaleuses-du-gouvernement-de-netanyahou-20250519_26P2ESCPYRAW7NNPUKVOLMKVAQ\/\" target=\"_blank\" rel=\"noopener\" title=\"https:\/\/www.liberation.fr\/international\/moyen-or&lt;\/p&gt;&lt;\/div&gt;&lt;\/article&gt;&lt;\/div&gt;&lt;div data-fusion-lazy-id=\" f0f8vgvlad832fw=\"\"><\/p>\n","protected":false},"excerpt":{"rendered":"Face au carnage qui a lieu \u00e0 Gaza depuis plus d\u2019un an et demi, il y a longtemps&hellip;\n","protected":false},"author":2,"featured_media":114789,"comment_status":"","ping_status":"","sticky":false,"template":"","format":"standard","meta":{"footnotes":""},"categories":[5],"tags":[11,1011,27,3517,14,3523,12,28],"class_list":{"0":"post-114788","1":"post","2":"type-post","3":"status-publish","4":"format-standard","5":"has-post-thumbnail","7":"category-international","8":"tag-actualites","9":"tag-fr","10":"tag-france","11":"tag-gaza-l-escalade","12":"tag-international","13":"tag-israel-palestine-conflit","14":"tag-news","15":"tag-world"},"share_on_mastodon":{"url":"https:\/\/pubeurope.com\/@fr\/114541241583044938","error":""},"_links":{"self":[{"href":"https:\/\/www.europesays.com\/fr\/wp-json\/wp\/v2\/posts\/114788","targetHints":{"allow":["GET"]}}],"collection":[{"href":"https:\/\/www.europesays.com\/fr\/wp-json\/wp\/v2\/posts"}],"about":[{"href":"https:\/\/www.europesays.com\/fr\/wp-json\/wp\/v2\/types\/post"}],"author":[{"embeddable":true,"href":"https:\/\/www.europesays.com\/fr\/wp-json\/wp\/v2\/users\/2"}],"replies":[{"embeddable":true,"href":"https:\/\/www.europesays.com\/fr\/wp-json\/wp\/v2\/comments?post=114788"}],"version-history":[{"count":0,"href":"https:\/\/www.europesays.com\/fr\/wp-json\/wp\/v2\/posts\/114788\/revisions"}],"wp:featuredmedia":[{"embeddable":true,"href":"https:\/\/www.europesays.com\/fr\/wp-json\/wp\/v2\/media\/114789"}],"wp:attachment":[{"href":"https:\/\/www.europesays.com\/fr\/wp-json\/wp\/v2\/media?parent=114788"}],"wp:term":[{"taxonomy":"category","embeddable":true,"href":"https:\/\/www.europesays.com\/fr\/wp-json\/wp\/v2\/categories?post=114788"},{"taxonomy":"post_tag","embeddable":true,"href":"https:\/\/www.europesays.com\/fr\/wp-json\/wp\/v2\/tags?post=114788"}],"curies":[{"name":"wp","href":"https:\/\/api.w.org\/{rel}","templated":true}]}}