{"id":1147899,"date":"2026-08-25T11:27:16","date_gmt":"2026-08-25T11:27:16","guid":{"rendered":"https:\/\/www.europesays.com\/fr\/1147899\/"},"modified":"2026-08-25T11:27:16","modified_gmt":"2026-08-25T11:27:16","slug":"benjamin-bonzi-quentin-halys-atp-250-winston-salem-deuxieme-tour-mardi-25-aout-2026-lequipe","status":"publish","type":"post","link":"https:\/\/www.europesays.com\/fr\/1147899\/","title":{"rendered":"Benjamin Bonzi &#8211; Quentin Halys, ATP 250, Winston Salem, Deuxi\u00e8me tour, Mardi 25 ao\u00fbt 2026 &#8211; L&#039;\u00c9quipe"},"content":{"rendered":"<ol>\n<li><a href=\"https:\/\/news.google.com\/rss\/articles\/CBMizgFBVV95cUxNRmVYU0hyMXFLZExSaU1MLVdGZTlxRDExQ1lhbGdOS0o1MEV0VE9Rc28wVXVXMkxsTURvcGNvQ1c2UkFUWF9RY2VsRTBvMUxlU1hVQmVGeDZfSlBSc3dyTXhwXzhQNmNkUm9naFdwUmhoQTFCMWdMWDNuR0k0OS05cU83Vno1ZVlFaHE4d3hIekJqRnNTLW5ST0ZLMVRMeldRN1VXZVc3N2Z0R3Uyanhua01jQUdDMVVpczJ2ZEFLemc0TEVUelZCSFJDd1psdw?oc=5\" target=\"_blank\" rel=\"nofollow noopener\">Benjamin Bonzi &#8211; Quentin Halys, ATP 250, Winston Salem, Deuxi\u00e8me tour, Mardi 25 ao\u00fbt 2026<\/a>&nbsp;&nbsp;L&rsquo;\u00c9quipe<\/li>\n<li><a href=\"https:\/\/news.google.com\/rss\/articles\/CBMiywFBVV95cUxPWDFFSVh5ZWJHZzBQMmluc2RoNExuR2RvcXQtV0Z0SUt3TnFVbU5PcHpnbkxvazNhNVI3aXJXdllFa0RvbmJ5VVo3NmtJTVo2b01oT1RWZV84SDFNMkhrbUsydkFuYndRZkpzZWR4ckFpRXdzOVBJUTBZU0gyOElGNUZ2a2ZvcmtNRUxoN2tBbjFYWTk5RFM3ajFPeXFOWGtYUE5MdUZYQ0JzY3BDYVJmUjdQQUt3VlVOeFZadmRRWl9xdHoxbzlRUERiUQ?oc=5\" target=\"_blank\" rel=\"nofollow noopener\">Benjamin Bonzi passe le premier tour \u00e0 Winston Salem, Pierre-Hughes Herbert \u00e9limin\u00e9<\/a>&nbsp;&nbsp;L&rsquo;\u00c9quipe<\/li>\n<li><a href=\"https:\/\/news.google.com\/rss\/articles\/CBMiqAFBVV95cUxNOElGS2JENUFGeVBDVEFWbV9pNi1TRXJvckFoVzZkZmpMVnFaNXZ3X2UtYTVmLVN3cmZ6VDJwMzBxRTBCaWVqZTlVUHZIMEJvZDdINWpkLS1jeXhlUFV6My1ia3gzdTcyM0MxZEVGT3dLbG8yNFFtVmJjTzlfUXlKemd6czBqSGRuOVZXUTFwOXVNQ0pEczNnMlNLMWY4T255TmhSSXlFQXDSAacBQVVfeXFMUExhSGpKdHVnOXUxSWlBV0Y2bWJOSkViSThqbFhmYUdqeEJ4VF9IYmpoMDBoY2lYbWRGc0NaUWYtdW1FNFJ1WXo2UWxRcEpYNE1uaHBCRzVveDdZcnJkbDE0OHVlU0ZtWGd4RlMwTHlUenFtb3hBSTBiejlSMFRSTXp0YklxcnozTTBWclFGWWJPeVVseXFWSFFQS1VwR0lXeG96NVlnZnc?oc=5\" target=\"_blank\" rel=\"nofollow noopener\">ATP &#8211; Winston Salem : Bonzi d\u00e9bute bien : Sports &#8211; Orange<\/a>&nbsp;&nbsp;Sports &#8211; Orange<\/li>\n<li><a href=\"https:\/\/news.google.com\/rss\/articles\/CBMiggFBVV95cUxNTVNNX1JvZWljTHVQX01PVi0wVEVLc3J1RDY0X1FEeGJSaWc0VjRRSEE1N3dWc3g0Y3UtUEVDbnRoaVVLM1ZRRDd2VEw2eWdQd2hFOGpUTEtSWWlrMHVWRS05V29kdk5TbmozWE5mQ0ZpSXRTQ3k4S1IxaVZLTWNKZk53?oc=5\" target=\"_blank\" rel=\"nofollow noopener\">Pronostic Benjamin Bonzi &#8211; Quentin Halys, ATP Winston-Salem &#8211; 25\/08\/2026<\/a>&nbsp;&nbsp;SportyTrader<\/li>\n<li><a href=\"https:\/\/news.google.com\/rss\/articles\/CBMikgFBVV95cUxQeDRnam1qYXoxYnpJMUxIWGdPazhHTnJTY1U0RlpyOFc3NDhvMC1aNWhFbURwTTMxQ0FFVVNXaEJOeTdTcU1mQUV2QWFKSndZaXNxYWkwWjhEY1dYQll5dFIxZi1QQThOZG1HS0pCY1FSQUNsUXA5UllUN1BlZmNaNjBDQl9jSV8zMW5YcThPLVZyQQ?oc=5\" target=\"_blank\" rel=\"nofollow noopener\">En direct live Kamil Majchrzak &#8211; Benjamin Bonzi<\/a>&nbsp;&nbsp;RueDesJoueurs<\/li>\n<\/ol>\n","protected":false},"excerpt":{"rendered":"Benjamin Bonzi &#8211; Quentin Halys, ATP 250, Winston Salem, Deuxi\u00e8me tour, Mardi 25 ao\u00fbt 2026&nbsp;&nbsp;L&rsquo;\u00c9quipe Benjamin Bonzi passe&hellip;\n","protected":false},"author":2,"featured_media":912358,"comment_status":"","ping_status":"","sticky":false,"template":"","format":"standard","meta":{"footnotes":"","_share_on_mastodon":"0"},"categories":[1415],"tags":[117408,1011,27,73268,60,1467,117409],"class_list":["post-1147899","post","type-post","status-publish","format-standard","has-post-thumbnail","category-tennis","tag-benjamin-bonzi-quentin-halys-en-direct","tag-fr","tag-france","tag-null","tag-sports","tag-tennis","tag-winston-salem"],"share_on_mastodon":{"url":"https:\/\/pubeurope.com\/@fr\/117155911818964394","error":""},"_links":{"self":[{"href":"https:\/\/www.europesays.com\/fr\/wp-json\/wp\/v2\/posts\/1147899","targetHints":{"allow":["GET"]}}],"collection":[{"href":"https:\/\/www.europesays.com\/fr\/wp-json\/wp\/v2\/posts"}],"about":[{"href":"https:\/\/www.europesays.com\/fr\/wp-json\/wp\/v2\/types\/post"}],"author":[{"embeddable":true,"href":"https:\/\/www.europesays.com\/fr\/wp-json\/wp\/v2\/users\/2"}],"replies":[{"embeddable":true,"href":"https:\/\/www.europesays.com\/fr\/wp-json\/wp\/v2\/comments?post=1147899"}],"version-history":[{"count":0,"href":"https:\/\/www.europesays.com\/fr\/wp-json\/wp\/v2\/posts\/1147899\/revisions"}],"wp:featuredmedia":[{"embeddable":true,"href":"https:\/\/www.europesays.com\/fr\/wp-json\/wp\/v2\/media\/912358"}],"wp:attachment":[{"href":"https:\/\/www.europesays.com\/fr\/wp-json\/wp\/v2\/media?parent=1147899"}],"wp:term":[{"taxonomy":"category","embeddable":true,"href":"https:\/\/www.europesays.com\/fr\/wp-json\/wp\/v2\/categories?post=1147899"},{"taxonomy":"post_tag","embeddable":true,"href":"https:\/\/www.europesays.com\/fr\/wp-json\/wp\/v2\/tags?post=1147899"}],"curies":[{"name":"wp","href":"https:\/\/api.w.org\/{rel}","templated":true}]}}