{"id":11479,"date":"2025-04-09T00:53:23","date_gmt":"2025-04-09T00:53:23","guid":{"rendered":"https:\/\/www.europesays.com\/fr\/11479\/"},"modified":"2025-04-09T00:53:23","modified_gmt":"2025-04-09T00:53:23","slug":"les-vietnamiens-en-allemagne-se-tournent-vers-leur-bien-aime-truong-sa","status":"publish","type":"post","link":"https:\/\/www.europesays.com\/fr\/11479\/","title":{"rendered":"Les Vietnamiens en Allemagne se tournent vers leur bien-aim\u00e9 Truong Sa"},"content":{"rendered":"<p>&#13;<br \/>\n                        Les Vietnamiens en Allemagne se tournent vers leur bien-aim\u00e9 Truong Sa&#13;\n                    <\/p>\n<p style=\"text-align:\">Le 6 avril \u00e0 Berlin, le club Truong Sa d&rsquo;Allemagne a organis\u00e9 une rencontre intitul\u00e9e \u00ab\u00a0Sentiments pour Truong Sa\u00a0\u00bb, marquant huit ann\u00e9es d\u2019activit\u00e9s continues depuis sa cr\u00e9ation en avril 2017.<\/p>\n<p><a href=\"https:\/\/lecourrier.vn\/exposition-sur-les-archipels-de-hoang-sa-et-truong-sa-a-ba-ria-vung-tau\/1278978.html\" title=\"Exposition sur les archipels de Ho\u00e0ng Sa et Truong Sa \u00e0 B\u00e0 Ria-Vung T\u00e0u\" target=\"_blank\" rel=\"noopener\">&gt;&gt; Exposition sur les archipels de Ho\u00e0ng Sa et Truong Sa \u00e0 B\u00e0 Ria-Vung T\u00e0u<\/a><\/p>\n<p><a href=\"https:\/\/lecourrier.vn\/ceremonie-en-memoire-des-64-officiers-et-soldats-de-la-marine-tombes-a-gac-ma\/1279282.html\" title=\"C\u00e9r\u00e9monie en m\u00e9moire des 64 officiers et soldats de la Marine tomb\u00e9s \u00e0 Gac Ma\" target=\"_blank\" rel=\"noopener\">&gt;&gt; C\u00e9r\u00e9monie en m\u00e9moire des 64 officiers et soldats de la Marine tomb\u00e9s \u00e0 Gac Ma<\/a><\/p>\n<p style=\"text-align:left\">La pr\u00e9sidente du club, B\u00f9i Thu Minh, a soulign\u00e9 que depuis sa fondation, le club s\u2019efforce de renforcer les liens entre la communaut\u00e9 vietnamienne en Allemagne et les zones maritimes sacr\u00e9es du pays, en particulier avec les soldats et habitants de l\u2019archipel de Truong Sa. Le club collecte et envoie chaque ann\u00e9e environ 200 millions de d\u00f4ngs en dons et en cadeaux.<\/p>\n<tr>\n<td class=\"pic\"><img decoding=\"async\" class=\"lazyload\" src=\"https:\/\/www.europesays.com\/fr\/wp-content\/uploads\/2025\/04\/171455-vna_potal_ket_noi_lan_toa_va_dong_hanh_cung_truong_sa_than_yeu_7957589.jpg\" alt=\"\"\/><\/td>\n<\/tr>\n<tr>\n<td class=\"caption\">L\u2019ambassadeur du Vietnam en Allemagne, Vu Quang Minh, s&rsquo;exprime lors de la rencontre. <\/td>\n<\/tr>\n<tr align=\"right\">\n<td class=\"author\">Photo : VNA\/CVN<\/td>\n<\/tr>\n<p style=\"text-align:left\">Il participe aussi aux activit\u00e9s du Comit\u00e9 de liaison des Vietnamiens en Europe pour la mer et les \u00eeles du pays, organise des s\u00e9minaires, des expositions, des concours d\u2019\u00e9criture et fournit des ressources p\u00e9dagogiques sur le sujet pour les cours de vietnamien \u00e0 Berlin&#8230; Ces actions nourrissent l\u2019amour de la mer et la fiert\u00e9 nationale, notamment chez les jeunes g\u00e9n\u00e9rations.<\/p>\n<p style=\"text-align:left\">T\u00f4ng Dang Van, l\u2019un des quatre Vietnamiens d\u2019Allemagne qui se rendront \u00e0 Truong Sa prochainement et participeront \u00e0 la c\u00e9r\u00e9monie marquant le 50e anniversaire de la lib\u00e9ration du Sud et de la r\u00e9unification nationale, a annonc\u00e9 un don de 300 millions de d\u00f4ngs de la part de la communaut\u00e9 en Allemagne pour soutenir les soldats et habitants de Truong Sa.<\/p>\n<p style=\"text-align:left\">L\u2019ambassadeur du Vietnam en Allemagne, Vu Quang Minh, a salu\u00e9 les contributions du club et encourag\u00e9 la poursuite de ces actions significatives.\u00a0<\/p>\n<p style=\"text-align:right\"><b>VNA\/CVN<\/b><\/p>\n","protected":false},"excerpt":{"rendered":"&#13; Les Vietnamiens en Allemagne se tournent vers leur bien-aim\u00e9 Truong Sa&#13; Le 6 avril \u00e0 Berlin, le&hellip;\n","protected":false},"author":2,"featured_media":11480,"comment_status":"","ping_status":"","sticky":false,"template":"","format":"standard","meta":{"footnotes":""},"categories":[1587],"tags":[11,672,1804,1805,1803,1777,674,1801,12,1802,5459,5458],"class_list":{"0":"post-11479","1":"post","2":"type-post","3":"status-publish","4":"format-standard","5":"has-post-thumbnail","7":"category-allemagne","8":"tag-actualites","9":"tag-allemagne","10":"tag-bundesrepublik-deutschland","11":"tag-de","12":"tag-deutschland","13":"tag-eu","14":"tag-europe","15":"tag-germany","16":"tag-news","17":"tag-republique-federale-dallemagne","18":"tag-truong-sa","19":"tag-vietnamiens"},"share_on_mastodon":{"url":"https:\/\/pubeurope.com\/@fr\/114305276858729700","error":""},"_links":{"self":[{"href":"https:\/\/www.europesays.com\/fr\/wp-json\/wp\/v2\/posts\/11479","targetHints":{"allow":["GET"]}}],"collection":[{"href":"https:\/\/www.europesays.com\/fr\/wp-json\/wp\/v2\/posts"}],"about":[{"href":"https:\/\/www.europesays.com\/fr\/wp-json\/wp\/v2\/types\/post"}],"author":[{"embeddable":true,"href":"https:\/\/www.europesays.com\/fr\/wp-json\/wp\/v2\/users\/2"}],"replies":[{"embeddable":true,"href":"https:\/\/www.europesays.com\/fr\/wp-json\/wp\/v2\/comments?post=11479"}],"version-history":[{"count":0,"href":"https:\/\/www.europesays.com\/fr\/wp-json\/wp\/v2\/posts\/11479\/revisions"}],"wp:featuredmedia":[{"embeddable":true,"href":"https:\/\/www.europesays.com\/fr\/wp-json\/wp\/v2\/media\/11480"}],"wp:attachment":[{"href":"https:\/\/www.europesays.com\/fr\/wp-json\/wp\/v2\/media?parent=11479"}],"wp:term":[{"taxonomy":"category","embeddable":true,"href":"https:\/\/www.europesays.com\/fr\/wp-json\/wp\/v2\/categories?post=11479"},{"taxonomy":"post_tag","embeddable":true,"href":"https:\/\/www.europesays.com\/fr\/wp-json\/wp\/v2\/tags?post=11479"}],"curies":[{"name":"wp","href":"https:\/\/api.w.org\/{rel}","templated":true}]}}