{"id":114790,"date":"2025-05-20T17:03:09","date_gmt":"2025-05-20T17:03:09","guid":{"rendered":"https:\/\/www.europesays.com\/fr\/114790\/"},"modified":"2025-05-20T17:03:09","modified_gmt":"2025-05-20T17:03:09","slug":"pour-2027-il-nous-faut-une-primaire-et-je-la-remporterai-liberation","status":"publish","type":"post","link":"https:\/\/www.europesays.com\/fr\/114790\/","title":{"rendered":"pour 2027, \u00abil nous faut une primaire\u2026 et je la remporterai\u00bb \u2013 Lib\u00e9ration"},"content":{"rendered":"<p class=\"sc-ksZaOG ehjQrN text-element\">Fran\u00e7ois Ruffin dispara\u00eet parfois des m\u00e9dias, pour r\u00e9appara\u00eetre quand il a des choses \u00e0 dire. En mai 2022, encore affili\u00e9 \u00e0 La France insoumise, le d\u00e9put\u00e9 de la Somme \u00e9cumait les plateaux pour alerter sur le recul de la gauche hors des m\u00e9tropoles et des quartiers populaires. Un \u00e9t\u00e9 plus tard, il intervenait partout pour parler du travail. A la rentr\u00e9e 2024, ce fut pour expliquer le foss\u00e9 qui le s\u00e9pare d\u00e9sormais de LFI, son camp, jusqu\u2019\u00e0 la rupture qui a suivi la dissolution. Aujourd\u2019hui, le parlementaire qui si\u00e8ge avec les \u00e9colos prend la parole dans Lib\u00e9ration pour appeler \u00e0 l\u2019organisation d\u2019une grande primaire de la gauche \u00e0 laquelle il sera candidat.<\/p>\n<p class=\"sc-ksZaOG ehjQrN text-element\"><b>Bruno Retailleau vient d\u2019\u00eatre \u00e9lu \u00e0 la t\u00eate de LR, Edouard Philippe fait une tourn\u00e9e de meetings\u2026 La droite s\u2019organise. Et la gauche ?<\/b><\/p>\n<p class=\"sc-ksZaOG ehjQrN text-element\">Je vais droit au but : il nous faut une primaire, une \u00abprimaire geyser\u00bb, qui ne soit pas qu\u2019une \u00e9lection de d\u00e9partage, mais un moment de d\u00e9bordement. Ce qui domine, aujourd\u2019hui, dans le pays, et encore pire \u00e0 gauche, c\u2019est l\u2019abattement, le d\u00e9couragement. Alors ma seule question, c\u2019est : comment on fait surgir l\u2019\u00e9nergie ? \u00abL\u2019envie d\u2019avoir envie\u00bb, comme le chantait Johnny ? C\u2019est constant dans mon parcours, je suis comme un sourcier, avec son b\u00e2ton, qui cherche le d\u00e9clencheur : Merci Patron !, Nuit debout, <a href=\"https:\/\/www.liberation.fr\/france\/2018\/05\/05\/a-paris-la-belle-fete-a-macron_1648090\/?redirected=1\" target=\"_blank\" rel=\"noreferrer noopener\" title=\"https:\/\/www.liberat&lt;\/p&gt;&lt;\/div&gt;&lt;\/article&gt;&lt;\/div&gt;&lt;div data-fusion-lazy-id=\" f0f8vgvlad832fw=\"\"><\/p>\n","protected":false},"excerpt":{"rendered":"Fran\u00e7ois Ruffin dispara\u00eet parfois des m\u00e9dias, pour r\u00e9appara\u00eetre quand il a des choses \u00e0 dire. En mai 2022,&hellip;\n","protected":false},"author":2,"featured_media":114791,"comment_status":"","ping_status":"","sticky":false,"template":"","format":"standard","meta":{"footnotes":""},"categories":[4],"tags":[11,3079,1011,27,4483,18019,12,25],"class_list":{"0":"post-114790","1":"post","2":"type-post","3":"status-publish","4":"format-standard","5":"has-post-thumbnail","7":"category-france","8":"tag-actualites","9":"tag-election-presidentielle-2027","10":"tag-fr","11":"tag-france","12":"tag-francois-ruffin","13":"tag-gauche-les-grands-travaux-pour-2027","14":"tag-news","15":"tag-republique-francaise"},"share_on_mastodon":{"url":"https:\/\/pubeurope.com\/@fr\/114541245508509768","error":""},"_links":{"self":[{"href":"https:\/\/www.europesays.com\/fr\/wp-json\/wp\/v2\/posts\/114790","targetHints":{"allow":["GET"]}}],"collection":[{"href":"https:\/\/www.europesays.com\/fr\/wp-json\/wp\/v2\/posts"}],"about":[{"href":"https:\/\/www.europesays.com\/fr\/wp-json\/wp\/v2\/types\/post"}],"author":[{"embeddable":true,"href":"https:\/\/www.europesays.com\/fr\/wp-json\/wp\/v2\/users\/2"}],"replies":[{"embeddable":true,"href":"https:\/\/www.europesays.com\/fr\/wp-json\/wp\/v2\/comments?post=114790"}],"version-history":[{"count":0,"href":"https:\/\/www.europesays.com\/fr\/wp-json\/wp\/v2\/posts\/114790\/revisions"}],"wp:featuredmedia":[{"embeddable":true,"href":"https:\/\/www.europesays.com\/fr\/wp-json\/wp\/v2\/media\/114791"}],"wp:attachment":[{"href":"https:\/\/www.europesays.com\/fr\/wp-json\/wp\/v2\/media?parent=114790"}],"wp:term":[{"taxonomy":"category","embeddable":true,"href":"https:\/\/www.europesays.com\/fr\/wp-json\/wp\/v2\/categories?post=114790"},{"taxonomy":"post_tag","embeddable":true,"href":"https:\/\/www.europesays.com\/fr\/wp-json\/wp\/v2\/tags?post=114790"}],"curies":[{"name":"wp","href":"https:\/\/api.w.org\/{rel}","templated":true}]}}