{"id":114794,"date":"2025-05-20T17:05:09","date_gmt":"2025-05-20T17:05:09","guid":{"rendered":"https:\/\/www.europesays.com\/fr\/114794\/"},"modified":"2025-05-20T17:05:09","modified_gmt":"2025-05-20T17:05:09","slug":"roche-la-moliere-la-societe-ravni-technologies-obtient-un-pret-a-taux-zero-de-total","status":"publish","type":"post","link":"https:\/\/www.europesays.com\/fr\/114794\/","title":{"rendered":"Roche-la-Moli\u00e8re. La soci\u00e9t\u00e9 Ravni Technologies obtient un pr\u00eat \u00e0 taux z\u00e9ro de Total"},"content":{"rendered":"<p>Implant\u00e9e \u00e0 Roche-la-Moli\u00e8re depuis 2001, la soci\u00e9t\u00e9 Ravni Technologies con\u00e7oit et fabrique des machines pour dresser, couper du tube, du fil et du profil\u00e9. Cette entreprise \u00e9tait g\u00e9r\u00e9e par Alain et Lionel Ravni jusqu\u2019en d\u00e9cembre\u00a02024, mais c\u2019est \u00c9tienne Ravni, p\u00e8re des actuels dirigeants, associ\u00e9 \u00e0 Jean Vialette, qui ont d\u00e9marr\u00e9 l\u2019activit\u00e9 en 1967, dans un petit local \u00e0 Saint-\u00c9tienne.<\/p>\n<p>\u00ab\u00a0Depuis plus de 30\u00a0ans, nous soutenons l\u2019emploi dans son d\u00e9veloppement\u00a0\u00bb<\/p>\n<p>D\u00e9but 2025, Michael Lovo, 41\u00a0ans, a repris l\u2019entreprise&#8230;<\/p>\n","protected":false},"excerpt":{"rendered":"Implant\u00e9e \u00e0 Roche-la-Moli\u00e8re depuis 2001, la soci\u00e9t\u00e9 Ravni Technologies con\u00e7oit et fabrique des machines pour dresser, couper du&hellip;\n","protected":false},"author":2,"featured_media":114795,"comment_status":"","ping_status":"","sticky":false,"template":"","format":"standard","meta":{"footnotes":""},"categories":[9653],"tags":[1111,11,2430,33,7539,1777,674,1011,27,693,12,25,12490,12491,4001],"class_list":{"0":"post-114794","1":"post","2":"type-post","3":"status-publish","4":"format-standard","5":"has-post-thumbnail","7":"category-saint-etienne","8":"tag-actu","9":"tag-actualites","10":"tag-auvergne-rhone-alpes","11":"tag-economie","12":"tag-edition-loire-sud","13":"tag-eu","14":"tag-europe","15":"tag-fr","16":"tag-france","17":"tag-industrie","18":"tag-news","19":"tag-republique-francaise","20":"tag-roche-la-moliere","21":"tag-roche-la-moliere-bassin","22":"tag-saint-etienne"},"share_on_mastodon":{"url":"https:\/\/pubeurope.com\/@fr\/114541253277156528","error":""},"_links":{"self":[{"href":"https:\/\/www.europesays.com\/fr\/wp-json\/wp\/v2\/posts\/114794","targetHints":{"allow":["GET"]}}],"collection":[{"href":"https:\/\/www.europesays.com\/fr\/wp-json\/wp\/v2\/posts"}],"about":[{"href":"https:\/\/www.europesays.com\/fr\/wp-json\/wp\/v2\/types\/post"}],"author":[{"embeddable":true,"href":"https:\/\/www.europesays.com\/fr\/wp-json\/wp\/v2\/users\/2"}],"replies":[{"embeddable":true,"href":"https:\/\/www.europesays.com\/fr\/wp-json\/wp\/v2\/comments?post=114794"}],"version-history":[{"count":0,"href":"https:\/\/www.europesays.com\/fr\/wp-json\/wp\/v2\/posts\/114794\/revisions"}],"wp:featuredmedia":[{"embeddable":true,"href":"https:\/\/www.europesays.com\/fr\/wp-json\/wp\/v2\/media\/114795"}],"wp:attachment":[{"href":"https:\/\/www.europesays.com\/fr\/wp-json\/wp\/v2\/media?parent=114794"}],"wp:term":[{"taxonomy":"category","embeddable":true,"href":"https:\/\/www.europesays.com\/fr\/wp-json\/wp\/v2\/categories?post=114794"},{"taxonomy":"post_tag","embeddable":true,"href":"https:\/\/www.europesays.com\/fr\/wp-json\/wp\/v2\/tags?post=114794"}],"curies":[{"name":"wp","href":"https:\/\/api.w.org\/{rel}","templated":true}]}}