{"id":114798,"date":"2025-05-20T17:07:15","date_gmt":"2025-05-20T17:07:15","guid":{"rendered":"https:\/\/www.europesays.com\/fr\/114798\/"},"modified":"2025-05-20T17:07:15","modified_gmt":"2025-05-20T17:07:15","slug":"rencontre-avec-dominique-meens-et-sophie-loizeau","status":"publish","type":"post","link":"https:\/\/www.europesays.com\/fr\/114798\/","title":{"rendered":"Rencontre avec Dominique Meens et Sophie Loizeau"},"content":{"rendered":"<p>Dans le cadre du 4e\u00a0 rendez-vous du cycle \u00ab\u00a0L\u2019animal, \u00e9moi\u00a0\u00bb, la librairie l\u2019Autre Rive et Poema proposent une rencontre avec deux po\u00e8tes dont les textes, habit\u00e9s par les autres \u00eatres vivants et les \u00e9l\u00e9ments naturels, incitent \u00e0 lire le monde autrement. Les livres de Sophie Loizeau sont marqu\u00e9s par la pr\u00e9sence de la nature et des animaux. Tandis que l\u2019\u0153uvre prot\u00e9iforme de Dominique Meens associe prose et vers, dialogue et monologue et fait sortir de ses rails l\u2019objet livre.<\/p>\n<p class=\"note\">Jeudi 22\u00a0mai, \u00e0 18\u00a0h\u00a030, \u00e0 la librairie L\u2019Autre Rive, 19, rue du Pont-Mouja, \u00e0 Nancy. Entr\u00e9e libre.<\/p>\n","protected":false},"excerpt":{"rendered":"Dans le cadre du 4e\u00a0 rendez-vous du cycle \u00ab\u00a0L\u2019animal, \u00e9moi\u00a0\u00bb, la librairie l\u2019Autre Rive et Poema proposent une&hellip;\n","protected":false},"author":2,"featured_media":114799,"comment_status":"","ping_status":"","sticky":false,"template":"","format":"standard","meta":{"footnotes":""},"categories":[9635],"tags":[1111,11,6211,1687,1704,1777,674,1011,27,775,2410,1702,1703,12,5486,25],"class_list":{"0":"post-114798","1":"post","2":"type-post","3":"status-publish","4":"format-standard","5":"has-post-thumbnail","7":"category-nancy","8":"tag-actu","9":"tag-actualites","10":"tag-conference","11":"tag-culture-loisirs","12":"tag-edition-nancy-et-agglomeration","13":"tag-eu","14":"tag-europe","15":"tag-fr","16":"tag-france","17":"tag-grand-est","18":"tag-livres-bd","19":"tag-nancy","20":"tag-nancy-ville-54b","21":"tag-news","22":"tag-rencontre","23":"tag-republique-francaise"},"share_on_mastodon":{"url":"https:\/\/pubeurope.com\/@fr\/114541261190018920","error":""},"_links":{"self":[{"href":"https:\/\/www.europesays.com\/fr\/wp-json\/wp\/v2\/posts\/114798","targetHints":{"allow":["GET"]}}],"collection":[{"href":"https:\/\/www.europesays.com\/fr\/wp-json\/wp\/v2\/posts"}],"about":[{"href":"https:\/\/www.europesays.com\/fr\/wp-json\/wp\/v2\/types\/post"}],"author":[{"embeddable":true,"href":"https:\/\/www.europesays.com\/fr\/wp-json\/wp\/v2\/users\/2"}],"replies":[{"embeddable":true,"href":"https:\/\/www.europesays.com\/fr\/wp-json\/wp\/v2\/comments?post=114798"}],"version-history":[{"count":0,"href":"https:\/\/www.europesays.com\/fr\/wp-json\/wp\/v2\/posts\/114798\/revisions"}],"wp:featuredmedia":[{"embeddable":true,"href":"https:\/\/www.europesays.com\/fr\/wp-json\/wp\/v2\/media\/114799"}],"wp:attachment":[{"href":"https:\/\/www.europesays.com\/fr\/wp-json\/wp\/v2\/media?parent=114798"}],"wp:term":[{"taxonomy":"category","embeddable":true,"href":"https:\/\/www.europesays.com\/fr\/wp-json\/wp\/v2\/categories?post=114798"},{"taxonomy":"post_tag","embeddable":true,"href":"https:\/\/www.europesays.com\/fr\/wp-json\/wp\/v2\/tags?post=114798"}],"curies":[{"name":"wp","href":"https:\/\/api.w.org\/{rel}","templated":true}]}}