{"id":114805,"date":"2025-05-20T17:11:10","date_gmt":"2025-05-20T17:11:10","guid":{"rendered":"https:\/\/www.europesays.com\/fr\/114805\/"},"modified":"2025-05-20T17:11:10","modified_gmt":"2025-05-20T17:11:10","slug":"valgelon-la-rochette-a-choeur-battant-le-prochain-recital-des-baladins-du-val-gelon","status":"publish","type":"post","link":"https:\/\/www.europesays.com\/fr\/114805\/","title":{"rendered":"Valgelon-La Rochette. \u00c0 choeur battant , le prochain r\u00e9cital des Baladins du Val Gelon"},"content":{"rendered":"<p>Sous la direction de Marie-Fran\u00e7oise Grasset, la chorale les Baladins du Val Gelon se produira les vendredi 23\u00a0mai et samedi 24\u00a0mai, \u00e0 20\u00a0h\u00a030, \u00e0 la salle polyvalente. Les choristes interpr\u00e9teront leur nouveau spectacle de chansons fran\u00e7aises intitul\u00e9 \u00c0 ch\u0153ur battant. Bonne humeur et partage seront au rendez-vous.<\/p>\n<p class=\"note\">Tarifs\u00a0: 12\u00a0\u20ac et gratuit pour les moins de 12 ans. R\u00e9servation sur www.helloasso.com\/associations\/les-baladins-du-val-gelon\/evenements\/a-choeur-battant<\/p>\n","protected":false},"excerpt":{"rendered":"Sous la direction de Marie-Fran\u00e7oise Grasset, la chorale les Baladins du Val Gelon se produira les vendredi 23\u00a0mai&hellip;\n","protected":false},"author":2,"featured_media":114806,"comment_status":"","ping_status":"","sticky":false,"template":"","format":"standard","meta":{"footnotes":""},"categories":[9599],"tags":[1111,11,1687,7001,1777,674,1011,27,20623,2208,12,2680,25,3140,23498],"class_list":{"0":"post-114805","1":"post","2":"type-post","3":"status-publish","4":"format-standard","5":"has-post-thumbnail","7":"category-montpellier","8":"tag-actu","9":"tag-actualites","10":"tag-culture-loisirs","11":"tag-edition-chambery-aix-les-bains","12":"tag-eu","13":"tag-europe","14":"tag-fr","15":"tag-france","16":"tag-la-ravoire-et-autour","17":"tag-montpellier","18":"tag-news","19":"tag-occitanie","20":"tag-republique-francaise","21":"tag-spectacle","22":"tag-valgelon-la-rochette"},"share_on_mastodon":{"url":"https:\/\/pubeurope.com\/@fr\/114541276946763870","error":""},"_links":{"self":[{"href":"https:\/\/www.europesays.com\/fr\/wp-json\/wp\/v2\/posts\/114805","targetHints":{"allow":["GET"]}}],"collection":[{"href":"https:\/\/www.europesays.com\/fr\/wp-json\/wp\/v2\/posts"}],"about":[{"href":"https:\/\/www.europesays.com\/fr\/wp-json\/wp\/v2\/types\/post"}],"author":[{"embeddable":true,"href":"https:\/\/www.europesays.com\/fr\/wp-json\/wp\/v2\/users\/2"}],"replies":[{"embeddable":true,"href":"https:\/\/www.europesays.com\/fr\/wp-json\/wp\/v2\/comments?post=114805"}],"version-history":[{"count":0,"href":"https:\/\/www.europesays.com\/fr\/wp-json\/wp\/v2\/posts\/114805\/revisions"}],"wp:featuredmedia":[{"embeddable":true,"href":"https:\/\/www.europesays.com\/fr\/wp-json\/wp\/v2\/media\/114806"}],"wp:attachment":[{"href":"https:\/\/www.europesays.com\/fr\/wp-json\/wp\/v2\/media?parent=114805"}],"wp:term":[{"taxonomy":"category","embeddable":true,"href":"https:\/\/www.europesays.com\/fr\/wp-json\/wp\/v2\/categories?post=114805"},{"taxonomy":"post_tag","embeddable":true,"href":"https:\/\/www.europesays.com\/fr\/wp-json\/wp\/v2\/tags?post=114805"}],"curies":[{"name":"wp","href":"https:\/\/api.w.org\/{rel}","templated":true}]}}