{"id":114807,"date":"2025-05-20T17:12:09","date_gmt":"2025-05-20T17:12:09","guid":{"rendered":"https:\/\/www.europesays.com\/fr\/114807\/"},"modified":"2025-05-20T17:12:09","modified_gmt":"2025-05-20T17:12:09","slug":"une-chaufferie-bien-inseree-dans-le-paysage","status":"publish","type":"post","link":"https:\/\/www.europesays.com\/fr\/114807\/","title":{"rendered":"une chaufferie bien ins\u00e9r\u00e9e dans le paysage"},"content":{"rendered":"<p>\nUne chaufferie biomasse peut \u00eatre esth\u00e9tique. C&rsquo;est ce que d\u00e9montre l&rsquo;agence Imagine Architecture, membre de l&rsquo;\u00e9quipe de ma\u00eetrise d&rsquo;\u0153uvre conduite par le bureau d&rsquo;\u00e9tudes Merlin, avec l&rsquo;\u00e9quipement dont la construction vient de d\u00e9buter \u00e0 Montpellier (H\u00e9rault) et qui sera raccord\u00e9 au r\u00e9seau de chaleur Nord-Alco. Livr\u00e9 d\u00e9but 2026, il consommera 20 500 tonnes de bois par an pour alimenter les quartiers C\u00e9vennes et Mosson, ainsi que le centre hospitalier universitaire.<\/p>\n<p>\nSa situation en entr\u00e9e de ville, entre deux branches de la route de Ganges, explique le soin apport\u00e9 \u00e0 sa conception. Pour limiter l&rsquo;impact visuel et sonore, les \u00e9quipements techniques seront plac\u00e9s \u00e0 l&rsquo;int\u00e9rieur. L&rsquo;\u00e9troitesse de la parcelle a impos\u00e9 de doter la chaufferie d&rsquo;une toiture en partie d\u00e9montable afin de pouvoir les y glisser. En raison de l&rsquo;espace n\u00e9cessaire, le b\u00e2timent (2 090 m2 ) sera volumineux : environ 80 m de long et entre 21 et 30 m de large, pour une hauteur de 15 m.<\/p>\n<p>Incrustations en inox<\/p>\n<p>\nLes parois devant \u00eatre coupe-feu pendant deux heures, le choix du mat\u00e9riau de construction s&rsquo;est port\u00e9 sur le b\u00e9ton. \u00ab Il sera travaill\u00e9 et coul\u00e9 en place \u00e0 la planche en bois pour \u00e9laborer une texture que nous souhaitons proche de celle de la roche calcaire, en lien avec le grand paysage mais aussi avec la pierre du centre-ville et des espaces publics. Nous \u00e9tudions actuellement avec GCC le proc\u00e9d\u00e9 pour obtenir la granulom\u00e9trie et la couleur voulues \u00bb, pr\u00e9cise Fran\u00e7ois Roux, architecte et g\u00e9rant d&rsquo;Imagine Architecture.<\/p>\n<p>\nPour apporter de la l\u00e9g\u00e8ret\u00e9, il a imagin\u00e9 quatre failles qui dynamisent et scandent la fa\u00e7ade parall\u00e8le \u00e0 la route. \u00ab Rev\u00eatues d&rsquo;un \u00e9l\u00e9ment en inox qui refl\u00e8te son environnement, elles changeront notre perception du lin\u00e9aire du b\u00e2timent et entreront en dialogue avec les alentours, tout comme les incrustations, \u00e9galement en inox, sur les trois derniers m\u00e8tres de la hauteur des fa\u00e7ades \u00bb, poursuit l&rsquo;architecte.<\/p>\n<p>\nLa chaufferie repr\u00e9sente un co\u00fbt travaux de 18 M\u20ac HT. Parmi les entreprises mobilis\u00e9es sur le chantier figurent, outre GCC (g\u00e9nie civil, gros \u0153uvre, second \u0153uvre d&rsquo;exploitation), Compte R (chaudi\u00e8re) et Axima (CVC).<\/p>\n","protected":false},"excerpt":{"rendered":"Une chaufferie biomasse peut \u00eatre esth\u00e9tique. C&rsquo;est ce que d\u00e9montre l&rsquo;agence Imagine Architecture, membre de l&rsquo;\u00e9quipe de ma\u00eetrise&hellip;\n","protected":false},"author":2,"featured_media":114808,"comment_status":"","ping_status":"","sticky":false,"template":"","format":"standard","meta":{"footnotes":""},"categories":[9599],"tags":[1111,11,1350,21811,1777,674,1011,27,7089,1252,2208,12,2680,4916,25,23499],"class_list":{"0":"post-114807","1":"post","2":"type-post","3":"status-publish","4":"format-standard","5":"has-post-thumbnail","7":"category-montpellier","8":"tag-actu","9":"tag-actualites","10":"tag-architecture","11":"tag-biomasse","12":"tag-eu","13":"tag-europe","14":"tag-fr","15":"tag-france","16":"tag-herault","17":"tag-mediterranee","18":"tag-montpellier","19":"tag-news","20":"tag-occitanie","21":"tag-projets","22":"tag-republique-francaise","23":"tag-reseau-de-chaleur"},"share_on_mastodon":{"url":"https:\/\/pubeurope.com\/@fr\/114541280958115689","error":""},"_links":{"self":[{"href":"https:\/\/www.europesays.com\/fr\/wp-json\/wp\/v2\/posts\/114807","targetHints":{"allow":["GET"]}}],"collection":[{"href":"https:\/\/www.europesays.com\/fr\/wp-json\/wp\/v2\/posts"}],"about":[{"href":"https:\/\/www.europesays.com\/fr\/wp-json\/wp\/v2\/types\/post"}],"author":[{"embeddable":true,"href":"https:\/\/www.europesays.com\/fr\/wp-json\/wp\/v2\/users\/2"}],"replies":[{"embeddable":true,"href":"https:\/\/www.europesays.com\/fr\/wp-json\/wp\/v2\/comments?post=114807"}],"version-history":[{"count":0,"href":"https:\/\/www.europesays.com\/fr\/wp-json\/wp\/v2\/posts\/114807\/revisions"}],"wp:featuredmedia":[{"embeddable":true,"href":"https:\/\/www.europesays.com\/fr\/wp-json\/wp\/v2\/media\/114808"}],"wp:attachment":[{"href":"https:\/\/www.europesays.com\/fr\/wp-json\/wp\/v2\/media?parent=114807"}],"wp:term":[{"taxonomy":"category","embeddable":true,"href":"https:\/\/www.europesays.com\/fr\/wp-json\/wp\/v2\/categories?post=114807"},{"taxonomy":"post_tag","embeddable":true,"href":"https:\/\/www.europesays.com\/fr\/wp-json\/wp\/v2\/tags?post=114807"}],"curies":[{"name":"wp","href":"https:\/\/api.w.org\/{rel}","templated":true}]}}