{"id":114809,"date":"2025-05-20T17:13:11","date_gmt":"2025-05-20T17:13:11","guid":{"rendered":"https:\/\/www.europesays.com\/fr\/114809\/"},"modified":"2025-05-20T17:13:11","modified_gmt":"2025-05-20T17:13:11","slug":"leglise-saint-patrice-de-rouen-bientot-sauvee-on-va-devoir-degager-un-budget","status":"publish","type":"post","link":"https:\/\/www.europesays.com\/fr\/114809\/","title":{"rendered":"L&rsquo;\u00e9glise Saint-Patrice de Rouen bient\u00f4t sauv\u00e9e ? \u00ab\u2009On va devoir d\u00e9gager un budget\u2009\u00bb"},"content":{"rendered":"<p>            Par<br \/>\n        <strong><br \/>\n            <a href=\"https:\/\/actu.fr\/auteur\/thomas-rideau\" title=\"Consulter tous les articles de Thomas Rideau\" rel=\"nofollow noopener\" target=\"_blank\">Thomas Rideau<\/a><br \/>\n        <\/strong><\/p>\n<p>        Publi\u00e9 le<\/p>\n<p>            20 mai 2025 \u00e0 18h41        <\/p>\n<p>\u00ab\u2009On n\u2019est pas du tout sorti d\u2019affaire\u2009\u00bb, pr\u00e9vient <strong>Christine de Cintr\u00e9<\/strong>, conseill\u00e8re municipale d\u00e9l\u00e9gu\u00e9e au patrimoine de la ville de <a href=\"https:\/\/actu.fr\/normandie\/rouen_76540\" rel=\"nofollow noopener\" target=\"_blank\">Rouen (Seine-Maritime)<\/a> \u2013 et par ailleurs pr\u00e9sidente de l\u2019office de tourisme. Si une partie des travaux est termin\u00e9e, <strong>l\u2019\u00e9glise Saint-Patrice<\/strong>, nich\u00e9e en plein c\u0153ur de ville, dans la rue du m\u00eame nom, doit encore \u00eatre sauv\u00e9e.<\/p>\n<p>Une deuxi\u00e8me phase de travaux doit commencer<\/p>\n<p class=\" wall-content\">Rappelez-vous, il y a un an, la Ville d\u00e9cidait de <a href=\"https:\/\/actu.fr\/normandie\/rouen_76540\/cette-eglise-de-rouen-doit-fermer-en-urgence-un-risque-d-effondrement-ne-peut-etre-ecarte_60999062.html\" rel=\"nofollow noopener\" target=\"_blank\">fermer l\u2019\u00e9glise<\/a> suite \u00e0 la d\u00e9couverte d<strong>\u2019un mouvement<\/strong> de la charpente en bois \u00ab\u2009vers l\u2019ext\u00e9rieur\u2009\u00bb, qui pouvait faire craindre un effondrement de ce b\u00e2timent class\u00e9 du XVIe si\u00e8cle. Un ph\u00e9nom\u00e8ne en partie d\u00fb \u00e0 un \u00e9coulement d\u2019eau pluviale qui n\u2019avait pas \u00e9t\u00e9 rep\u00e9r\u00e9.<\/p>\n<p class=\" wall-content\">Ce mois de mai\u00a02025, <a href=\"https:\/\/actu.fr\/normandie\/rouen_76540\/rouen-cette-eglise-menace-de-s-effondrer-et-les-travaux-se-font-attendre_61576139.html\" rel=\"nofollow noopener\" target=\"_blank\">l\u2019\u00e9taiement en urgence<\/a> est termin\u00e9. Ce sont donc <strong>d<\/strong><strong>es travaux \u00e0 480\u2009000\u00a0\u20ac<\/strong> qui ont permis d\u2019offrir un sursis au b\u00e2timent.<\/p>\n<p class=\" wall-content\">Cette s\u00e9quence termin\u00e9e, un nouveau march\u00e9 public a \u00e9t\u00e9 pass\u00e9 pour lancer la deuxi\u00e8me phase des travaux. \u00ab\u2009Il s\u2019agit maintenant de <strong>r\u00e9parer ses vo\u00fbtes<\/strong>. On est en train d\u2019ouvrir les enveloppes\u2009\u00bb, indique en effet l\u2019\u00e9lue. On ne conna\u00eet donc pas encore les montants de cette nouvelle phase des travaux. Une certitude\u2009: \u00ab\u2009On va devoir d\u00e9gager un budget qui n\u2019\u00e9tait pas pr\u00e9vu\u2009\u00bb, glisse la conseill\u00e8re.<\/p>\n<p>Encore deux ann\u00e9es de travaux ?<\/p>\n<p class=\" wall-content\">En attendant, notons que l\u2019\u00e9glise a rouvert au public. Mais elle pourra <strong>de nouveau fermer<\/strong> en fonction des besoins de l\u2019entreprise qui va op\u00e9rer cette nouvelle tranche de travaux qui doit permettre de d\u00e9finitivement sauver cet exemple du gothique rayonnant. Si tout se d\u00e9roule comme pr\u00e9vu et que le budget suit, l\u2019\u00e9glise pourrait donc \u00eatre tir\u00e9e d\u2019affaire \u00ab\u2009en 2026 ou 2027\u2009\u00bb.<\/p>\n<p>Vid\u00e9os : en ce moment sur ActuSuivez l\u2019actualit\u00e9 de Rouen <a href=\"https:\/\/www.whatsapp.com\/channel\/0029VaKfnf99hXF2ddApFB1D\" rel=\"nofollow noopener\" target=\"_blank\">sur notre cha\u00eene WhatsApp<\/a> et <a href=\"https:\/\/www.tiktok.com\/@76actu.fr?lang=fr\" rel=\"nofollow noopener\" target=\"_blank\">sur notre compte TikTok<\/a><\/p>\n<p class=\" wall-content\">Suivez toute l\u2019actualit\u00e9 de vos villes et m\u00e9dias favoris en vous inscrivant \u00e0 <a href=\"https:\/\/moncompte.actu.fr\" title=\"D\u00e9couvez Mon Actu\" rel=\"nofollow noopener\" data-trk=\"{&quot;cta&quot;:{&quot;action&quot;:&quot;https:\\\/\\\/moncompte.actu.fr&quot;,&quot;category&quot;:&quot;mon compte&quot;,&quot;from&quot;:&quot;article footer&quot;,&quot;name&quot;:&quot;Mon actu&quot;,&quot;type&quot;:&quot;cta&quot;}}\" target=\"_blank\">Mon Actu<\/a>.<\/p>\n<p>                    <script async src=\"\/\/www.tiktok.com\/embed.js\"><\/script><\/p>\n","protected":false},"excerpt":{"rendered":"Par Thomas Rideau Publi\u00e9 le 20 mai 2025 \u00e0 18h41 \u00ab\u2009On n\u2019est pas du tout sorti d\u2019affaire\u2009\u00bb, pr\u00e9vient&hellip;\n","protected":false},"author":2,"featured_media":114810,"comment_status":"","ping_status":"","sticky":false,"template":"","format":"standard","meta":{"footnotes":""},"categories":[9587],"tags":[1111,11,1777,674,1011,27,937,12,5161,2551,25,9590,104,2086],"class_list":{"0":"post-114809","1":"post","2":"type-post","3":"status-publish","4":"format-standard","5":"has-post-thumbnail","7":"category-rouen","8":"tag-actu","9":"tag-actualites","10":"tag-eu","11":"tag-europe","12":"tag-fr","13":"tag-france","14":"tag-histoire","15":"tag-news","16":"tag-normandie","17":"tag-patrimoine","18":"tag-republique-francaise","19":"tag-rouen","20":"tag-societe","21":"tag-travaux"},"share_on_mastodon":{"url":"https:\/\/pubeurope.com\/@fr\/114541284793909943","error":""},"_links":{"self":[{"href":"https:\/\/www.europesays.com\/fr\/wp-json\/wp\/v2\/posts\/114809","targetHints":{"allow":["GET"]}}],"collection":[{"href":"https:\/\/www.europesays.com\/fr\/wp-json\/wp\/v2\/posts"}],"about":[{"href":"https:\/\/www.europesays.com\/fr\/wp-json\/wp\/v2\/types\/post"}],"author":[{"embeddable":true,"href":"https:\/\/www.europesays.com\/fr\/wp-json\/wp\/v2\/users\/2"}],"replies":[{"embeddable":true,"href":"https:\/\/www.europesays.com\/fr\/wp-json\/wp\/v2\/comments?post=114809"}],"version-history":[{"count":0,"href":"https:\/\/www.europesays.com\/fr\/wp-json\/wp\/v2\/posts\/114809\/revisions"}],"wp:featuredmedia":[{"embeddable":true,"href":"https:\/\/www.europesays.com\/fr\/wp-json\/wp\/v2\/media\/114810"}],"wp:attachment":[{"href":"https:\/\/www.europesays.com\/fr\/wp-json\/wp\/v2\/media?parent=114809"}],"wp:term":[{"taxonomy":"category","embeddable":true,"href":"https:\/\/www.europesays.com\/fr\/wp-json\/wp\/v2\/categories?post=114809"},{"taxonomy":"post_tag","embeddable":true,"href":"https:\/\/www.europesays.com\/fr\/wp-json\/wp\/v2\/tags?post=114809"}],"curies":[{"name":"wp","href":"https:\/\/api.w.org\/{rel}","templated":true}]}}