{"id":1148094,"date":"2026-08-25T14:08:24","date_gmt":"2026-08-25T14:08:24","guid":{"rendered":"https:\/\/www.europesays.com\/fr\/1148094\/"},"modified":"2026-08-25T14:08:24","modified_gmt":"2026-08-25T14:08:24","slug":"les-eureliens-ont-ils-du-choix-pour-se-deplacer-en-taxi","status":"publish","type":"post","link":"https:\/\/www.europesays.com\/fr\/1148094\/","title":{"rendered":"Les Eur\u00e9liens ont-ils du choix pour se d\u00e9placer en taxi\u00a0?"},"content":{"rendered":"\n<p lang=\"fr-FR\" style=\"margin-bottom: 0cm; font-style: normal;\">Pas loin de 63.000\u00a0: c&rsquo;est le nombre de taxis qui parcourent les routes pour transporter les Fran\u00e7ais. Leur concentration est \u00ab\u00a0particuli\u00e8rement \u00e9lev\u00e9e en \u00cele-de-France et dans les territoires ruraux\u00a0\u00bb, d\u00e9taille le l\u2019Observatoire national des transports publics particuliers de personnes. Voisin de l&rsquo;\u00cele-de-France, le d\u00e9partement de l&rsquo;Eure-et-Loir est assez bien dot\u00e9. On y compte entre 6 et 8 taxis pour 10.000 habitants. Une situation qui contraste avec plus de 29 taxis pour la petite couronne et Paris. Sachez enfin qu&rsquo;en-dehors \u00ab\u00a0de Paris, les espaces ruraux sont les mieux pourvus en taxis par rapport \u00e0 leur population\u00a0\u00bb.<\/p>\n<p lang=\"fr-FR\" style=\"margin-bottom: 0cm; font-style: normal;\">\u00a0<\/p>\n<p lang=\"fr-FR\" style=\"margin-bottom: 0cm;\">Nicolas Chacun<\/p>\n<p>!function(f,b,e,v,n,t,s){if(f.fbq)return;n=f.fbq=function(){n.callMethod?<br \/>\nn.callMethod.apply(n,arguments):n.queue.push(arguments)};if(!f._fbq)f._fbq=n;<br \/>\nn.push=n;n.loaded=!0;n.version=&rsquo;2.0&prime;;n.queue=[];t=b.createElement(e);t.async=!0;<br \/>\nt.src=v;s=b.getElementsByTagName(e)[0];s.parentNode.insertBefore(t,s)}(window,<br \/>\ndocument,&rsquo;script&rsquo;,&rsquo;https:\/\/connect.facebook.net\/en_US\/fbevents.js&rsquo;);<br \/>\nfbq(&lsquo;init&rsquo;, &lsquo;278974969201861&rsquo;); \/\/ Insert your pixel ID here.<br \/>\nfbq(&lsquo;track&rsquo;, &lsquo;PageView&rsquo;);<\/p>\n","protected":false},"excerpt":{"rendered":"Pas loin de 63.000\u00a0: c&rsquo;est le nombre de taxis qui parcourent les routes pour transporter les Fran\u00e7ais. Leur&hellip;\n","protected":false},"author":2,"featured_media":985877,"comment_status":"","ping_status":"","sticky":false,"template":"","format":"standard","meta":{"footnotes":"","_share_on_mastodon":"0"},"categories":[1592],"tags":[1111,11,1933,1936,1777,1939,674,1011,27,662,1934,12,1940,626,1935,25,1937,1941,1938],"class_list":["post-1148094","post","type-post","status-publish","format-standard","has-post-thumbnail","category-ile-de-france","tag-actu","tag-actualites","tag-actualites-locales","tag-essonne","tag-eu","tag-eure-et-loir","tag-europe","tag-fr","tag-france","tag-ile-de-france","tag-infos-locales","tag-news","tag-oise","tag-paris","tag-pres-de-chez-vous","tag-republique-francaise","tag-seine-et-marne","tag-somme","tag-yvelines"],"share_on_mastodon":{"url":"https:\/\/pubeurope.com\/@fr\/117156544889997838","error":""},"_links":{"self":[{"href":"https:\/\/www.europesays.com\/fr\/wp-json\/wp\/v2\/posts\/1148094","targetHints":{"allow":["GET"]}}],"collection":[{"href":"https:\/\/www.europesays.com\/fr\/wp-json\/wp\/v2\/posts"}],"about":[{"href":"https:\/\/www.europesays.com\/fr\/wp-json\/wp\/v2\/types\/post"}],"author":[{"embeddable":true,"href":"https:\/\/www.europesays.com\/fr\/wp-json\/wp\/v2\/users\/2"}],"replies":[{"embeddable":true,"href":"https:\/\/www.europesays.com\/fr\/wp-json\/wp\/v2\/comments?post=1148094"}],"version-history":[{"count":0,"href":"https:\/\/www.europesays.com\/fr\/wp-json\/wp\/v2\/posts\/1148094\/revisions"}],"wp:featuredmedia":[{"embeddable":true,"href":"https:\/\/www.europesays.com\/fr\/wp-json\/wp\/v2\/media\/985877"}],"wp:attachment":[{"href":"https:\/\/www.europesays.com\/fr\/wp-json\/wp\/v2\/media?parent=1148094"}],"wp:term":[{"taxonomy":"category","embeddable":true,"href":"https:\/\/www.europesays.com\/fr\/wp-json\/wp\/v2\/categories?post=1148094"},{"taxonomy":"post_tag","embeddable":true,"href":"https:\/\/www.europesays.com\/fr\/wp-json\/wp\/v2\/tags?post=1148094"}],"curies":[{"name":"wp","href":"https:\/\/api.w.org\/{rel}","templated":true}]}}