{"id":114811,"date":"2025-05-20T17:14:11","date_gmt":"2025-05-20T17:14:11","guid":{"rendered":"https:\/\/www.europesays.com\/fr\/114811\/"},"modified":"2025-05-20T17:14:11","modified_gmt":"2025-05-20T17:14:11","slug":"tour-de-france-pres-de-rouen-une-commune-rend-hommage-a-jacques-anquetil-et-a-son-parcours-hors-du-commun","status":"publish","type":"post","link":"https:\/\/www.europesays.com\/fr\/114811\/","title":{"rendered":"Tour de France. Pr\u00e8s de Rouen, une commune rend hommage \u00e0 Jacques Anquetil et \u00e0 son parcours hors du commun"},"content":{"rendered":"<p>            Par<br \/>\n        <strong><br \/>\n            <a href=\"https:\/\/actu.fr\/auteur\/laredaction\" title=\"Consulter tous les articles de R\u00e9daction Normandie\" rel=\"nofollow noopener\" target=\"_blank\">R\u00e9daction Normandie<\/a><br \/>\n        <\/strong><\/p>\n<p>        Publi\u00e9 le<\/p>\n<p>            20 mai 2025 \u00e0 18h26        <\/p>\n<p>La 4e \u00e9tape du <a href=\"https:\/\/actu.fr\/normandie\/rouen_76540\/tour-de-france-a-rouen-des-animations-arrivent-des-la-fin-mai-pour-l-occasion_62623052.html\" rel=\"nofollow noopener\" target=\"_blank\">Tour de France\u00a02025<\/a> reliera Amiens \u00e0 Rouen (Seine-Maritime) le <strong>mardi 8 juillet prochain<\/strong>. Il fera son entr\u00e9e sur le territoire de la M\u00e9tropole par <a href=\"https:\/\/actu.fr\/normandie\/la-neuville-chant-d-oisel_76464\" rel=\"nofollow noopener\" target=\"_blank\">La Neuville-Chant-d\u2019Oisel<\/a>, apr\u00e8s avoir gravi la c\u00f4te entre Romilly-sur-Andelle (Eure) et La Neuville-Chant-d\u2019Oisel : une c\u00f4te baptis\u00e9e du nom de<strong> Jacques Anquetil<\/strong> et inaugur\u00e9e le 29 septembre 1996.<\/p>\n<p class=\" wall-content\">Les coureurs traverseront dix communes pour rejoindre l\u2019arriv\u00e9e, place du Boulingrin \u00e0 Rouen.<\/p>\n<p>Jacques Anquetil, un habitant de la commune<\/p>\n<p class=\" wall-content\">Le<strong> grand champion<\/strong>, quintuple vainqueur du Tour de France (1957, 1961, 1962, 1963, 1964) avait acquis, dans la petite commune Normande, un domaine, appel\u00e9 encore aujourd\u2019hui ch\u00e2teau Anquetil.<\/p>\n<p class=\" wall-content\">Son fils<strong> Christopher<\/strong> y vit toujours avec sa m\u00e8re Dominique. Si ce ch\u00e2teau est d\u00e9sormais un lieu de r\u00e9ception, il \u00e9tait, au XIXe\u00a0si\u00e8cle, la propri\u00e9t\u00e9 de <strong>Jules de Maupassant<\/strong>, grand-p\u00e8re de l\u2019illustre \u00e9crivain.<\/p>\n<p>Un parcours hors du commun<\/p>\n<p class=\" wall-content\">La municipalit\u00e9 a voulu rendre un hommage \u00e0 Ma\u00eetre Jacques, au<strong> parcours hors du commun<\/strong>, gr\u00e2ce \u00e0 une exposition pr\u00eat\u00e9e par la famille Anquetil : des maillots, des v\u00e9los, des coupes ayant appartenu au coureur, <strong>des archives et des documents<\/strong> retraceront la carri\u00e8re du champion. Des photos et deux films de neuf minutes s\u2019ajouteront \u00e0 cette r\u00e9trospective. Des articles de presse, notamment du Bulletin, retraceront \u00e9galement l\u2019inauguration de la c\u00f4te Anquetil. Le tout sera visible dans la mairie.<\/p>\n<p>    <img   decoding=\"async\" loading=\"lazy\" class=\"size-large\" src=\"https:\/\/www.europesays.com\/fr\/wp-content\/uploads\/2025\/05\/73d0431da9186b7d0431da9182cd04v-683x640.jpg\" alt=\"Le d\u00e9but de la c\u00f4te \u00e0 Romilly sur Andelle.\" width=\"683\" height=\"640\"\/><br \/>\n    Les d\u00e9buts de la c\u00f4te \u00e0 Romilly-sur-Andelle. \u00a9DFVid\u00e9os : en ce moment sur Actu<\/p>\n<p class=\" wall-content\">\u00c0 ce sujet, il est \u00e0 noter que la municipalit\u00e9 a chang\u00e9 les panneaux qui jalonnent l\u2019ascension de la c\u00f4te. \u00ab Ils \u00e9taient v\u00e9tustes. Ils indiquaient la distance parcourue. Maintenant, ils indiquent : Il reste\u2026 et la distance \u00e0 gravir \u00bb, explique l\u2019adjointe <strong>Sabine Demazure<\/strong>.<\/p>\n<p>D\u2019autres festivit\u00e9s pr\u00e9vues en juin<\/p>\n<p class=\" wall-content\">En juin, <strong>la mairie sera pavois\u00e9e<\/strong> de grands maillots jaunes et blancs \u00e0 pois verts, cr\u00e9\u00e9s par l\u2019association couture et Cam\u00e9lia Boulanger. D\u00e8s le d\u00e9but juin, de nombreuses animations sont pr\u00e9vues autour du v\u00e9lo. Lors de la f\u00eate de la musique, le samedi 21\u00a0juin, un groupe de Lindy Up, le rock des ann\u00e9es 30, viendra faire virevolter le public. Le lendemain, jour de la f\u00eate du village, c\u2019est l\u2019association <strong>V\u00e9lo Vintage 76<\/strong> qui viendra en costume des ann\u00e9es 50, avec des v\u00e9los anciens. Les amateurs pourront essayer ces dr\u00f4les de machines. Bien d\u2019autres festivit\u00e9s sont pr\u00e9vues, jusqu\u2019au passage du Tour.<\/p>\n<p>Exposition Jacques Anquetil, \u00e0 la La Neuville-Chant-d\u2019Oisel, du 18 au 25, dans la salle du conseil municipal, pr\u00e8s de la mairie. Horaires 14h30 \u00e0 18h30. Vernissage dimanche 18 mai, \u00e0 11h, en pr\u00e9sence de Dominique et Christopher Anquetil.<\/p>\n<p class=\" wall-content\">Suivez toute l\u2019actualit\u00e9 de vos villes et m\u00e9dias favoris en vous inscrivant \u00e0 <a href=\"https:\/\/moncompte.actu.fr\" title=\"D\u00e9couvez Mon Actu\" rel=\"nofollow noopener\" data-trk=\"{&quot;cta&quot;:{&quot;action&quot;:&quot;https:\\\/\\\/moncompte.actu.fr&quot;,&quot;category&quot;:&quot;mon compte&quot;,&quot;from&quot;:&quot;article footer&quot;,&quot;name&quot;:&quot;Mon actu&quot;,&quot;type&quot;:&quot;cta&quot;}}\" target=\"_blank\">Mon Actu<\/a>.<\/p>\n","protected":false},"excerpt":{"rendered":"Par R\u00e9daction Normandie Publi\u00e9 le 20 mai 2025 \u00e0 18h26 La 4e \u00e9tape du Tour de France\u00a02025 reliera&hellip;\n","protected":false},"author":2,"featured_media":114812,"comment_status":"","ping_status":"","sticky":false,"template":"","format":"standard","meta":{"footnotes":""},"categories":[9587],"tags":[1111,11,1777,674,1011,27,1757,1652,12,5161,25,9590,208],"class_list":{"0":"post-114811","1":"post","2":"type-post","3":"status-publish","4":"format-standard","5":"has-post-thumbnail","7":"category-rouen","8":"tag-actu","9":"tag-actualites","10":"tag-eu","11":"tag-europe","12":"tag-fr","13":"tag-france","14":"tag-insolite","15":"tag-loisirs-culture","16":"tag-news","17":"tag-normandie","18":"tag-republique-francaise","19":"tag-rouen","20":"tag-velo"},"share_on_mastodon":{"url":"https:\/\/pubeurope.com\/@fr\/114541288672755062","error":""},"_links":{"self":[{"href":"https:\/\/www.europesays.com\/fr\/wp-json\/wp\/v2\/posts\/114811","targetHints":{"allow":["GET"]}}],"collection":[{"href":"https:\/\/www.europesays.com\/fr\/wp-json\/wp\/v2\/posts"}],"about":[{"href":"https:\/\/www.europesays.com\/fr\/wp-json\/wp\/v2\/types\/post"}],"author":[{"embeddable":true,"href":"https:\/\/www.europesays.com\/fr\/wp-json\/wp\/v2\/users\/2"}],"replies":[{"embeddable":true,"href":"https:\/\/www.europesays.com\/fr\/wp-json\/wp\/v2\/comments?post=114811"}],"version-history":[{"count":0,"href":"https:\/\/www.europesays.com\/fr\/wp-json\/wp\/v2\/posts\/114811\/revisions"}],"wp:featuredmedia":[{"embeddable":true,"href":"https:\/\/www.europesays.com\/fr\/wp-json\/wp\/v2\/media\/114812"}],"wp:attachment":[{"href":"https:\/\/www.europesays.com\/fr\/wp-json\/wp\/v2\/media?parent=114811"}],"wp:term":[{"taxonomy":"category","embeddable":true,"href":"https:\/\/www.europesays.com\/fr\/wp-json\/wp\/v2\/categories?post=114811"},{"taxonomy":"post_tag","embeddable":true,"href":"https:\/\/www.europesays.com\/fr\/wp-json\/wp\/v2\/tags?post=114811"}],"curies":[{"name":"wp","href":"https:\/\/api.w.org\/{rel}","templated":true}]}}