{"id":1148125,"date":"2026-08-25T14:32:23","date_gmt":"2026-08-25T14:32:23","guid":{"rendered":"https:\/\/www.europesays.com\/fr\/1148125\/"},"modified":"2026-08-25T14:32:23","modified_gmt":"2026-08-25T14:32:23","slug":"une-reprise-en-tres-petit-comite-pour-lalterna-stade-poitevin-volley-ball","status":"publish","type":"post","link":"https:\/\/www.europesays.com\/fr\/1148125\/","title":{"rendered":"Une reprise en (tr\u00e8s) petit comit\u00e9 pour l\u2019Alterna Stade Poitevin Volley Ball"},"content":{"rendered":"<p>La s\u00e9ance a d\u00e9but\u00e9 \u00e0 9h30 pr\u00e9cises, \u00e0 la salle de sports On Air \u00e0 Poitiers, par un petit discours de bienvenue de C\u00e9dric Enard. Heureusement, les joueurs de l\u2019Alterna Stade Poitevin n\u2019ont pas attendu les premiers mots du manager g\u00e9n\u00e9ral pour arriver. Quelques minutes auparavant, tous avaient \u00e9t\u00e9 accueillis par le pr\u00e9parateur physique Bruno Daudin, \u00e0 commencer par Anatole Chaboissant et un invit\u00e9 surprise en la personne de Th\u00e9o Durand, ex joueur du club poitevin, sans club actuellement.<\/p>\n","protected":false},"excerpt":{"rendered":"La s\u00e9ance a d\u00e9but\u00e9 \u00e0 9h30 pr\u00e9cises, \u00e0 la salle de sports On Air \u00e0 Poitiers, par un&hellip;\n","protected":false},"author":2,"featured_media":1148126,"comment_status":"","ping_status":"","sticky":false,"template":"","format":"standard","meta":{"footnotes":"","_share_on_mastodon":"0"},"categories":[1417],"tags":[1654,1011,27,1655,1653,60,1584,1470,1469],"class_list":["post-1148125","post","type-post","status-publish","format-standard","has-post-thumbnail","category-volley","tag-alterna-stade-poitevin-volley-ball","tag-fr","tag-france","tag-ligue-a","tag-poitiers","tag-sports","tag-vienne","tag-volley","tag-volleyball"],"share_on_mastodon":{"url":"https:\/\/pubeurope.com\/@fr\/117156639342589142","error":""},"_links":{"self":[{"href":"https:\/\/www.europesays.com\/fr\/wp-json\/wp\/v2\/posts\/1148125","targetHints":{"allow":["GET"]}}],"collection":[{"href":"https:\/\/www.europesays.com\/fr\/wp-json\/wp\/v2\/posts"}],"about":[{"href":"https:\/\/www.europesays.com\/fr\/wp-json\/wp\/v2\/types\/post"}],"author":[{"embeddable":true,"href":"https:\/\/www.europesays.com\/fr\/wp-json\/wp\/v2\/users\/2"}],"replies":[{"embeddable":true,"href":"https:\/\/www.europesays.com\/fr\/wp-json\/wp\/v2\/comments?post=1148125"}],"version-history":[{"count":0,"href":"https:\/\/www.europesays.com\/fr\/wp-json\/wp\/v2\/posts\/1148125\/revisions"}],"wp:featuredmedia":[{"embeddable":true,"href":"https:\/\/www.europesays.com\/fr\/wp-json\/wp\/v2\/media\/1148126"}],"wp:attachment":[{"href":"https:\/\/www.europesays.com\/fr\/wp-json\/wp\/v2\/media?parent=1148125"}],"wp:term":[{"taxonomy":"category","embeddable":true,"href":"https:\/\/www.europesays.com\/fr\/wp-json\/wp\/v2\/categories?post=1148125"},{"taxonomy":"post_tag","embeddable":true,"href":"https:\/\/www.europesays.com\/fr\/wp-json\/wp\/v2\/tags?post=1148125"}],"curies":[{"name":"wp","href":"https:\/\/api.w.org\/{rel}","templated":true}]}}