{"id":114813,"date":"2025-05-20T17:16:22","date_gmt":"2025-05-20T17:16:22","guid":{"rendered":"https:\/\/www.europesays.com\/fr\/114813\/"},"modified":"2025-05-20T17:16:22","modified_gmt":"2025-05-20T17:16:22","slug":"levee-de-fonds-novem-depasse-son-objectif-avec-638-000-euros-recoltes","status":"publish","type":"post","link":"https:\/\/www.europesays.com\/fr\/114813\/","title":{"rendered":"Lev\u00e9e de fonds : Nov\u00ebm d\u00e9passe son objectif avec 638 000 euros r\u00e9colt\u00e9s"},"content":{"rendered":"<p>L&rsquo;objectif vis\u00e9 \u00e9tait de 500 000 euros. <a href=\"https:\/\/mesinfos.fr\/38000-grenoble\/novem-une-premiere-levee-de-fonds-pour-accelerer-le-developpement-de-la-nucitherapie-218950.html\" rel=\"nofollow noopener\" target=\"_blank\">Le r\u00e9sultat est sup\u00e9rieur puisqu&rsquo;il atteint finalement <strong>638 000 euros<\/strong>.<\/a> Tel est le montant collect\u00e9 par la <strong>start-up grenobloise<\/strong>, <strong>Nov\u00ebm<\/strong>, \u00e0 l&rsquo;issue de sa premi\u00e8re <strong>lev\u00e9e de fonds<\/strong>.\u00a0 <\/p>\n<p>\u00ab\u00a0Cette lev\u00e9e de fonds est un pas d\u00e9cisif pour construire une marque forte, rayonnante et durable depuis les Alpes, tout en valorisant une fili\u00e8re agricole essentielle \u00e0 notre territoire, commente Maegan Rocca, fondatrice et dirigeante de la start-up cr\u00e9\u00e9e en 2024. Nous sommes fiers d\u2019\u00eatre accompagn\u00e9s par Grenoble Angels et entour\u00e9s de partenaires qui partagent cette vision engag\u00e9e et ambitieuse.\u00a0\u00bb <\/p>\n<p>Nov\u00ebm collecte 638 000 euros pour d\u00e9velopper ses cosm\u00e9tiques \u00e0 base de noix de Grenoble <\/p>\n<p>Les <strong>Grenoble Angels<\/strong>, qui c\u00e9l\u00e9breront leurs 20 ans ce jeudi 22 mai au Stade des Alpes, ont pilot\u00e9 cette entr\u00e9e au capital tout en rassemblant autour d&rsquo;eux des investisseurs comme <strong>Mutualia<\/strong>, le laboratoire universitaire grenoblois, Floralis et des partenaires de la fili\u00e8re agricole. \u00ab\u00a0Le tour de table se compose de 338 000 euros en equity et de 300 000 euros de levier bancaire (Bpifrance, CIC et un autre partenaire bancaire)\u00a0\u00bb, pr\u00e9cise Maegan Rocca. <\/p>\n<p>Avec ces nouveaux moyens, <a href=\"https:\/\/mesinfos.fr\/38000-grenoble\/novem-une-premiere-levee-de-fonds-pour-accelerer-le-developpement-de-la-nucitherapie-218950.html\" rel=\"noopener nofollow\" target=\"_blank\">Nov\u00ebm<\/a>, sp\u00e9cialis\u00e9e dans la production et la commercialisation de produits cosm\u00e9tiques \u00e0 base de <a href=\"https:\/\/mesinfos.fr\/auvergne-rhone-alpes\/noix-de-grenoble-quantite-prix-un-retour-a-la-normale-attendu-cette-saison-207636.html\" rel=\"noopener nofollow\" target=\"_blank\">noix de Grenoble<\/a>, va pouvoir <strong>acc\u00e9l\u00e9rer sa R&amp;D<\/strong> autour de la noix et de ses d\u00e9riv\u00e9s, en particulier dans la <strong>nutricosm\u00e9tique<\/strong>. <\/p>\n<p>Nov\u00ebm va amplifier sa visibilit\u00e9 \u00e0 l&rsquo;international <\/p>\n<p>La lev\u00e9e de fonds va \u00e9galement lui permettre <strong>d&rsquo;amplifier sa visibilit\u00e9 <\/strong>au niveau national et \u00e0 <strong>l&rsquo;international <\/strong>et de d\u00e9ployer sa <strong>strat\u00e9gie de distribution<\/strong> avec l&rsquo;ouverture de nouvelles boutiques et corners bien-\u00eatre. Actuellement les produits Nov\u00ebm sont disponibles dans 120 points de vente en France, dont une boutique \u00e9ph\u00e9m\u00e8re \u00e0 Neyrpic jusqu&rsquo;au 31 mai 2025.<\/p>\n<p>Nov\u00ebm ambitionne de r\u00e9aliser <strong>300 000 euros<\/strong> de <strong>chiffre d&rsquo;affaires<\/strong> cette ann\u00e9e. <\/p>\n<blockquote>\n<p>\u00ab\u00a0Nous sommes ravis d\u2019avoir rassembl\u00e9 autour de Grenoble Angels d\u2019autres associations de notre f\u00e9d\u00e9ration France Angels ainsi que Floralis acteur de la dynamique d\u2019innovation locale qui permettra de renforcer le d\u00e9veloppement scientifique de Nov\u00ebm, conclut Philippe Rase, pr\u00e9sident des Grenoble Angels.\u00a0Ensemble, nous sommes humblement plus forts pour aider et soutenir Nov\u00ebm dans ses aventures prochaines.\u00a0\u00bb <\/p>\n<\/blockquote>\n<p>  Novem : un savon solide labellis\u00e9 IsHere <\/p>\n<p>La marque de cosm\u00e9tique is\u00e9roise n&rsquo;en finit pas d&rsquo;innover. Nov\u00ebm a nou\u00e9 un partenariat avec <a href=\"https:\/\/mesinfos.fr\/auvergne-rhone-alpes\/lancement-de-la-saison-estivale-2025-en-isere-deux-millions-de-visiteurs-attendus-222535.html\" rel=\"noopener nofollow\" target=\"_blank\">Is\u00e8re Attractivit\u00e9<\/a> autour de son tout nouveau produit : le beurre de noix, qui est en fait un \u00ab\u00a0savon solide cr\u00e9meux\u00a0\u00bb. Il rejoint, \u00e0 ce titre, les produits labellis\u00e9s <a href=\"https:\/\/mesinfos.fr\/auvergne-rhone-alpes\/alpes-ishere-valorise-10-entreprises-artisanales-72390.html\" rel=\"noopener nofollow\" target=\"_blank\">Alpes Ishere<\/a>.<\/p>\n<p> <img decoding=\"async\" alt=\"\" data-zoomable=\"\" height=\"1501\" loading=\"lazy\" src=\"https:\/\/www.europesays.com\/fr\/wp-content\/uploads\/2025\/05\/img-20250515-111125.jpg\" title=\"\u00a9 Thomas Richardson - Le beurre de noix de Nov\u00ebm devient un produit Alpes Ishere.\" width=\"2000\"\/> \u00a9 Thomas Richardson &#8211; Le beurre de noix de Nov\u00ebm devient un produit Alpes Ishere. <\/p>\n<p>\u00a0<\/p>\n","protected":false},"excerpt":{"rendered":"L&rsquo;objectif vis\u00e9 \u00e9tait de 500 000 euros. Le r\u00e9sultat est sup\u00e9rieur puisqu&rsquo;il atteint finalement 638 000 euros. Tel&hellip;\n","protected":false},"author":2,"featured_media":114814,"comment_status":"","ping_status":"","sticky":false,"template":"","format":"standard","meta":{"footnotes":""},"categories":[9566],"tags":[1111,11,2430,23502,1777,674,1011,27,2731,23501,12,23500,25,675],"class_list":{"0":"post-114813","1":"post","2":"type-post","3":"status-publish","4":"format-standard","5":"has-post-thumbnail","7":"category-grenoble","8":"tag-actu","9":"tag-actualites","10":"tag-auvergne-rhone-alpes","11":"tag-cosmu00e9tique","12":"tag-eu","13":"tag-europe","14":"tag-fr","15":"tag-france","16":"tag-grenoble","17":"tag-levu00e9e-de-fonds","18":"tag-news","19":"tag-noix-de-grenoble","20":"tag-republique-francaise","21":"tag-start-up"},"share_on_mastodon":{"url":"https:\/\/pubeurope.com\/@fr\/114541296620855395","error":""},"_links":{"self":[{"href":"https:\/\/www.europesays.com\/fr\/wp-json\/wp\/v2\/posts\/114813","targetHints":{"allow":["GET"]}}],"collection":[{"href":"https:\/\/www.europesays.com\/fr\/wp-json\/wp\/v2\/posts"}],"about":[{"href":"https:\/\/www.europesays.com\/fr\/wp-json\/wp\/v2\/types\/post"}],"author":[{"embeddable":true,"href":"https:\/\/www.europesays.com\/fr\/wp-json\/wp\/v2\/users\/2"}],"replies":[{"embeddable":true,"href":"https:\/\/www.europesays.com\/fr\/wp-json\/wp\/v2\/comments?post=114813"}],"version-history":[{"count":0,"href":"https:\/\/www.europesays.com\/fr\/wp-json\/wp\/v2\/posts\/114813\/revisions"}],"wp:featuredmedia":[{"embeddable":true,"href":"https:\/\/www.europesays.com\/fr\/wp-json\/wp\/v2\/media\/114814"}],"wp:attachment":[{"href":"https:\/\/www.europesays.com\/fr\/wp-json\/wp\/v2\/media?parent=114813"}],"wp:term":[{"taxonomy":"category","embeddable":true,"href":"https:\/\/www.europesays.com\/fr\/wp-json\/wp\/v2\/categories?post=114813"},{"taxonomy":"post_tag","embeddable":true,"href":"https:\/\/www.europesays.com\/fr\/wp-json\/wp\/v2\/tags?post=114813"}],"curies":[{"name":"wp","href":"https:\/\/api.w.org\/{rel}","templated":true}]}}