{"id":114815,"date":"2025-05-20T17:17:37","date_gmt":"2025-05-20T17:17:37","guid":{"rendered":"https:\/\/www.europesays.com\/fr\/114815\/"},"modified":"2025-05-20T17:17:37","modified_gmt":"2025-05-20T17:17:37","slug":"on-va-devoir-en-jeter-des-tonnes-a-rennes-les-agriculteurs-menent-une-action-tomates-dans-ce-supermarche","status":"publish","type":"post","link":"https:\/\/www.europesays.com\/fr\/114815\/","title":{"rendered":"\u00ab\u00a0On va devoir en jeter des tonnes\u00a0\u00bb. \u00c0 Rennes, les agriculteurs m\u00e8nent une \u00ab\u00a0action tomates\u00a0\u00bb dans ce supermarch\u00e9"},"content":{"rendered":"<p>            Par<br \/>\n        <strong><br \/>\n            <a href=\"https:\/\/actu.fr\/auteur\/laurene-fertin\" title=\"Consulter tous les articles de Laur\u00e8ne Fertin\" target=\"_blank\" rel=\"noopener\">Laur\u00e8ne Fertin<\/a><br \/>\n        <\/strong><\/p>\n<p>        Publi\u00e9 le<\/p>\n<p>            20 mai 2025 \u00e0 16h07        <\/p>\n<p>Les <strong>agriculteurs<\/strong> disent \u00ab\u2009tirer la sonnette d\u2019alarme\u2009\u00bb. Ce mardi 20\u00a0mai 2025, des producteurs de <strong>tomates cerises<\/strong> et membres de la <strong>FDSEA 35<\/strong> se sont rendus dans le supermarch\u00e9 <strong>Carrefour<\/strong> de Pac\u00e9, pr\u00e8s de Rennes (Ille-et-Vilaine).<\/p>\n<p class=\" wall-content\">Ces derniers se mobilisent en raison de la pr\u00e9sence de <strong>tomates cerises d\u2019origine marocaine<\/strong> dans les rayons de l\u2019enseigne, qui, selon les producteurs, font de l\u2019ombre \u00e0 celles produites en France localement en quantit\u00e9 suffisante.<\/p>\n<p>Des tomates cerises import\u00e9es<\/p>\n<p class=\" wall-content\">Pourquoi l\u2019enseigne Carrefour \u00e9tait-elle <strong>cibl\u00e9e<\/strong>\u2009? Parce que les magasins sont ceux<strong> qui \u00ab\u2009jouent le moins le jeu\u2009\u00bb,<\/strong> r\u00e9sument les producteurs. Ces deux derni\u00e8res semaines, entre \u00ab\u200970 et 80\u2009% des tomates cerises [pr\u00e9sentes dans les magasins Carrefour, N.D.L.R.] \u00e9taient des tomates cerises import\u00e9es\u2009\u00bb, indiquent-ils.<\/p>\n<p class=\" wall-content\">Au Carrefour de Pac\u00e9, ce mardi 20 mai, sur <strong>19 r\u00e9f\u00e9rences de tomates confondues<\/strong> dans les supermarch\u00e9s Carrefour, <strong>trois<\/strong> sont <strong>d\u2019origine \u00e9trang\u00e8re.<\/strong> \u00ab\u2009Mais ces chiffres ne veulent rien dire\u2009\u00bb, commentent les agriculteurs, qui ont alors engag\u00e9 une \u00ab\u2009visite de courtoisie\u2009\u00bb dans le supermarch\u00e9. \u00ab\u00a0Elles ont beau \u00eatre minoritaires en rayon, elles peuvent tr\u00e8s bien se vendre et le r\u00e9assort du rayon peut se faire tr\u00e8s rapidement. Au final, il est donc fort probable que ce soient elles qui sont les plus vendues.\u00a0\u00bb<\/p>\n<p class=\" wall-content\">Ils prennent en l\u2019occurrence pour exemple les tomates cerises\u2009: deux r\u00e9f\u00e9rences sont d\u2019origine marocaine, \u00e0 savoir de la marque Azura, qui arbore en plus sur son carton d\u2019emballage la marque discount Simply de Carrefour, et sont conditionn\u00e9es en deux formats, 250 g et 1 kg. L\u2019origine du produit n\u2019appara\u00eet qu\u2019en tout petit \u00e0 l\u2019arri\u00e8re de la barquette.<\/p>\n<p>Vid\u00e9os : en ce moment sur Actu\u00ab\u2009Jeter des tonnes et des tonnes de tomates cerises\u2009\u00bb<\/p>\n<p class=\" wall-content\"><strong>Et la concurrence d\u00e9loyale<\/strong> n\u2019est jamais tr\u00e8s loin. Les tomates cerises d\u2019origine fran\u00e7aise sont elles aussi bien pr\u00e9sentes dans les rayons, mais concurrenc\u00e9s par les petits prix propos\u00e9s par la marque Azura. Comptez <strong>0,99 euro<\/strong> la barquette de 250 g de tomates cerises Azura, contre 2,50 euros pour la barquette de 450 g sous la marque Solarenn, coop\u00e9rative de tomates, bas\u00e9e \u00e0 Saint-Armel (35).<\/p>\n<p class=\" wall-content\">\u00ab\u2009Si les tomates cerises marocaines sont moins ch\u00e8res, c\u2019est parce que <strong>le co\u00fbt de revient est moins \u00e9lev\u00e9\u2009\u00bb,<\/strong> expliquent les producteurs. \u00ab\u2009Les ouvriers agricoles sont <strong>exploit\u00e9s au Maroc<\/strong>. Les producteurs font beaucoup de marge [\u2026] Nous, nous devons toujours \u00eatre sur le qui-vive pour \u00eatre \u00e0 l\u2019\u00e9quilibre.\u2009\u00bb<\/p>\n<p>    <img   decoding=\"async\" loading=\"lazy\" src=\"https:\/\/www.europesays.com\/fr\/wp-content\/uploads\/2025\/05\/origine-maroc-960x640.jpg\" alt=\"xxx\" width=\"960\" height=\"640\"\/><br \/>\n    Les agriculteurs mobilis\u00e9s ont coll\u00e9 une \u00e9tiquette origine Maroc sur les tomates cerises Azura pour \u00ab\u00a0ne pas tromper les clients\u00a0\u00bb qui les ach\u00e8tent pour leur prix tr\u00e8s attractif. (\u00a9 Brian Le Goff \u2013 actu Rennes)<\/p>\n<p class=\" wall-content\">\u00ab\u2009Nous pouvons fournir des tomates<strong> d\u00e8s le 15\u00a0avril et jusqu\u2019\u00e0 fin octobre\u2009\u00bb,<\/strong> explique Ronan Collet, responsable de l\u2019Union D\u00e9partemental des Producteurs de L\u00e9gumes. \u00ab\u2009Nous sommes en pleine production. Si \u00e7a continue, nous allons devoir<strong> jeter des tonnes et des tonnes<\/strong> de tomates cerises.\u2009\u00bb<\/p>\n<p class=\" wall-content\"><strong>Nicolas Pierre, directeur du Carrefour<\/strong>, a \u00e9chang\u00e9 avec les producteurs pr\u00e9sents qui ont alors coll\u00e9 des <strong>stickers<\/strong> <strong>\u00ab\u2009Origine Maroc\u2009\u00bb<\/strong> sur les tomates cerises d\u2019origine \u00e9trang\u00e8re en rayon. Le directeur du magasin s\u2019est montr\u00e9 compr\u00e9hensif \u00ab\u2009face \u00e0 la probl\u00e9matique\u2009\u00bb rencontr\u00e9e par ces derniers et s\u2019est dit pr\u00eat \u00e0 <strong>collaborer<\/strong> avec eux. Il a aussi indiqu\u00e9 qu\u2019il ferait remonter les revendications des agriculteurs au si\u00e8ge de l\u2019enseigne.<\/p>\n<p>Carrefour r\u00e9pond<\/p>\n<p class=\" wall-content\">Le groupe Carrefour, de son c\u00f4t\u00e9, indique \u00ab\u00a0toujours (privil\u00e9gier) l\u2019origine France pour les fruits et l\u00e9gumes\u00a0\u00bb.\u00a0<\/p>\n<blockquote class=\"ac-article-quote wall-content\">\n<p>Sur l&rsquo;assortiment le plus large, nous comptons huit r\u00e9f\u00e9rences de tomates cerises dont une seule est marocaine. L&rsquo;approvisionnement aupr\u00e8s de producteurs \u00e9trangers permet surtout de r\u00e9pondre \u00e0 la demande hors saison.<\/p>\n<p>    <strong>Carrefour<\/strong>\n            <\/p><\/blockquote>\n<p class=\" wall-content\">Toujours selon le groupe, \u00ab\u00a0la tomate cerise fran\u00e7aise repr\u00e9sente environ un tiers des ventes annuelles, malgr\u00e9 une disponibilit\u00e9 limit\u00e9e d\u2019avril \u00e0 octobre, alors que la consommation est constante toute l\u2019ann\u00e9e\u00a0\u00bb. En revanche, \u00ab\u00a0en pleine saison, elle atteint pr\u00e8s de la moiti\u00e9 des ventes\u00a0\u00bb.<\/p>\n<p class=\" wall-content\">Enfin, pour la tomate dans sa totalit\u00e9, \u00ab\u00a0l\u2019origine France repr\u00e9sente les 3\/4 des ventes\u00a0\u00bb.<\/p>\n<p class=\" wall-content\">Suivez toute l\u2019actualit\u00e9 de vos villes et m\u00e9dias favoris en vous inscrivant \u00e0 <a href=\"https:\/\/moncompte.actu.fr\" title=\"D\u00e9couvez Mon Actu\" rel=\"nofollow noopener\" data-trk=\"{&quot;cta&quot;:{&quot;action&quot;:&quot;https:\\\/\\\/moncompte.actu.fr&quot;,&quot;category&quot;:&quot;mon compte&quot;,&quot;from&quot;:&quot;article footer&quot;,&quot;name&quot;:&quot;Mon actu&quot;,&quot;type&quot;:&quot;cta&quot;}}\" target=\"_blank\">Mon Actu<\/a>.<\/p>\n","protected":false},"excerpt":{"rendered":"Par Laur\u00e8ne Fertin Publi\u00e9 le 20 mai 2025 \u00e0 16h07 Les agriculteurs disent \u00ab\u2009tirer la sonnette d\u2019alarme\u2009\u00bb. Ce&hellip;\n","protected":false},"author":2,"featured_media":114816,"comment_status":"","ping_status":"","sticky":false,"template":"","format":"standard","meta":{"footnotes":""},"categories":[2821],"tags":[1111,11,327,829,4304,1777,674,1011,27,12,584,25,104,23127],"class_list":{"0":"post-114815","1":"post","2":"type-post","3":"status-publish","4":"format-standard","5":"has-post-thumbnail","7":"category-rennes","8":"tag-actu","9":"tag-actualites","10":"tag-agriculture","11":"tag-bretagne","12":"tag-carrefour","13":"tag-eu","14":"tag-europe","15":"tag-fr","16":"tag-france","17":"tag-news","18":"tag-rennes","19":"tag-republique-francaise","20":"tag-societe","21":"tag-tomate"},"share_on_mastodon":{"url":"https:\/\/pubeurope.com\/@fr\/114541300609337359","error":""},"_links":{"self":[{"href":"https:\/\/www.europesays.com\/fr\/wp-json\/wp\/v2\/posts\/114815","targetHints":{"allow":["GET"]}}],"collection":[{"href":"https:\/\/www.europesays.com\/fr\/wp-json\/wp\/v2\/posts"}],"about":[{"href":"https:\/\/www.europesays.com\/fr\/wp-json\/wp\/v2\/types\/post"}],"author":[{"embeddable":true,"href":"https:\/\/www.europesays.com\/fr\/wp-json\/wp\/v2\/users\/2"}],"replies":[{"embeddable":true,"href":"https:\/\/www.europesays.com\/fr\/wp-json\/wp\/v2\/comments?post=114815"}],"version-history":[{"count":0,"href":"https:\/\/www.europesays.com\/fr\/wp-json\/wp\/v2\/posts\/114815\/revisions"}],"wp:featuredmedia":[{"embeddable":true,"href":"https:\/\/www.europesays.com\/fr\/wp-json\/wp\/v2\/media\/114816"}],"wp:attachment":[{"href":"https:\/\/www.europesays.com\/fr\/wp-json\/wp\/v2\/media?parent=114815"}],"wp:term":[{"taxonomy":"category","embeddable":true,"href":"https:\/\/www.europesays.com\/fr\/wp-json\/wp\/v2\/categories?post=114815"},{"taxonomy":"post_tag","embeddable":true,"href":"https:\/\/www.europesays.com\/fr\/wp-json\/wp\/v2\/tags?post=114815"}],"curies":[{"name":"wp","href":"https:\/\/api.w.org\/{rel}","templated":true}]}}