{"id":1148168,"date":"2026-08-25T15:06:26","date_gmt":"2026-08-25T15:06:26","guid":{"rendered":"https:\/\/www.europesays.com\/fr\/1148168\/"},"modified":"2026-08-25T15:06:26","modified_gmt":"2026-08-25T15:06:26","slug":"elisabeth-badinter-annoncee-a-montpellier-pour-linauguration-du-lycee-qui-portera-son-nom","status":"publish","type":"post","link":"https:\/\/www.europesays.com\/fr\/1148168\/","title":{"rendered":"\u00c9lisabeth Badinter annonc\u00e9e \u00e0 Montpellier pour l\u2019inauguration du lyc\u00e9e qui portera son nom"},"content":{"rendered":"<p>                    Par<br \/>\n        <strong><br \/>\n            <a href=\"https:\/\/actu.fr\/auteur\/g-martin\" title=\"Consulter tous les articles de Gil Martin\" rel=\"nofollow noopener\" target=\"_blank\">Gil Martin<\/a><br \/>\n                    <\/strong><\/p>\n<p>        Publi\u00e9 le<\/p>\n<p>            25 ao\u00fbt 2026 \u00e0 17h00        <\/p>\n<p>Figure nationale du f\u00e9minisme, la philosophe devrait effectuer le d\u00e9placement dans <strong>l\u2019ouest montpelli\u00e9rain<\/strong> le 10 septembre prochain pour l\u2019inauguration du lyc\u00e9e qui porte son nom <strong>et celui de son mari, Robert Badinter<\/strong>.<\/p>\n<p>Les Badinter, un couple embl\u00e9matique<\/p>\n<p class=\" wall-content\">En mai 2026, lorsque la R\u00e9gion d\u00e9voilait officiellement le nom du futur lyc\u00e9e situ\u00e9 <strong>\u00e0 Cournonterral<\/strong>, Carole Delga expliquait ce choix : \u00ab Il rend hommage <strong>\u00e0 un couple embl\u00e9matique de la pens\u00e9e r\u00e9publicaine<\/strong>, dont les engagements en faveur de la justice, de l\u2019\u00e9galit\u00e9 et des libert\u00e9s continuent de marquer profond\u00e9ment la soci\u00e9t\u00e9 fran\u00e7aise \u00bb.<\/p>\n<p>\u00ab\u00a0Grandes figures intellectuelles et politiques\u00a0\u00bb<\/p>\n<p class=\" wall-content\">\u00ab Nous voulons que nos jeunes puissent y puiser leur inspiration dans le parcours exceptionnel de ces deux grandes figures intellectuelles et politiques de la R\u00e9publique fran\u00e7aise \u00bb, poursuit la pr\u00e9sidente r\u00e9gionale : \u00ab Robert Badinter, par son combat pour l\u2019abolition de la peine de mort, pour une justice humaine et pour la protection de l\u2019\u00c9tat de droit, ou encore par sa lutte contre l\u2019antis\u00e9mitisme, le racisme et l\u2019homophobie\u2026 et \u00c9lisabeth Badinter, par ses engagements dans les d\u00e9bats intellectuels fran\u00e7ais, notamment sa promotion <strong>d\u2019un f\u00e9minisme universaliste<\/strong> et la d\u00e9fense de la la\u00efcit\u00e9 et de l\u2019\u00e9galit\u00e9 \u00bb.<\/p>\n<p>    <a href=\"https:\/\/www.google.com\/maps\/embed?pb=!1m18!1m12!1m3!1d2891.5708552010847!2d3.7274271111281236!3d43.552986770986514!2m3!1f0!2f0!3f0!3m2!1i1024!2i768!4f13.1!3m3!1m2!1s0x12b14d716ce0bc7d%3A0x53c8b6c71723e44!2sLyc%C3%A9e%20polyvalent%20%C3%89lisabeth%20et%20Robert%20Badinter!5e0!3m2!1sfr!2sfr!4v1787648075820!5m2!1sfr!2sfr\" title=\"Ouvrie le lien\" rel=\"nofollow noopener\" target=\"_blank\">Cliquez ici pour visualiser le contenu<\/a><\/p>\n<p>    <img   decoding=\"async\" loading=\"lazy\" src=\"https:\/\/www.europesays.com\/fr\/wp-content\/uploads\/2026\/08\/photo-lycee-cournonterra-2-960x640.jpg\" alt=\"L'\u00e9tablissement \u00e0 \u00e9nergie positive accueillera 1 400 \u00e9l\u00e8ves \" width=\"960\" height=\"640\"\/><br \/>\n    L\u2019\u00e9tablissement \u00e0 \u00e9nergie positive accueillera 1 400 \u00e9l\u00e8ves (\u00a9DR)Vid\u00e9os : en ce moment sur Actu<\/p>\n<blockquote class=\"ac-article-quote wall-content\">\n<p>\u00ab\u00a0Nous voulons que ce lyc\u00e9e devienne un lieu vivant, o\u00f9 chaque \u00e9l\u00e8ve pourra s\u2019identifier \u00e0 leur vision humaniste et \u00e0 leur foi dans l\u2019\u00e9mancipation par l\u2019\u00e9ducation\u00a0\u00bb<\/p>\n<p>    <strong>Carole Delga<\/strong><br \/>\n        Pr\u00e9sidente de la R\u00e9gion Occitanie    <\/p><\/blockquote>\n<p class=\" wall-content\">Pour Carole Delga, \u00ab \u00c9lisabeth et Robert Badinter incarnent \u00e0 la fois l\u2019exigence morale, le courage de l\u2019action, la rigueur et l\u2019honn\u00eatet\u00e9 intellectuelle auxquels nous sommes profond\u00e9ment attach\u00e9s en Occitanie\u2026 Le nom de ce lyc\u00e9e sera la marque de deux esprits libres, ins\u00e9parables mais dissociables, d\u2019un couple qui porte et a toujours port\u00e9<strong> les lumi\u00e8res de la R\u00e9publique<\/strong>. Nous voulons que ce lyc\u00e9e devienne un lieu vivant, o\u00f9 chaque \u00e9l\u00e8ve pourra s\u2019identifier \u00e0 leur vision humaniste <strong>et \u00e0 leur foi dans l\u2019\u00e9mancipation par l\u2019\u00e9ducation<\/strong> et qu\u2019eux-m\u00eames puissent se faire \u00e0 leur tour les porteurs de ces lumi\u00e8res \u00bb.<\/p>\n<p>Le 11e lyc\u00e9e construit par la R\u00e9gion Occitanie<\/p>\n<p>Le lyc\u00e9e de Cournonterral, \u00e0 l\u2019ouest de Montpellier, est le 11e lyc\u00e9e neuf \u00e0 \u00e9nergie positive construit en Occitanie depuis 2016 et le second dans l\u2019H\u00e9rault, apr\u00e8s celui de Gignac, inaugur\u00e9 en 2020. D\u2019une surface de 17 200 m\u00b2, sur un site comprenant plus de 60 % d\u2019espaces verts et 1 000 arbres, le lyc\u00e9e \u00c9lisabeth et Robert Badinter accueillera dans quelques jours pr\u00e8s de 1 400 \u00e9l\u00e8ves et proposera une offre de formation polyvalente autour des m\u00e9tiers du num\u00e9rique et de l\u2019informatique. La R\u00e9gion Occitanie a financ\u00e9 la construction de ce nouvel \u00e9tablissement \u00e0 100 %, soit un montant total de 52 M\u20ac.<\/p>\n<p class=\" wall-content\">Personnalisez votre actualit\u00e9 en ajoutant vos villes et m\u00e9dias en favori avec <a href=\"https:\/\/moncompte.actu.fr\" title=\"D\u00e9couvez Mon Actu\" rel=\"nofollow noopener\" data-trk=\"{&quot;cta&quot;:{&quot;action&quot;:&quot;https:\\\/\\\/moncompte.actu.fr&quot;,&quot;category&quot;:&quot;mon compte&quot;,&quot;from&quot;:&quot;article footer&quot;,&quot;name&quot;:&quot;Mon actu&quot;,&quot;type&quot;:&quot;cta&quot;}}\" target=\"_blank\">Mon Actu<\/a>.<\/p>\n","protected":false},"excerpt":{"rendered":"Par Gil Martin Publi\u00e9 le 25 ao\u00fbt 2026 \u00e0 17h00 Figure nationale du f\u00e9minisme, la philosophe devrait effectuer&hellip;\n","protected":false},"author":2,"featured_media":1148169,"comment_status":"","ping_status":"","sticky":false,"template":"","format":"standard","meta":{"footnotes":"","_share_on_mastodon":"0"},"categories":[9599],"tags":[1111,11,1261,1777,674,6757,1011,27,2208,12,2680,25,104,2086],"class_list":["post-1148168","post","type-post","status-publish","format-standard","has-post-thumbnail","category-montpellier","tag-actu","tag-actualites","tag-argent","tag-eu","tag-europe","tag-feminisme","tag-fr","tag-france","tag-montpellier","tag-news","tag-occitanie","tag-republique-francaise","tag-societe","tag-travaux"],"share_on_mastodon":{"url":"","error":""},"_links":{"self":[{"href":"https:\/\/www.europesays.com\/fr\/wp-json\/wp\/v2\/posts\/1148168","targetHints":{"allow":["GET"]}}],"collection":[{"href":"https:\/\/www.europesays.com\/fr\/wp-json\/wp\/v2\/posts"}],"about":[{"href":"https:\/\/www.europesays.com\/fr\/wp-json\/wp\/v2\/types\/post"}],"author":[{"embeddable":true,"href":"https:\/\/www.europesays.com\/fr\/wp-json\/wp\/v2\/users\/2"}],"replies":[{"embeddable":true,"href":"https:\/\/www.europesays.com\/fr\/wp-json\/wp\/v2\/comments?post=1148168"}],"version-history":[{"count":0,"href":"https:\/\/www.europesays.com\/fr\/wp-json\/wp\/v2\/posts\/1148168\/revisions"}],"wp:featuredmedia":[{"embeddable":true,"href":"https:\/\/www.europesays.com\/fr\/wp-json\/wp\/v2\/media\/1148169"}],"wp:attachment":[{"href":"https:\/\/www.europesays.com\/fr\/wp-json\/wp\/v2\/media?parent=1148168"}],"wp:term":[{"taxonomy":"category","embeddable":true,"href":"https:\/\/www.europesays.com\/fr\/wp-json\/wp\/v2\/categories?post=1148168"},{"taxonomy":"post_tag","embeddable":true,"href":"https:\/\/www.europesays.com\/fr\/wp-json\/wp\/v2\/tags?post=1148168"}],"curies":[{"name":"wp","href":"https:\/\/api.w.org\/{rel}","templated":true}]}}