{"id":114823,"date":"2025-05-20T17:21:09","date_gmt":"2025-05-20T17:21:09","guid":{"rendered":"https:\/\/www.europesays.com\/fr\/114823\/"},"modified":"2025-05-20T17:21:09","modified_gmt":"2025-05-20T17:21:09","slug":"elle-donne-naissance-a-une-fille-sur-la-voie-rapide-a-nice-ce-mardi-en-pleine-heure-de-pointe","status":"publish","type":"post","link":"https:\/\/www.europesays.com\/fr\/114823\/","title":{"rendered":"Elle donne naissance \u00e0 une fille sur la voie rapide \u00e0 Nice ce mardi en pleine heure de pointe"},"content":{"rendered":"<p>Voil\u00e0 un accouchement rapide&#8230;<\/p>\n<p>Ce mardi, vers 17 heures, un couple a appel\u00e9 les pompiers car la femme \u00e9tait sur le point d\u2019accoucher.<\/p>\n<p>Les futurs parents, en contact avec les pompiers et le Samu, ont pris leur voiture et un rendez-vous a \u00e9t\u00e9 donn\u00e9 devant le complexe Jean-Bouin. Apr\u00e8s un rapide examen par les secours, il a \u00e9t\u00e9 d\u00e9cid\u00e9 d\u2019accompagner la future maman \u00e0 l\u2019h\u00f4pital L\u2019Archet.<\/p>\n<p>Mais le b\u00e9b\u00e9, et la vie, en ont d\u00e9cid\u00e9 autrement&#8230;<\/p>\n<p>Alors que le convoi arrivait \u00e0 Magnan, sur la voie rapide, juste avant le radar automatique, le nourrisson a point\u00e9 le bout de son nez&#8230;<\/p>\n<p>Les v\u00e9hicules se sont alors arr\u00eat\u00e9s sur le bord de la route. La maman a \u00e9t\u00e9 accouch\u00e9e par l\u2019\u00e9quipe du Smur \u00e0 l\u2019arri\u00e8re du v\u00e9hicule de sapeurs-pompiers.<\/p>\n<p>Aux derni\u00e8res nouvelles, la maman et la petite fille se portent bien. Elles ont \u00e9t\u00e9 accompagn\u00e9es jusqu\u2019\u00e0 l\u2019h\u00f4pital L\u2019Archet.<\/p>\n","protected":false},"excerpt":{"rendered":"Voil\u00e0 un accouchement rapide&#8230; Ce mardi, vers 17 heures, un couple a appel\u00e9 les pompiers car la femme&hellip;\n","protected":false},"author":2,"featured_media":114824,"comment_status":"","ping_status":"","sticky":false,"template":"","format":"standard","meta":{"footnotes":""},"categories":[2819],"tags":[1111,11,1777,674,1011,27,1757,12,2401,882,25],"class_list":{"0":"post-114823","1":"post","2":"type-post","3":"status-publish","4":"format-standard","5":"has-post-thumbnail","7":"category-nice","8":"tag-actu","9":"tag-actualites","10":"tag-eu","11":"tag-europe","12":"tag-fr","13":"tag-france","14":"tag-insolite","15":"tag-news","16":"tag-nice","17":"tag-provence-alpes-cote-dazur","18":"tag-republique-francaise"},"share_on_mastodon":{"url":"https:\/\/pubeurope.com\/@fr\/114541316287238908","error":""},"_links":{"self":[{"href":"https:\/\/www.europesays.com\/fr\/wp-json\/wp\/v2\/posts\/114823","targetHints":{"allow":["GET"]}}],"collection":[{"href":"https:\/\/www.europesays.com\/fr\/wp-json\/wp\/v2\/posts"}],"about":[{"href":"https:\/\/www.europesays.com\/fr\/wp-json\/wp\/v2\/types\/post"}],"author":[{"embeddable":true,"href":"https:\/\/www.europesays.com\/fr\/wp-json\/wp\/v2\/users\/2"}],"replies":[{"embeddable":true,"href":"https:\/\/www.europesays.com\/fr\/wp-json\/wp\/v2\/comments?post=114823"}],"version-history":[{"count":0,"href":"https:\/\/www.europesays.com\/fr\/wp-json\/wp\/v2\/posts\/114823\/revisions"}],"wp:featuredmedia":[{"embeddable":true,"href":"https:\/\/www.europesays.com\/fr\/wp-json\/wp\/v2\/media\/114824"}],"wp:attachment":[{"href":"https:\/\/www.europesays.com\/fr\/wp-json\/wp\/v2\/media?parent=114823"}],"wp:term":[{"taxonomy":"category","embeddable":true,"href":"https:\/\/www.europesays.com\/fr\/wp-json\/wp\/v2\/categories?post=114823"},{"taxonomy":"post_tag","embeddable":true,"href":"https:\/\/www.europesays.com\/fr\/wp-json\/wp\/v2\/tags?post=114823"}],"curies":[{"name":"wp","href":"https:\/\/api.w.org\/{rel}","templated":true}]}}