{"id":1148237,"date":"2026-08-25T15:53:24","date_gmt":"2026-08-25T15:53:24","guid":{"rendered":"https:\/\/www.europesays.com\/fr\/1148237\/"},"modified":"2026-08-25T15:53:24","modified_gmt":"2026-08-25T15:53:24","slug":"adhesion-de-larmenie-a-lue-une-eventuelle-demande-serait-examinee-avec-interet-par-bruxelles","status":"publish","type":"post","link":"https:\/\/www.europesays.com\/fr\/1148237\/","title":{"rendered":"Adh\u00e9sion de l&rsquo;Arm\u00e9nie \u00e0 l&rsquo;UE : une \u00e9ventuelle demande serait examin\u00e9e \u00ab\u00a0avec int\u00e9r\u00eat\u00a0\u00bb par Bruxelles"},"content":{"rendered":"<ul class=\"jsx-25100651 ArticleChapo__List\">\n<li class=\"jsx-25100651 ArticleChapo__List_Item flex\">L&rsquo;UE accueille \u00ab\u00a0avec int\u00e9r\u00eat\u00a0\u00bb l&rsquo;\u00e9ventuelle demande d&rsquo;adh\u00e9sion de l&rsquo;Arm\u00e9nie, qui semble se profiler.<\/li>\n<li class=\"jsx-25100651 ArticleChapo__List_Item flex\">La veille, le pr\u00e9sident arm\u00e9nien avait laiss\u00e9 entendre qu&rsquo;une demande officielle serait bient\u00f4t envoy\u00e9e.<\/li>\n<li class=\"jsx-25100651 ArticleChapo__List_Item flex\">Un rapprochement de cette petite r\u00e9publique du Caucase avec l&rsquo;UE serait en revanche tr\u00e8s mal per\u00e7u au Kremlin.<\/li>\n<\/ul>\n<p id=\"body-_R_17t7pm_-block-5\" data-module=\"article-paragraph\" class=\"jsx-2921227388 Paragraph Paragraph__End\">L&rsquo;Union europ\u00e9enne a indiqu\u00e9 ce mardi 25 ao\u00fbt consid\u00e9rer \u00ab\u00a0avec int\u00e9r\u00eat\u00a0\u00bb l&rsquo;\u00e9ventuelle demande prochaine d&rsquo;<a href=\"https:\/\/www.tf1info.fr\/international\/armenie-union-europeenne-russie-vladimir-poutine-menace-d-un-scenario-ukrainien-en-cas-d-adhesion-a-l-ue-2444925.html\" rel=\"nofollow noopener\" target=\"_blank\">adh\u00e9sion de l&rsquo;Arm\u00e9nie<\/a>, qui cherche \u00e0 se rapprocher des Occidentaux et \u00e0 s&rsquo;\u00e9loigner de Moscou. L&rsquo;int\u00e9r\u00eat d&rsquo;Erevan \u00e0 rejoindre les 27 est \u00ab\u00a0une nouvelle expression de l&rsquo;attrait que l&rsquo;UE exerce sur les citoyens\u00a0\u00bb, a affirm\u00e9 la porte-parole de la Commission europ\u00e9enne Paula Pinho. Un tel rapprochement de l&rsquo;Arm\u00e9nie avec l&rsquo;Europe ne serait en revanche pas du tout du go\u00fbt du Kremlin.<\/p>\n<p>Pr\u00e9 carr\u00e9 de Moscou<\/p>\n<p id=\"body-_R_17t7pm_-block-8\" data-module=\"article-paragraph\" class=\"jsx-2921227388 Paragraph\">Le Premier ministre arm\u00e9nien <a href=\"https:\/\/www.tf1info.fr\/international\/legislatives-en-armenie-large-victoire-du-premier-ministre-nikol-pachinian-contre-son-adversaire-pro-russe-2445971.html\" rel=\"nofollow noopener\" target=\"_blank\">Nikol Pachinian<\/a> avait affirm\u00e9 la veille que son pays pourrait envoyer prochainement cette demande officielle d&rsquo;adh\u00e9sion \u00e0 l&rsquo;UE. La Russie voit d&rsquo;un tr\u00e8s mauvais \u0153il les ambitions europ\u00e9ennes de cette ex-r\u00e9publique sovi\u00e9tique du Caucase, qu&rsquo;elle consid\u00e8re comme son pr\u00e9 carr\u00e9.<\/p>\n<p data-module=\"article-paragraph\" class=\"jsx-2921227388 Paragraph Paragraph__End\">Moscou insiste pour que l&rsquo;Arm\u00e9nie organise d&rsquo;abord un r\u00e9f\u00e9rendum sur son adh\u00e9sion \u00e0 l&rsquo;UE, incompatible selon elle avec son maintien dans leur alliance \u00e9conomique commune, l&rsquo;Union \u00e9conomique eurasiatique. Nikol Pachinian, qui s&rsquo;exprimait devant le Parlement, a r\u00e9pondu ce lundi qu&rsquo;un r\u00e9f\u00e9rendum n&rsquo;aurait de sens qu&rsquo;une fois \u00e9valu\u00e9 \u00ab\u00a0le r\u00e9alisme\u00a0\u00bb d&rsquo;une adh\u00e9sion \u00e0 l&rsquo;UE.<\/p>\n<p><a href=\"https:\/\/www.tf1info.fr\/international\/armenie-union-europeenne-russie-vladimir-poutine-menace-d-un-scenario-ukrainien-en-cas-d-adhesion-a-l-ue-2444925.html\" rel=\"nofollow noopener\" class=\"jsx-958316424 Link flex\" target=\"_blank\"><img decoding=\"async\" src=\"https:\/\/www.europesays.com\/fr\/wp-content\/uploads\/2026\/05\/vladimir-poutine-pour-ses-voeux-2025-6cc81f-0@1x.jpeg\" alt=\"VLADIMIR POUTINE POUR SES VOEUX 2025\" loading=\"lazy\" importance=\"low\" fetchpriority=\"low\" class=\"\" copyright=\"Mikhail METZEL \/ POOL \/ AFP\" aria-hidden=\"true\"\/><\/p>\n<p class=\"jsx-4054529586 ReadMoreArticle__Title\">Lire aussi<\/p>\n<p class=\"jsx-4054529586\">Arm\u00e9nie : Vladimir Poutine menace d&rsquo;un \u00ab\u00a0sc\u00e9nario ukrainien\u00a0\u00bb en cas d&rsquo;adh\u00e9sion \u00e0 l&rsquo;UE<\/p>\n<p><\/a><\/p>\n<p id=\"body-_R_17t7pm_-block-12\" data-module=\"article-paragraph\" class=\"jsx-2921227388 Paragraph Paragraph__End\">Pour cela, \u00ab\u00a0l&rsquo;Arm\u00e9nie doit d&rsquo;abord d\u00e9poser sa candidature \u00e0 l&rsquo;adh\u00e9sion \u00e0 l&rsquo;Union europ\u00e9enne\u00a0\u00bb, a-t-il estim\u00e9, sans donner toutefois de date. Le virage europ\u00e9en d&rsquo;Erevan a jet\u00e9 un froid dans ses relations avec Moscou, qui a pris des sanctions contre l&rsquo;Arm\u00e9nie. La Russie a notamment interdit l&rsquo;importation de produits agricoles arm\u00e9niens, pour lesquels elle est un march\u00e9 cl\u00e9. Vladimir Poutine avait m\u00eame menac\u00e9 d&rsquo;un \u00ab\u00a0sc\u00e9nario ukrainien\u00a0\u00bb en cas d&rsquo;adh\u00e9sion \u00e0 l&rsquo;UE.<\/p>\n","protected":false},"excerpt":{"rendered":"L&rsquo;UE accueille \u00ab\u00a0avec int\u00e9r\u00eat\u00a0\u00bb l&rsquo;\u00e9ventuelle demande d&rsquo;adh\u00e9sion de l&rsquo;Arm\u00e9nie, qui semble se profiler. La veille, le pr\u00e9sident arm\u00e9nien&hellip;\n","protected":false},"author":2,"featured_media":1148238,"comment_status":"","ping_status":"","sticky":false,"template":"","format":"standard","meta":{"footnotes":"","_share_on_mastodon":"0"},"categories":[1586],"tags":[1111,11,5950,1921,5925,1777,674,1779,1011,27,1922,8201,1916,12,8200,2543,25,132,1778,364,133,1920,135],"class_list":["post-1148237","post","type-post","status-publish","format-standard","has-post-thumbnail","category-europe","tag-actu","tag-actualites","tag-armenie","tag-article-video","tag-conflits-et-guerre","tag-eu","tag-europe","tag-european-union","tag-fr","tag-france","tag-info","tag-ingerence-etrangere","tag-moscou","tag-news","tag-politique-et-crise-dun-pays-etranger","tag-relations-internationales","tag-republique-francaise","tag-russie","tag-ue","tag-union-europeenne","tag-video","tag-video-international","tag-vladimir-poutine"],"share_on_mastodon":{"url":"https:\/\/pubeurope.com\/@fr\/117156959515127699","error":""},"_links":{"self":[{"href":"https:\/\/www.europesays.com\/fr\/wp-json\/wp\/v2\/posts\/1148237","targetHints":{"allow":["GET"]}}],"collection":[{"href":"https:\/\/www.europesays.com\/fr\/wp-json\/wp\/v2\/posts"}],"about":[{"href":"https:\/\/www.europesays.com\/fr\/wp-json\/wp\/v2\/types\/post"}],"author":[{"embeddable":true,"href":"https:\/\/www.europesays.com\/fr\/wp-json\/wp\/v2\/users\/2"}],"replies":[{"embeddable":true,"href":"https:\/\/www.europesays.com\/fr\/wp-json\/wp\/v2\/comments?post=1148237"}],"version-history":[{"count":0,"href":"https:\/\/www.europesays.com\/fr\/wp-json\/wp\/v2\/posts\/1148237\/revisions"}],"wp:featuredmedia":[{"embeddable":true,"href":"https:\/\/www.europesays.com\/fr\/wp-json\/wp\/v2\/media\/1148238"}],"wp:attachment":[{"href":"https:\/\/www.europesays.com\/fr\/wp-json\/wp\/v2\/media?parent=1148237"}],"wp:term":[{"taxonomy":"category","embeddable":true,"href":"https:\/\/www.europesays.com\/fr\/wp-json\/wp\/v2\/categories?post=1148237"},{"taxonomy":"post_tag","embeddable":true,"href":"https:\/\/www.europesays.com\/fr\/wp-json\/wp\/v2\/tags?post=1148237"}],"curies":[{"name":"wp","href":"https:\/\/api.w.org\/{rel}","templated":true}]}}