{"id":114827,"date":"2025-05-20T17:23:16","date_gmt":"2025-05-20T17:23:16","guid":{"rendered":"https:\/\/www.europesays.com\/fr\/114827\/"},"modified":"2025-05-20T17:23:16","modified_gmt":"2025-05-20T17:23:16","slug":"apres-la-relaxe-de-lagriculteur-il-y-aura-un-proces-en-appel","status":"publish","type":"post","link":"https:\/\/www.europesays.com\/fr\/114827\/","title":{"rendered":"apr\u00e8s la relaxe de l\u2019agriculteur, il y aura un proc\u00e8s en appel"},"content":{"rendered":"<p>            Par<br \/>\n        <strong><br \/>\n            <a href=\"https:\/\/actu.fr\/auteur\/laurent-fortin\" title=\"Consulter tous les articles de Laurent Fortin\" target=\"_blank\" rel=\"noopener\">Laurent Fortin<\/a><br \/>\n        <\/strong><\/p>\n<p>        Publi\u00e9 le<\/p>\n<p>            20 mai 2025 \u00e0 18h16        <\/p>\n<p>Le <b>parquet et les parties civiles ont d\u00e9cid\u00e9 d\u2019interjeter appel <\/b>suite \u00e0 la<a href=\"https:\/\/actu.fr\/pays-de-la-loire\/aigrefeuille-sur-maine_44002\/le-motard-etait-mort-en-percutant-une-vache-en-divagation-lagriculteur-de-loire-atlantique-relaxe_62602268.html\" target=\"_blank\" rel=\"noopener\"><b> relaxe prononc\u00e9e <\/b><\/a>par le pr\u00e9sident du <b>tribunal correctionnel de Nantes, le 5\u00a0mai<\/b> dernier. Ce dernier n\u2019avait pas d\u00e9taill\u00e9 oralement les motivations du jugement.<\/p>\n<blockquote class=\"ac-article-quote wall-content\">\n<p>Laisser entendre qu\u2019il n\u2019y a aucune responsabilit\u00e9 de la part de l\u2019agriculteur est inconcevable pour la famille.<\/p>\n<p>Guillaume Fourrier, l\u2019avocat de la famille du d\u00e9funt.<\/p><\/blockquote>\n<p class=\" wall-content\">Et pour le minist\u00e8re public aussi. Toutes les parties seront de nouveau <b>convoqu\u00e9es devant la Cour d\u2019appel de Rennes d\u2019ici probablement fin 2026.<\/b><\/p>\n<p>La question de la responsabilit\u00e9<\/p>\n<p class=\" wall-content\">Pour rappel, Andr\u00e9 Domin\u00e9, 62\u00a0ans,<a href=\"https:\/\/actu.fr\/pays-de-la-loire\/aigrefeuille-sur-maine_44002\/accident-mortel-au-sud-de-nantes-le-pilote-du-scooter-etait-policier_57608072.html\" target=\"_blank\" rel=\"noopener\"> policier \u00e0 la retraite<\/a> qui officiait comme huissier d\u2019audience au palais de justice de Nantes et p\u00e8re de 7\u00a0enfants, avait<a href=\"https:\/\/actu.fr\/pays-de-la-loire\/aigrefeuille-sur-maine_44002\/le-pilote-dun-scooter-decede-apres-avoir-percute-une-vache-au-sud-de-nantes_57600391.html\" target=\"_blank\" rel=\"noopener\"> <\/a><b><a href=\"https:\/\/actu.fr\/pays-de-la-loire\/aigrefeuille-sur-maine_44002\/le-pilote-dun-scooter-decede-apres-avoir-percute-une-vache-au-sud-de-nantes_57600391.html\" target=\"_blank\" rel=\"noopener\">mortellement heurt\u00e9 une vache <\/a>qui divaguait sur la tr\u00e8s circulante route d\u00e9partementale<\/b> entre <a href=\"https:\/\/actu.fr\/pays-de-la-loire\/aigrefeuille-sur-maine_44002\" target=\"_blank\" rel=\"noopener\"><b>Aigrefeuille-sur-Maine <\/b><\/a>et Nantes, au petit matin du<b> 23 f\u00e9vrier 2023. <\/b>Il roulait sur son scooter \u00e0 trois roues.<\/p>\n<p>Vid\u00e9os : en ce moment sur Actu<\/p>\n<p class=\" wall-content\">Plusieurs autres animaux avaient \u00e9t\u00e9 signal\u00e9s sur la chauss\u00e9e quelques dizaines de minutes avant le choc fatal.<a href=\"https:\/\/actu.fr\/pays-de-la-loire\/aigrefeuille-sur-maine_44002\/un-eleveur-de-loire-atlantique-juge-apres-quune-de-ses-vaches-en-divagation-ait-tue-un-motard_62478255.html\" target=\"_blank\" rel=\"noopener\"> L\u2019enqu\u00eate avait r\u00e9v\u00e9l\u00e9 que l\u2019\u00e9leveur avait \u00ab<b>\u2009coup\u00e9 le courant \u00e9lectrique\u2009\u00bb<\/b><\/a> du \u00ab\u2009poste de cl\u00f4ture\u2009\u00bb qui \u00ab\u2009achemine le courant le long d\u2019un chemin\u2009\u00bb qui faisait l\u2019objet de<b> \u00ab\u2009travaux de terrassement\u2009\u00bb. <\/b>Son avocate avait plaid\u00e9 la relaxe puisque <b>\u00ab\u2009rien n\u2019impose \u00e0 un \u00e9leveur d\u2019avoir du courant \u00e9lectrique sur ses cl\u00f4tures\u2009\u00bb.<\/b><\/p>\n<p class=\" wall-content\">Suivez toute l\u2019actualit\u00e9 de vos villes et m\u00e9dias favoris en vous inscrivant \u00e0 <a href=\"https:\/\/moncompte.actu.fr\" title=\"D\u00e9couvez Mon Actu\" rel=\"nofollow noopener\" data-trk=\"{&quot;cta&quot;:{&quot;action&quot;:&quot;https:\\\/\\\/moncompte.actu.fr&quot;,&quot;category&quot;:&quot;mon compte&quot;,&quot;from&quot;:&quot;article footer&quot;,&quot;name&quot;:&quot;Mon actu&quot;,&quot;type&quot;:&quot;cta&quot;}}\" target=\"_blank\">Mon Actu<\/a>.<\/p>\n","protected":false},"excerpt":{"rendered":"Par Laurent Fortin Publi\u00e9 le 20 mai 2025 \u00e0 18h16 Le parquet et les parties civiles ont d\u00e9cid\u00e9&hellip;\n","protected":false},"author":2,"featured_media":114828,"comment_status":"","ping_status":"","sticky":false,"template":"","format":"standard","meta":{"footnotes":""},"categories":[2818],"tags":[119,1111,11,1777,674,118,1011,27,303,766,12,2636,25,2900],"class_list":{"0":"post-114827","1":"post","2":"type-post","3":"status-publish","4":"format-standard","5":"has-post-thumbnail","7":"category-nantes","8":"tag-accident","9":"tag-actu","10":"tag-actualites","11":"tag-eu","12":"tag-europe","13":"tag-faits-divers","14":"tag-fr","15":"tag-france","16":"tag-justice","17":"tag-nantes","18":"tag-news","19":"tag-pays-de-la-loire","20":"tag-republique-francaise","21":"tag-vignoble-nantais"},"share_on_mastodon":{"url":"https:\/\/pubeurope.com\/@fr\/114541324148240196","error":""},"_links":{"self":[{"href":"https:\/\/www.europesays.com\/fr\/wp-json\/wp\/v2\/posts\/114827","targetHints":{"allow":["GET"]}}],"collection":[{"href":"https:\/\/www.europesays.com\/fr\/wp-json\/wp\/v2\/posts"}],"about":[{"href":"https:\/\/www.europesays.com\/fr\/wp-json\/wp\/v2\/types\/post"}],"author":[{"embeddable":true,"href":"https:\/\/www.europesays.com\/fr\/wp-json\/wp\/v2\/users\/2"}],"replies":[{"embeddable":true,"href":"https:\/\/www.europesays.com\/fr\/wp-json\/wp\/v2\/comments?post=114827"}],"version-history":[{"count":0,"href":"https:\/\/www.europesays.com\/fr\/wp-json\/wp\/v2\/posts\/114827\/revisions"}],"wp:featuredmedia":[{"embeddable":true,"href":"https:\/\/www.europesays.com\/fr\/wp-json\/wp\/v2\/media\/114828"}],"wp:attachment":[{"href":"https:\/\/www.europesays.com\/fr\/wp-json\/wp\/v2\/media?parent=114827"}],"wp:term":[{"taxonomy":"category","embeddable":true,"href":"https:\/\/www.europesays.com\/fr\/wp-json\/wp\/v2\/categories?post=114827"},{"taxonomy":"post_tag","embeddable":true,"href":"https:\/\/www.europesays.com\/fr\/wp-json\/wp\/v2\/tags?post=114827"}],"curies":[{"name":"wp","href":"https:\/\/api.w.org\/{rel}","templated":true}]}}