{"id":114831,"date":"2025-05-20T17:25:08","date_gmt":"2025-05-20T17:25:08","guid":{"rendered":"https:\/\/www.europesays.com\/fr\/114831\/"},"modified":"2025-05-20T17:25:08","modified_gmt":"2025-05-20T17:25:08","slug":"a-cause-de-linsecurite-le-reseau-tbm-sera-perturbe-a-bordeaux-durant-une-journee-entiere","status":"publish","type":"post","link":"https:\/\/www.europesays.com\/fr\/114831\/","title":{"rendered":"\u00c0 cause de l&rsquo;ins\u00e9curit\u00e9, le r\u00e9seau TBM sera perturb\u00e9 \u00e0 Bordeaux durant une journ\u00e9e enti\u00e8re"},"content":{"rendered":"<p>            Par<br \/>\n        <strong><br \/>\n            <a href=\"https:\/\/actu.fr\/auteur\/aurelien-cardot\" title=\"Consulter tous les articles de Aurelien Cardot\" target=\"_blank\" rel=\"noopener\">Aurelien Cardot<\/a><br \/>\n        <\/strong><\/p>\n<p>        Publi\u00e9 le<\/p>\n<p>            20 mai 2025 \u00e0 18h45        <\/p>\n<p>Un <strong>mouvement de gr\u00e8ve<\/strong> touchera le r\u00e9seau <a href=\"https:\/\/actu.fr\/tag\/tbm\" target=\"_blank\" rel=\"noopener\">TBM<\/a> ce jeudi 22 mai 2025 \u00e0 Bordeaux. Le pr\u00e9avis, d\u00e9pos\u00e9 par une organisation syndicale sur des questions de s\u00fbret\u00e9, fait notamment suite \u00e0 <a href=\"https:\/\/actu.fr\/nouvelle-aquitaine\/villenave-d-ornon_33550\/bordeaux-metropole-sur-le-reseau-tbm-un-conducteur-de-bus-se-fait-lyncher-pour-un-motif-completement-futile_62619832.html\" target=\"_blank\" rel=\"noopener\">la violente agression d\u2019un chauffeur de bus d\u00e9but mai \u00e0 Villenave-d\u2019Ornon.<\/a><\/p>\n<p class=\" wall-content\">La gr\u00e8ve entra\u00eenera de l\u00e9gers ajustements sur certaines lignes, notamment en journ\u00e9e. Le trafic sera globalement assur\u00e9 mais attention, <strong>quelques variations<\/strong> sont \u00e0 anticiper.\u00a0<\/p>\n<p>Comment sont impact\u00e9s les tramways ?<\/p>\n<p class=\" wall-content\">Les quatre lignes de tram devraient <strong>circuler <\/strong>avec des fr\u00e9quences proches de la normale, explique TBM.<\/p>\n<p class=\" wall-content\">Voici leurs fr\u00e9quences :\u00a0<\/p>\n<ul class=\" wall-content\">\n<li>Tram A et B : un passage toutes les <strong>5 minutes<\/strong> en c\u0153ur de ligne, puis 10 minutes sur les branches vers Dravemont, La Gardette, Le Haillan, M\u00e9rignac A\u00e9roport, France Alouette, Pessac Centre et les Berges de la Garonne.<\/li>\n<li>Tram C et D : une fr\u00e9quence de <strong>7 minutes 30<\/strong> sur le tron\u00e7on principal, et 15 minutes sur les antennes Gare de Blanquefort, Parc des Expositions, Villenave Pyr\u00e9n\u00e9es et Cantinolle.<\/li>\n<\/ul>\n<p>Vid\u00e9os : en ce moment sur ActuEt les lignes de bus ?<\/p>\n<p class=\" wall-content\">Certaines lignes de bus verront leur <strong>fr\u00e9quence r\u00e9duite :<\/strong><\/p>\n<ul class=\" wall-content\">\n<li>BEX G : un passage toutes les 7 minutes 30.<\/li>\n<li>Lianes 15 : toutes les 12 minutes.<\/li>\n<li>Lianes 1, 5, 8, 16 : toutes les 15 minutes.<\/li>\n<li>Lianes 7, 24, 35 : toutes les 20 minutes.<\/li>\n<li>Lignes 20, 23, 25, 27, 28, 32, 34, 70, 73, 74, 86 : toutes les 30 minutes.<\/li>\n<li>Ligne 64 : toutes les 45 minutes.<\/li>\n<li>Lignes 66 et 78 : toutes les 60 minutes.<\/li>\n<li>Ligne 55 : seuls quelques d\u00e9parts seront assur\u00e9s (depuis R\u00e9publique \u00e0 7h20, 9h10 et 16h50 ; depuis ZA Magellan \u00e0 8h10, 15h40 et 17h40).<\/li>\n<\/ul>\n<p class=\" wall-content\">TBM invite les usagers \u00e0 <strong>consulter ses canaux en ligne<\/strong> pour suivre l\u2019\u00e9volution du trafic ce jeudi.<\/p>\n<p>Une gr\u00e8ve contre l\u2019ins\u00e9curit\u00e9<\/p>\n<p class=\" wall-content\">\u00ab\u00a0Cette <strong>alarme sociale commune<\/strong> a pour objectif de permettre \u00e0 l\u2019ensemble des organisations syndicales de pouvoir engager un dialogue avec la direction\u00a0\u00bb confie <a href=\"https:\/\/www.facebook.com\/profile.php?id=100066769114995\" target=\"_blank\" rel=\"noopener\">la CGT sur Facebook.<\/a><\/p>\n<p class=\" wall-content\">Le pr\u00e9avis de gr\u00e8ve fait suite \u00e0 une lettre d\u00e9pos\u00e9e par plusieurs syndicats (CGT, FO, CFTC, CFE-CGC). Ils d\u00e9noncent une <strong>ins\u00e9curit\u00e9 croissante<\/strong> pour les salari\u00e9s, notamment les conducteurs, mais \u00e9galement un manque d\u2019effectifs dans les services d\u2019intervention, et des ambigu\u00eft\u00e9s sur le droit de retrait.<\/p>\n<p class=\" wall-content\">Pour rappel, le 7 mai dernier, le chauffeur de bus Jean-Christophe Colombo avait eu <strong>huit jours d\u2019incapacit\u00e9 totale de travail (ITT)\u00a0<\/strong>apr\u00e8s son agression. Il avait \u00e9t\u00e9 lynch\u00e9 dans son v\u00e9hicule pour <a href=\"https:\/\/actu.fr\/nouvelle-aquitaine\/villenave-d-ornon_33550\/bordeaux-metropole-sur-le-reseau-tbm-un-conducteur-de-bus-se-fait-lyncher-pour-un-motif-completement-futile_62619832.html\" target=\"_blank\" rel=\"noopener\">avoir demand\u00e9 \u00e0 un passager de dire bonjour.<\/a><\/p>\n<p class=\" wall-content\">Selon Keolis, le <strong>nombre d\u2019agressions<\/strong> sur les conducteurs du r\u00e9seau TBM n\u2019a pas augment\u00e9 ces derni\u00e8res ann\u00e9es. Pourtant, les employ\u00e9s ressentent une escalade de la violence. \u00ab Il n\u2019y a pas plus d\u2019agressions mais <strong>la gravit\u00e9 est plus \u00e9lev\u00e9e.<\/strong> Les r\u00e9actions sont compl\u00e8tement disproportionn\u00e9es \u00bb, avait t\u00e9moign\u00e9 le chauffeur de bus aupr\u00e8s d\u2019actu Bordeaux.<\/p>\n<p class=\" wall-content\">Suivez toute l\u2019actualit\u00e9 de vos villes et m\u00e9dias favoris en vous inscrivant \u00e0 <a href=\"https:\/\/moncompte.actu.fr\" title=\"D\u00e9couvez Mon Actu\" rel=\"nofollow noopener\" data-trk=\"{&quot;cta&quot;:{&quot;action&quot;:&quot;https:\\\/\\\/moncompte.actu.fr&quot;,&quot;category&quot;:&quot;mon compte&quot;,&quot;from&quot;:&quot;article footer&quot;,&quot;name&quot;:&quot;Mon actu&quot;,&quot;type&quot;:&quot;cta&quot;}}\" target=\"_blank\">Mon Actu<\/a>.<\/p>\n","protected":false},"excerpt":{"rendered":"Par Aurelien Cardot Publi\u00e9 le 20 mai 2025 \u00e0 18h45 Un mouvement de gr\u00e8ve touchera le r\u00e9seau TBM&hellip;\n","protected":false},"author":2,"featured_media":38922,"comment_status":"","ping_status":"","sticky":false,"template":"","format":"standard","meta":{"footnotes":""},"categories":[2817],"tags":[1111,11,1997,1777,674,1011,27,6151,12,2219,25,104,7952,2803],"class_list":{"0":"post-114831","1":"post","2":"type-post","3":"status-publish","4":"format-standard","5":"has-post-thumbnail","7":"category-bordeaux","8":"tag-actu","9":"tag-actualites","10":"tag-bordeaux","11":"tag-eu","12":"tag-europe","13":"tag-fr","14":"tag-france","15":"tag-greve","16":"tag-news","17":"tag-nouvelle-aquitaine","18":"tag-republique-francaise","19":"tag-societe","20":"tag-tbm","21":"tag-transport"},"share_on_mastodon":{"url":"https:\/\/pubeurope.com\/@fr\/114541332055681023","error":""},"_links":{"self":[{"href":"https:\/\/www.europesays.com\/fr\/wp-json\/wp\/v2\/posts\/114831","targetHints":{"allow":["GET"]}}],"collection":[{"href":"https:\/\/www.europesays.com\/fr\/wp-json\/wp\/v2\/posts"}],"about":[{"href":"https:\/\/www.europesays.com\/fr\/wp-json\/wp\/v2\/types\/post"}],"author":[{"embeddable":true,"href":"https:\/\/www.europesays.com\/fr\/wp-json\/wp\/v2\/users\/2"}],"replies":[{"embeddable":true,"href":"https:\/\/www.europesays.com\/fr\/wp-json\/wp\/v2\/comments?post=114831"}],"version-history":[{"count":0,"href":"https:\/\/www.europesays.com\/fr\/wp-json\/wp\/v2\/posts\/114831\/revisions"}],"wp:featuredmedia":[{"embeddable":true,"href":"https:\/\/www.europesays.com\/fr\/wp-json\/wp\/v2\/media\/38922"}],"wp:attachment":[{"href":"https:\/\/www.europesays.com\/fr\/wp-json\/wp\/v2\/media?parent=114831"}],"wp:term":[{"taxonomy":"category","embeddable":true,"href":"https:\/\/www.europesays.com\/fr\/wp-json\/wp\/v2\/categories?post=114831"},{"taxonomy":"post_tag","embeddable":true,"href":"https:\/\/www.europesays.com\/fr\/wp-json\/wp\/v2\/tags?post=114831"}],"curies":[{"name":"wp","href":"https:\/\/api.w.org\/{rel}","templated":true}]}}