{"id":114832,"date":"2025-05-20T17:26:09","date_gmt":"2025-05-20T17:26:09","guid":{"rendered":"https:\/\/www.europesays.com\/fr\/114832\/"},"modified":"2025-05-20T17:26:09","modified_gmt":"2025-05-20T17:26:09","slug":"champions-cup-damian-penaud-fait-son-retour-avec-bordeaux-begles-pour-la-finale-contre-northampton","status":"publish","type":"post","link":"https:\/\/www.europesays.com\/fr\/114832\/","title":{"rendered":"Champions Cup. Damian Penaud fait son retour avec Bordeaux-B\u00e8gles pour la finale contre Northampton"},"content":{"rendered":"<p>            Par<br \/>\n        <strong><br \/>\n            <a href=\"https:\/\/actu.fr\/auteur\/nicolas-dendri-actu-fr\" title=\"Consulter tous les articles de Nicolas Dendri\" target=\"_blank\" rel=\"noopener\">Nicolas Dendri<\/a><br \/>\n        <\/strong><\/p>\n<p>        Publi\u00e9 le<\/p>\n<p>            20 mai 2025 \u00e0 18h59        <\/p>\n<p>L\u2019ailier international de <a href=\"https:\/\/actu.fr\/rugby\/equipe\/bordeaux-begles_64dd31517b8c09c4fec880dd\" target=\"_blank\" rel=\"noopener\">Bordeaux-B\u00e8gles<\/a> <strong>Damian Penaud<\/strong>, bless\u00e9 \u00e0 la cheville contre Toulouse en demi-finale de <a href=\"https:\/\/actu.fr\/rugby\/coupe-deurope\" target=\"_blank\" rel=\"noopener\">Champions Cup<\/a>, sera bien pr\u00e9sent pour affronter <strong>Northampton<\/strong> en finale ce samedi 24 mai \u00e0 Cardiff, a indiqu\u00e9 mardi 20 mai son manager Yannick Bru.\u00a0<\/p>\n<p>Damian Penaud align\u00e9 en finale<\/p>\n<p class=\" wall-content\">Depuis le milieu de la semaine derni\u00e8re et le retour \u00e0 l\u2019entra\u00eenement de l\u2019ailier de <strong>29 ans<\/strong> aux <strong>56 s\u00e9lections<\/strong> avec le XV de France, il ne faisait plus gu\u00e8re de doute que l\u2019ancien Clermontois serait pr\u00e9sent au Principality Stadium pour la finale.\u00a0<\/p>\n<p class=\" wall-content\">Lors de la conf\u00e9rence de presse, des confr\u00e8res ont demand\u00e9 au manager de l\u2019UBB si Damian Penaud serait pr\u00e9sent et apte \u00e0 100 %. <strong>Yannick Bru a r\u00e9pondu deux fois \u00ab\u00a0oui\u00a0\u00bb<\/strong>, avec le sourire et sans s\u2019\u00e9pancher davantage.<\/p>\n<p>Une blessure face \u00e0 Toulouse<\/p>\n<p class=\" wall-content\"><a href=\"https:\/\/actu.fr\/nouvelle-aquitaine\/bordeaux_33063\/damian-penaud-blesse-face-a-toulouse-quelle-solution-a-l-aile-de-bordeaux-begles-pour-la-suite-de-la-saison_62595038.html\" target=\"_blank\" rel=\"noopener\">Damian Penaud s\u2019\u00e9tait bless\u00e9 le 4 mai dernier<\/a> peu avant l\u2019heure de jeu de la demi finale de Champions Cup contre Toulouse. Il a \u00e9t\u00e9 touch\u00e9 \u00e0 la cheville gauche apr\u00e8s une mauvaise r\u00e9ception suite \u00e0 un saut sur un renvoi dans le camp toulousain.<\/p>\n<p class=\" wall-content\">Longtemps rest\u00e9 au sol avant de sortir, l\u2019ailier bordelais avait \u00e9t\u00e9 \u00e9paul\u00e9 par les soigneurs pour sortir du terrain, d\u2019abord sans pouvoir poser le pied par terre, avant de regagner les vestiaires en boitant.<\/p>\n<p>Vid\u00e9os : en ce moment sur ActuBordeaux-B\u00e8gles au quasi-complet\u00a0<\/p>\n<p class=\" wall-content\">Selon les premiers examens pass\u00e9s par <a href=\"https:\/\/actu.fr\/nouvelle-aquitaine\/bordeaux_33063\/champions-cup-damian-penaud-fait-tomber-un-record-grace-a-une-passe-sublime-de-matthieu-jalibert_62503599.html\" target=\"_blank\" rel=\"noopener\">le recordman d\u2019essais inscrits sur une saison de Champions cup<\/a>, une <strong>l\u00e9sion ligamentaire<\/strong> avait \u00e9t\u00e9 diagnostiqu\u00e9e, selon son entourage, qui se montrait alors \u00ab\u00a0raisonnablement optimiste\u00a0\u00bb sur ses chances d\u2019\u00eatre r\u00e9tabli pour la finale face \u00e0 Northampton.<\/p>\n<p class=\" wall-content\">Face aux Saints, l\u2019UBB devrait pouvoir disposer d\u2019un groupe quasi au complet avec pour seuls absents le pilier sud-africain Carl\u00fc Sadie et le troisi\u00e8me ligne australien Lachlan Swinton, victimes \u00ab\u00a0de blessures osseuses ou traumatologiques\u00a0\u00bb a rappel\u00e9 Yannick Bru, ainsi que l\u2019ouvreur Mateo Garcia \u00ab\u00a0qui paye l\u2019intensit\u00e9 des efforts du 7 et les voyages\u00a0\u00bb.<\/p>\n<p class=\" wall-content\"><strong>Avec AFP<\/strong><\/p>\n<p class=\" wall-content\">Suivez toute l\u2019actualit\u00e9 de vos villes et m\u00e9dias favoris en vous inscrivant \u00e0 <a href=\"https:\/\/moncompte.actu.fr\" title=\"D\u00e9couvez Mon Actu\" rel=\"nofollow noopener\" data-trk=\"{&quot;cta&quot;:{&quot;action&quot;:&quot;https:\\\/\\\/moncompte.actu.fr&quot;,&quot;category&quot;:&quot;mon compte&quot;,&quot;from&quot;:&quot;article footer&quot;,&quot;name&quot;:&quot;Mon actu&quot;,&quot;type&quot;:&quot;cta&quot;}}\" target=\"_blank\">Mon Actu<\/a>.<\/p>\n","protected":false},"excerpt":{"rendered":"Par Nicolas Dendri Publi\u00e9 le 20 mai 2025 \u00e0 18h59 L\u2019ailier international de Bordeaux-B\u00e8gles Damian Penaud, bless\u00e9 \u00e0&hellip;\n","protected":false},"author":2,"featured_media":114833,"comment_status":"","ping_status":"","sticky":false,"template":"","format":"standard","meta":{"footnotes":""},"categories":[2817],"tags":[1111,11,1997,3460,1089,4363,1777,674,1011,27,12,2219,3788,25,479,60,4435],"class_list":{"0":"post-114832","1":"post","2":"type-post","3":"status-publish","4":"format-standard","5":"has-post-thumbnail","7":"category-bordeaux","8":"tag-actu","9":"tag-actualites","10":"tag-bordeaux","11":"tag-champions-cup","12":"tag-coupe-deurope","13":"tag-damian-penaud","14":"tag-eu","15":"tag-europe","16":"tag-fr","17":"tag-france","18":"tag-news","19":"tag-nouvelle-aquitaine","20":"tag-pro","21":"tag-republique-francaise","22":"tag-rugby","23":"tag-sports","24":"tag-ubb-union-bordeaux-begles"},"share_on_mastodon":{"url":"https:\/\/pubeurope.com\/@fr\/114541336006830497","error":""},"_links":{"self":[{"href":"https:\/\/www.europesays.com\/fr\/wp-json\/wp\/v2\/posts\/114832","targetHints":{"allow":["GET"]}}],"collection":[{"href":"https:\/\/www.europesays.com\/fr\/wp-json\/wp\/v2\/posts"}],"about":[{"href":"https:\/\/www.europesays.com\/fr\/wp-json\/wp\/v2\/types\/post"}],"author":[{"embeddable":true,"href":"https:\/\/www.europesays.com\/fr\/wp-json\/wp\/v2\/users\/2"}],"replies":[{"embeddable":true,"href":"https:\/\/www.europesays.com\/fr\/wp-json\/wp\/v2\/comments?post=114832"}],"version-history":[{"count":0,"href":"https:\/\/www.europesays.com\/fr\/wp-json\/wp\/v2\/posts\/114832\/revisions"}],"wp:featuredmedia":[{"embeddable":true,"href":"https:\/\/www.europesays.com\/fr\/wp-json\/wp\/v2\/media\/114833"}],"wp:attachment":[{"href":"https:\/\/www.europesays.com\/fr\/wp-json\/wp\/v2\/media?parent=114832"}],"wp:term":[{"taxonomy":"category","embeddable":true,"href":"https:\/\/www.europesays.com\/fr\/wp-json\/wp\/v2\/categories?post=114832"},{"taxonomy":"post_tag","embeddable":true,"href":"https:\/\/www.europesays.com\/fr\/wp-json\/wp\/v2\/tags?post=114832"}],"curies":[{"name":"wp","href":"https:\/\/api.w.org\/{rel}","templated":true}]}}