{"id":1148329,"date":"2026-08-25T16:54:18","date_gmt":"2026-08-25T16:54:18","guid":{"rendered":"https:\/\/www.europesays.com\/fr\/1148329\/"},"modified":"2026-08-25T16:54:18","modified_gmt":"2026-08-25T16:54:18","slug":"lyon-cetait-un-quartier-populaire-cest-devenu-craignos-squatte-de-part-et-dautre-les-abords-du-college-clemenceau-sous-tension-avant-la-rent","status":"publish","type":"post","link":"https:\/\/www.europesays.com\/fr\/1148329\/","title":{"rendered":"Lyon \u00ab\u00a0C\u2019\u00e9tait un quartier populaire, c\u2019est devenu craignos\u00a0\u00bb\u00a0: squatt\u00e9 de part et d\u2019autre, les abords du coll\u00e8ge Cl\u00e9menceau sous tension avant la rentr\u00e9e"},"content":{"rendered":"<p>Dans la rue Bechevelin, le pas des riverains s\u2019acc\u00e9l\u00e8re d\u00e8s que le soleil d\u00e9cline. \u00c0 deux pas des grilles encore closes du coll\u00e8ge Cl\u00e9menceau, la d\u00e9molition d\u2019un b\u00e2timent a laiss\u00e9 place \u00e0 un terrain vague occup\u00e9, suscitant une grande inqui\u00e9tude chez les parents d\u2019\u00e9l\u00e8ves et les riverains \u00e0 l\u2019approche de la rentr\u00e9e.<\/p>\n<p>Le \u00ab\u00a0triptyque gagnant\u00a0\u00bb des squats<\/p>\n<p>Alex, habitant du quartier depuis cinq ans, d\u00e9crit un quotidien devenu asphyxiant\u00a0: \u00ab\u00a0C\u2019est l\u2019enfer depuis deux ans et la destruction de l\u2019 <a href=\"https:\/\/www.leprogres.fr\/economie\/2025\/10\/20\/l-atelier-du-chat-perche-a-quitte-la-guillotiere-pour-gerland-avec-toujours-le-meme-succes\" target=\"_blank\" rel=\"nofollow noopener\">atelier de r\u00e9paration de v\u00e9lo Chat perch\u00e9<\/a>. Il y a des squats partout. Je travaille de nuit et quand je rentre le soir, ils sont tous au sol, d\u00e9fonc\u00e9s ou alcoolis\u00e9s. Le triptyque gagnant, c\u2019est entre ici, la place Mazagran et en face de l\u2019Universit\u00e9 Lyon 2.\u00a0\u00bb Face \u00e0 cette situation, l\u2019incompr\u00e9hension domine\u00a0: \u00ab\u00a0Il ne m\u2019est rien&#8230;<\/p>\n","protected":false},"excerpt":{"rendered":"Dans la rue Bechevelin, le pas des riverains s\u2019acc\u00e9l\u00e8re d\u00e8s que le soleil d\u00e9cline. \u00c0 deux pas des&hellip;\n","protected":false},"author":2,"featured_media":1148330,"comment_status":"","ping_status":"","sticky":false,"template":"","format":"standard","meta":{"footnotes":"","_share_on_mastodon":"0"},"categories":[1889],"tags":[1111,11,2430,3599,1984,2757,1057,1777,674,1011,27,3539,2428,5947,5946,12,316,25,801,104],"class_list":["post-1148329","post","type-post","status-publish","format-standard","has-post-thumbnail","category-lyon","tag-actu","tag-actualites","tag-auvergne-rhone-alpes","tag-college-lycee","tag-conseil-municipal","tag-edition-lyon-villeurbanne","tag-education","tag-eu","tag-europe","tag-fr","tag-france","tag-les-ecologistes","tag-lyon","tag-lyon-7e","tag-lyon-7e-arrondissement","tag-news","tag-politique","tag-republique-francaise","tag-social","tag-societe"],"share_on_mastodon":{"url":"https:\/\/pubeurope.com\/@fr\/117157198142546038","error":""},"_links":{"self":[{"href":"https:\/\/www.europesays.com\/fr\/wp-json\/wp\/v2\/posts\/1148329","targetHints":{"allow":["GET"]}}],"collection":[{"href":"https:\/\/www.europesays.com\/fr\/wp-json\/wp\/v2\/posts"}],"about":[{"href":"https:\/\/www.europesays.com\/fr\/wp-json\/wp\/v2\/types\/post"}],"author":[{"embeddable":true,"href":"https:\/\/www.europesays.com\/fr\/wp-json\/wp\/v2\/users\/2"}],"replies":[{"embeddable":true,"href":"https:\/\/www.europesays.com\/fr\/wp-json\/wp\/v2\/comments?post=1148329"}],"version-history":[{"count":0,"href":"https:\/\/www.europesays.com\/fr\/wp-json\/wp\/v2\/posts\/1148329\/revisions"}],"wp:featuredmedia":[{"embeddable":true,"href":"https:\/\/www.europesays.com\/fr\/wp-json\/wp\/v2\/media\/1148330"}],"wp:attachment":[{"href":"https:\/\/www.europesays.com\/fr\/wp-json\/wp\/v2\/media?parent=1148329"}],"wp:term":[{"taxonomy":"category","embeddable":true,"href":"https:\/\/www.europesays.com\/fr\/wp-json\/wp\/v2\/categories?post=1148329"},{"taxonomy":"post_tag","embeddable":true,"href":"https:\/\/www.europesays.com\/fr\/wp-json\/wp\/v2\/tags?post=1148329"}],"curies":[{"name":"wp","href":"https:\/\/api.w.org\/{rel}","templated":true}]}}