{"id":114834,"date":"2025-05-20T17:27:11","date_gmt":"2025-05-20T17:27:11","guid":{"rendered":"https:\/\/www.europesays.com\/fr\/114834\/"},"modified":"2025-05-20T17:27:11","modified_gmt":"2025-05-20T17:27:11","slug":"a-toulouse-les-ecoles-se-transforment-pour-affronter-la-chaleur-et-mieux-accueillir","status":"publish","type":"post","link":"https:\/\/www.europesays.com\/fr\/114834\/","title":{"rendered":"\u00c0 Toulouse, les \u00e9coles se transforment pour affronter la chaleur et mieux accueillir"},"content":{"rendered":"<p><strong>\u00c0 Toulouse, les \u00e9coles \u00e9voluent pour s\u2019adapter aux enjeux environnementaux, au bien-\u00eatre des \u00e9l\u00e8ves et \u00e0 la croissance d\u00e9mographique. De nouvelles constructions sortent de terre, tandis que d\u2019anciennes sont r\u00e9habilit\u00e9es, avec une attention particuli\u00e8re port\u00e9e aux cours d\u2019\u00e9cole, \u00e0 la fra\u00eecheur et \u00e0 la modularit\u00e9 des locaux.<\/strong><\/p>\n<p><img fetchpriority=\"high\" decoding=\"async\" width=\"1200\" height=\"675\" src=\"https:\/\/www.europesays.com\/fr\/wp-content\/uploads\/2025\/05\/cours-oasis-ecole-toulouse.jpg\" alt=\"Des cours &quot;oasis&quot;, avec des tables de pique-nique.\"  \/><\/p>\n<p>Des cours \u201coasis\u201d sont am\u00e9nag\u00e9es dans les \u00e9coles toulousaines, comme ici, \u00e0 B\u00e9n\u00e9zet. \u00a9 Bryan Faham \/Le JT<\/p>\n<p>\u00c0 la rentr\u00e9e de septembre 2025, <strong>les travaux du groupe scolaire B\u00e9n\u00e9zet, dans le quartier Saint-Cyprien, seront termin\u00e9s<\/strong>. Trois nouvelles classes ont \u00e9t\u00e9 am\u00e9nag\u00e9es pour l\u2019\u00e9cole maternelle, ainsi qu\u2019<a href=\"https:\/\/www.lejournaltoulousain.fr\/occitanie\/haute-garonne\/toulouse\/change-ecoles-toulouse-rentree-2024-280137\/\" data-type=\"post\" data-id=\"280137\" rel=\"nofollow noopener\" target=\"_blank\">une cour de type \u201coasis\u201d<\/a>, pens\u00e9e pour offrir un espace plus agr\u00e9able et adapt\u00e9 \u00e0 tous les enfants. L\u2019\u00e9cole \u00e9l\u00e9mentaire, quant \u00e0 elle, est enti\u00e8rement reconstruite et comptera quinze classes, et sa cour v\u00e9g\u00e9talis\u00e9e.<\/p>\n<p>Le projet a n\u00e9cessit\u00e9 un investissement de plus de 13 millions d\u2019euros. \u00ab\u00a0Ce que nous faisons ici est<strong> repr\u00e9sentatif de ce que nous faisons depuis onze ans<\/strong>\u00a0\u00bb, estime Jean-Luc Moudenc, maire de Toulouse.<\/p>\n<p>Des chantiers pens\u00e9s pour \u00eatre plus \u00e9cologiques<\/p>\n<p>Les projets de construction ou de r\u00e9novation int\u00e8grent <strong>des standards environnementaux durables<\/strong>. \u00c0 B\u00e9n\u00e9zet, la mairie pr\u00e9voit <strong>un r\u00e9emploi de 85% des d\u00e9chets<\/strong> issus de la d\u00e9construction. Une partie des mat\u00e9riaux, comme<strong> les fen\u00eatres, est m\u00eame r\u00e9utilis\u00e9e<\/strong> dans la reconstruction.<\/p>\n<p>Les nouvelles \u00e9coles sont con\u00e7ues pour <strong>mieux r\u00e9sister aux fortes chaleurs<\/strong>. Les climatiseurs sont remplac\u00e9s par des brasseurs d\u2019air, des salles de fra\u00eecheur sont am\u00e9nag\u00e9es, et les \u00e9clairages sont remplac\u00e9s par des ampoules LED.<\/p>\n<p>Le rev\u00eatement des cours est \u00e9galement revu. <strong>Fini le tout-bitume : place aux mat\u00e9riaux poreux<\/strong>, aux teintes claires et surtout \u00e0 la v\u00e9g\u00e9tation.<\/p>\n<p>Des cours \u201coasis\u201d pour plus de fra\u00eecheur<\/p>\n<p>Parmi les 211 \u00e9coles de la ville, <strong>111 sont d\u00e9j\u00e0 \u00e9quip\u00e9es <a href=\"https:\/\/metropole.toulouse.fr\/actualites\/du-neuf-pour-les-ecoles\" target=\"_blank\" data-type=\"link\" data-id=\"https:\/\/metropole.toulouse.fr\/actualites\/du-neuf-pour-les-ecoles\" rel=\"noreferrer noopener nofollow\">de cours \u201coasis\u201d<\/a><\/strong>. Ces espaces comprennent des coins de motricit\u00e9 diff\u00e9renci\u00e9s, des zones calmes, des zones actives et des espaces de biodiversit\u00e9. L\u2019objectif est d\u2019en faire <strong>un lieu accueillant pour tous les enfants<\/strong>, filles et gar\u00e7ons.<\/p>\n<p>\u00c0 l\u2019\u00e9cole maternelle B\u00e9n\u00e9zet, <a href=\"https:\/\/www.lejournaltoulousain.fr\/occitanie\/haute-garonne\/toulouse\/objectif-100-000-arbres-toulouse-avance-grands-pas-312300\/\" data-type=\"post\" data-id=\"312300\" rel=\"nofollow noopener\" target=\"_blank\">l\u2019espace de v\u00e9g\u00e9tation existait d\u00e9j\u00e0<\/a>. Mais il \u00e9tait ferm\u00e9.<strong> Il est d\u00e9sormais ouvert et am\u00e9nag\u00e9 <\/strong>avec des tables de pique-nique et un potager. Une partie du mobilier est fabriqu\u00e9e par les ateliers municipaux. Des poules et des lapins sont aussi pr\u00e9sents.<\/p>\n<p>Ce mod\u00e8le des cours \u201coasis\u201d s\u2019est d\u00e9velopp\u00e9 progressivement, en s\u2019inspirant de bonnes pratiques observ\u00e9es dans d\u2019autres villes europ\u00e9ennes. \u00ab\u00a0Aujourd\u2019hui, <strong>d\u2019autres villes viennent \u00e0 Toulouse pour voir ce que nous faisons<\/strong>\u00a0\u00bb, se r\u00e9jouit Marion Lalane-de Laubad\u00e8re, premi\u00e8re adjointe charg\u00e9e du Bien Grandir.<\/p>\n<p><img loading=\"lazy\" decoding=\"async\" width=\"1200\" height=\"675\" src=\"https:\/\/www.europesays.com\/fr\/wp-content\/uploads\/2025\/05\/ecole-en-construction.jpg\" alt=\"Une \u00e9cole primaire en construction \u00e0 Toulouse.\"  \/><\/p>\n<p>Pour r\u00e9pondre aux enjeux climatiques, les climatiseurs laissent place \u00e0 des brasseurs d\u2019air dans cet \u00e9cole en construction. \u00a9 Bryan Faham \/ Le JT<\/p>\n<p>Des \u00e9coles ouvertes sur leur quartier<\/p>\n<p>\u00ab Depuis 2014, la mairie de Toulouse a travaill\u00e9 sur <strong>un mod\u00e8le type d\u2019\u00e9cole plus adapt\u00e9 aux nouveaux besoins scolaires et p\u00e9riscolaires<\/strong>, en prenant en compte le bien-\u00eatre de tous et les questions environnementales\u00a0\u00bb, indique-t-on du c\u00f4t\u00e9 de la collectivit\u00e9. \u00ab\u00a0Elle l\u2019a fait \u00e9voluer au fil des ann\u00e9es en allant plus loin pour <strong>tendre vers une \u00e9cole plus modulaire, plus vertueuse et plus ouverte sur le quartier<\/strong>.\u00a0\u00bb<\/p>\n<p>Depuis 2022, toutes les nouvelles \u00e9coles maternelles de Toulouse disposent ainsi de <strong>salles mutualis\u00e9es<\/strong>. Ces espaces sont con\u00e7us pour \u00eatre utilis\u00e9s par l\u2019\u00e9tablissement, mais aussi <strong>au b\u00e9n\u00e9fice des habitants du quartier, en dehors du temps scolaire<\/strong>.<\/p>\n<p>Un effort budg\u00e9taire croissant<\/p>\n<p>Entre 2014 et 2020, la municipalit\u00e9 a investi 225 millions d\u2019euros dans les \u00e9coles. Ce montant est pass\u00e9 \u00e0 <strong>339 millions d\u2019euros sur la p\u00e9riode 2020-2024<\/strong>. En comparaison, 125 millions avaient \u00e9t\u00e9 consacr\u00e9s \u00e0 ce secteur entre 2008 et 2014, sous le mandat de Pierre Cohen (PS).<\/p>\n<p>L\u2019investissement ne se limite pas aux constructions neuves. Plus de<strong> la moiti\u00e9 du budget est destin\u00e9e \u00e0 la r\u00e9novation et \u00e0 l\u2019adaptation des \u00e9coles existantes<\/strong>. Au groupe scolaire Jean-Zay, au Nord de la ville, une \u00e9cole primaire sous-dimensionn\u00e9e a ainsi \u00e9t\u00e9 transform\u00e9e en maternelle, et un nouvel \u00e9tablissement \u00e9l\u00e9mentaire a \u00e9t\u00e9 construit \u00e0 c\u00f4t\u00e9.<\/p>\n<p>\u00ab Nous aurons construit <strong>38 \u00e9coles sur deux mandatures <\/strong>pour coller \u00e0 la demande\u00a0\u00bb, souligne Jean-Luc Moudenc. \u00ab\u00a0L\u2019\u00e9ducation est le premier poste de d\u00e9penses municipales, devant la culture.\u00a0\u00bb<\/p>\n<p>De nouveaux chantiers en pr\u00e9paration<\/p>\n<p>D\u2019ici \u00e0 la fin du mandat, la mairie pr\u00e9voit d\u2019avancer sur d\u2019autres \u00e9tablissements. <strong>\u00ab\u00a0Nos projets ne sont pas index\u00e9s sur le calendrier \u00e9lectoral \u00bb<\/strong>, fait savoir le maire. Deux concours d\u2019architectes ont d\u00e9j\u00e0 \u00e9t\u00e9 lanc\u00e9s pour<strong> les groupes scolaires Adrienne-Bolland, dans le quartier des Izards, et Lise-Meitner, \u00e0 Fondeyre<\/strong>.<\/p>\n<p>Mais la mairie le reconna\u00eet : elle ne ma\u00eetrise pas tous les leviers. <strong>Il faut que l\u2019\u00c9tat puisse mettre des enseignants dans les nouvelles \u00e9coles.<\/strong><\/p>\n","protected":false},"excerpt":{"rendered":"\u00c0 Toulouse, les \u00e9coles \u00e9voluent pour s\u2019adapter aux enjeux environnementaux, au bien-\u00eatre des \u00e9l\u00e8ves et \u00e0 la croissance&hellip;\n","protected":false},"author":2,"featured_media":114835,"comment_status":"","ping_status":"","sticky":false,"template":"","format":"standard","meta":{"footnotes":""},"categories":[2816],"tags":[1111,11,1777,674,1011,27,23503,12,2680,25,2312,13137],"class_list":{"0":"post-114834","1":"post","2":"type-post","3":"status-publish","4":"format-standard","5":"has-post-thumbnail","7":"category-toulouse","8":"tag-actu","9":"tag-actualites","10":"tag-eu","11":"tag-europe","12":"tag-fr","13":"tag-france","14":"tag-les-u00e9coles-se-transforment-pour-affronter-la-chaleur-et-mieux-accueillir","15":"tag-news","16":"tag-occitanie","17":"tag-republique-francaise","18":"tag-toulouse","19":"tag-u00c0-toulouse"},"share_on_mastodon":{"url":"https:\/\/pubeurope.com\/@fr\/114541339887269118","error":""},"_links":{"self":[{"href":"https:\/\/www.europesays.com\/fr\/wp-json\/wp\/v2\/posts\/114834","targetHints":{"allow":["GET"]}}],"collection":[{"href":"https:\/\/www.europesays.com\/fr\/wp-json\/wp\/v2\/posts"}],"about":[{"href":"https:\/\/www.europesays.com\/fr\/wp-json\/wp\/v2\/types\/post"}],"author":[{"embeddable":true,"href":"https:\/\/www.europesays.com\/fr\/wp-json\/wp\/v2\/users\/2"}],"replies":[{"embeddable":true,"href":"https:\/\/www.europesays.com\/fr\/wp-json\/wp\/v2\/comments?post=114834"}],"version-history":[{"count":0,"href":"https:\/\/www.europesays.com\/fr\/wp-json\/wp\/v2\/posts\/114834\/revisions"}],"wp:featuredmedia":[{"embeddable":true,"href":"https:\/\/www.europesays.com\/fr\/wp-json\/wp\/v2\/media\/114835"}],"wp:attachment":[{"href":"https:\/\/www.europesays.com\/fr\/wp-json\/wp\/v2\/media?parent=114834"}],"wp:term":[{"taxonomy":"category","embeddable":true,"href":"https:\/\/www.europesays.com\/fr\/wp-json\/wp\/v2\/categories?post=114834"},{"taxonomy":"post_tag","embeddable":true,"href":"https:\/\/www.europesays.com\/fr\/wp-json\/wp\/v2\/tags?post=114834"}],"curies":[{"name":"wp","href":"https:\/\/api.w.org\/{rel}","templated":true}]}}