{"id":1148353,"date":"2026-08-25T17:06:18","date_gmt":"2026-08-25T17:06:18","guid":{"rendered":"https:\/\/www.europesays.com\/fr\/1148353\/"},"modified":"2026-08-25T17:06:18","modified_gmt":"2026-08-25T17:06:18","slug":"les-islandais-se-posent-a-nouveau-la-question-dune-adhesion-de-leur-pays-a-lunion-europeenne","status":"publish","type":"post","link":"https:\/\/www.europesays.com\/fr\/1148353\/","title":{"rendered":"Les Islandais se posent \u00e0 nouveau la question d&rsquo;une adh\u00e9sion de leur pays \u00e0 l&rsquo;Union europ\u00e9enne"},"content":{"rendered":"<p class=\"ap-StoryElement ap-StoryElement--mb ap-StoryText\">La coalition pro-europ\u00e9enne tripartite dirig\u00e9e par la social-d\u00e9mocrate Kristr\u00fan Frostad\u00f3ttir depuis 2024 a d\u00e9cid\u00e9 de donner une nouvelle chance aux perspectives d&rsquo;adh\u00e9sion, en appelant \u00e0 un nouveau r\u00e9f\u00e9rendum, inscrit au programme gouvernemental.<\/p>\n<p><a href=\"https:\/\/www.lalibre.be\/international\/europe\/2024\/12\/21\/a-seulement-36-ans-kristrun-frostadottir-devient-la-plus-jeune-premiere-ministre-dislande-HAALU3ZOXNALFGIXECC74L3FG4\/\" target=\"_self\" class=\"ap-StoryInterstitialLink ap-StoryElement ap-StoryElement--mb\" rel=\"nofollow noopener\">A seulement 36 ans, Kristr\u00fan Frostad\u00f3ttir devient la plus jeune Premi\u00e8re ministre d&rsquo;Islande<\/a>N\u00e9cessit\u00e9 g\u00e9opolitique<\/p>\n<p class=\"ap-StoryElement ap-StoryElement--mb ap-StoryText\">L&rsquo;int\u00e9r\u00eat du gouvernement islandais d&rsquo;ancrer l&rsquo;\u00eele \u00e0 l&rsquo;UE s&rsquo;est d\u00e9velopp\u00e9 depuis que la pr\u00e9sence am\u00e9ricaine dans l&rsquo;Arctique est devenu une obsession de Donald Trump. <a href=\"https:\/\/www.lalibre.be\/international\/europe\/2025\/01\/09\/donald-trump-a-ouvert-la-boite-de-pandore-de-la-tentation-imperiale-JGL3R7FZCBCLVK3CGAVJJIE2CY\/\" target=\"_self\" rel=\"nofollow noopener\">D\u00e9termin\u00e9 \u00e0 s&#8217;emparer du Groenland<\/a>, le pr\u00e9sident am\u00e9ricain avait confondu le territoire autonome danois avec l&rsquo;Islande, dans un discours en janvier dernier \u00e0 Davos. C&rsquo;\u00e9tait un lapsus, mais il a n\u00e9anmoins jet\u00e9 le doute dans l&rsquo;esprit des insulaires, inquiets des vell\u00e9it\u00e9s imp\u00e9rialistes du locataire de la Maison-Blanche.<\/p>\n<p><a href=\"https:\/\/www.lalibre.be\/international\/amerique\/2026\/01\/16\/la-blague-dun-fidele-de-trump-ne-passe-pas-lislande-deviendrait-le-52e-etat-UM6SY7FTPVEAJPIYEK6WS5FIDA\/\" target=\"_self\" class=\"ap-StoryInterstitialLink ap-StoryElement ap-StoryElement--mb\" rel=\"nofollow noopener\">La blague d&rsquo;un fid\u00e8le de Trump ne passe pas: \u00ab\u00a0l&rsquo;Islande deviendrait le 52e \u00c9tat\u00a0\u00bb<\/a><\/p>\n<p class=\"ap-StoryElement ap-StoryElement--mb ap-StoryText\">Le paysage g\u00e9opolitique a chang\u00e9 depuis l&rsquo;invasion russe de l&rsquo;Ukraine en 2022, souligne un rapport de la ministre des Affaires \u00e9trang\u00e8res \u00deorger\u00f0ur Katr\u00edn Gunnarsd\u00f3ttir, qui constate que \u00ab\u00a0le syst\u00e8me international dans lequel nous vivons depuis la fin de la Seconde Guerre mondiale est en train de vaciller\u00a0\u00bb. Et d&rsquo;ajouter : \u00ab\u00a0Une coop\u00e9ration plus \u00e9troite avec l&rsquo;UE est d\u00e9terminante\u00a0\u00bb pour la d\u00e9fense des int\u00e9r\u00eats du pays situ\u00e9 dans une r\u00e9gion arctique strat\u00e9gique.<\/p>\n<p><img loading=\"lazy\" decoding=\"async\" class=\"w-full lazyload lazyload--opacity object-contain\" style=\"aspect-ratio:150 \/ 100;opacity:1\" alt=\"Iceland Prime Minister Kristrun Frostadottir participates at a listening session on a referendum in Reykjavik, Iceland, on August 24, 2026. (Photo by Jonathan NACKSTRAND \/ AFP)\" width=\"768\" height=\"512\" fetchpriority=\"auto\" src=\"https:\/\/www.europesays.com\/fr\/wp-content\/uploads\/2025\/12\/1765951754_589_S5VKD3X55FFF3BW6V4SEHXNP7I.png\"  data- data-optimumx=\"1\"\/>La Premi\u00e8re ministre islandaise, Kristrun Frostadottir, lors d&rsquo;un d\u00e9bat sur le r\u00e9f\u00e9rendum pour la r\u00e9ouverture des n\u00e9gociations d&rsquo;adh\u00e9sion \u00e0 l&rsquo;UE, \u00e0 Reykjavik, le 24 ao\u00fbt. \u00a9AFP or licensors<\/p>\n<p class=\"ap-StoryElement ap-StoryElement--mb ap-StoryText\">\u00c9voquant ce r\u00e9f\u00e9rendum devant le Parlement en mai dernier, la Premi\u00e8re ministre Frostad\u00f3ttir, optimiste quant \u00e0 l&rsquo;issue du scrutin, \u00ab\u00a0vise \u00e0 obtenir un mandat du peuple pour n\u00e9gocier\u00a0\u00bb, tout en assurant \u00ab\u00a0que le peuple aura le dernier mot\u00a0\u00bb, \u00ab\u00a0en cas d&rsquo;un bon accord\u00a0\u00bb avec l&rsquo;UE. Et que \u00ab\u00a0c&rsquo;est \u00e0 lui qu&rsquo;il reviendra alors d&rsquo;accepter ou de refuser l&rsquo;entr\u00e9e dans l&rsquo;Union europ\u00e9enne\u00a0\u00bb lors d&rsquo;une nouvelle consultation.<\/p>\n<p>La question sensible de la p\u00eache<\/p>\n<p class=\"ap-StoryElement ap-StoryElement--mb ap-StoryText\">Pour rassurer les \u00e9lecteurs, la cheffe du gouvernement de Reykjavik a insist\u00e9 sur le fait qu&rsquo;aucun accord ne se fera au d\u00e9triment de la p\u00eache, sa ressource principale, pierre d&rsquo;achoppement dans les pr\u00e9c\u00e9dentes n\u00e9gociations avec l&rsquo;UE et qui n&rsquo;est \u00ab\u00a0pas n\u00e9gociable\u00a0\u00bb. \u00ab\u00a0L&rsquo;Islande veut pr\u00e9server \u00e0 tout prix le contr\u00f4le de gestion des ressources halieutiques, qui repr\u00e9sentent 40 % de ses exportations et 8 % de son PIB\u00a0\u00bb, a martel\u00e9 pour sa part \u00e0 la presse, la ministre des Affaires \u00e9trang\u00e8res, affirmant que son pays \u00ab\u00a0ne renoncera pas au contr\u00f4le de ses p\u00eacheries ni \u00e0 son syst\u00e8me de quotas\u00a0\u00bb lors des pourparlers. Membre de l&rsquo;Espace \u00e9conomique europ\u00e9en (EEE) et de <a href=\"https:\/\/www.lalibre.be\/belgique\/2026\/08\/03\/la-belgique-ne-demandera-pas-la-suspension-de-lespagne-de-lespace-schengen-mais-fustigera-sa-politique-migratoire-YU4MMTDOY5GZJKN7DTBMGRC3YM\/\" target=\"_blank\" rel=\"noreferrer noopener nofollow\">l&rsquo;espace de libre circulation Schengen<\/a>, l&rsquo;\u00eele n&rsquo;a jamais adh\u00e9r\u00e9 \u00e0 la politique commune de la p\u00eache de l&rsquo;UE.<\/p>\n<p class=\"ap-StoryElement ap-StoryElement--mb ap-StoryText\">Depuis la nuit des temps, la mer a \u00e9t\u00e9 le premier r\u00e9servoir de l&rsquo;\u00e9conomie des 390 000 insulaires et un symbole de leur souverainet\u00e9. Elle a \u00e9t\u00e9 aussi le th\u00e9\u00e2tre de trois \u00ab\u00a0guerres de la morue\u00a0\u00bb entre 1958 et 1976, avec le Royaume-Uni qui refusait d&rsquo;accepter les d\u00e9cisions unilat\u00e9rales des diff\u00e9rents gouvernements islandais d&rsquo;\u00e9tendre leurs eaux territoriales de 12 milles nautiques en 1958 \u00e0 200 milles aujourd&rsquo;hui. La campagne a \u00e9t\u00e9 domin\u00e9e par la question de la p\u00eache, enjeu majeur et crucial de ce r\u00e9f\u00e9rendum, se refl\u00e9tant dans les sondages d&rsquo;opinion des \u00e9lecteurs tr\u00e8s divis\u00e9s sur la reprise des pourparlers.<\/p>\n<p>Un score serr\u00e9 ?<\/p>\n<p class=\"ap-StoryElement ap-StoryElement--mb ap-StoryText\">Selon une enqu\u00eate de l&rsquo;institut Maskina, r\u00e9alis\u00e9 en juillet le camp du \u00ab\u00a0Ja\u00a0\u00bb serait cr\u00e9dit\u00e9 de 53 % des voix et celui du \u00ab\u00a0Nej\u00a0\u00bb de 47 %. Et un deuxi\u00e8me sondage d&rsquo;ao\u00fbt publi\u00e9 par Gallup pr\u00e9voit un score plus serr\u00e9 avec 46 % de \u00ab\u00a0Oui\u00a0\u00bb et autant de \u00ab\u00a0Non\u00a0\u00bb tandis que 8 % sont encore ind\u00e9cis.<\/p>\n<p class=\"ap-StoryElement ap-StoryElement--mb ap-StoryText\">S&rsquo;exprimant r\u00e9cemment lors d&rsquo;une c\u00e9r\u00e9monie \u00e0 H\u00f3lar la Premi\u00e8re ministre Frostad\u00f3ttir a d\u00e9clar\u00e9 que \u00ab\u00a0les Islandais prenaient la question de l&rsquo;UE au s\u00e9rieux, mais sans se laisser submerger par l&rsquo;\u00e9motion\u00a0\u00bb, r\u00e9futant les affirmations selon lesquelles le pays serait \u00ab\u00a0profond\u00e9ment divis\u00e9 sur ce vote\u00a0\u00bb, et accusant les dirigeants politiques et les commentateurs de \u00ab\u00a0tenter d&rsquo;aggraver les divisions\u00a0\u00bb.<\/p>\n<p><a href=\"https:\/\/www.lalibre.be\/dossier\/international\/europe\/2023\/10\/06\/lelargissement-de-lue-un-defi-de-taille-65JG32AN4BALVLAC7XOBR3KTD4\/\" target=\"_self\" class=\"ap-StoryInterstitialLink ap-StoryElement ap-StoryElement--mb\" rel=\"nofollow noopener\">L&rsquo;\u00e9largissement de l&rsquo;Union europ\u00e9ennne, un d\u00e9fi de taille<\/a><\/p>\n<p class=\"ap-StoryElement ap-StoryElement--mb ap-StoryText\">\u00c0 Bruxelles, l&rsquo;Union europ\u00e9enne suit de pr\u00e8s ce vote. Un \u00ab\u00a0Oui\u00a0\u00bb islandais \u00e0 la reprise des pourparlers confirmerait la dynamique actuelle du processus d&rsquo;\u00e9largissement. Celui-ci est actuellement engag\u00e9, avec plus ou moins de bonheur, avec le Mont\u00e9n\u00e9gro (qui pourrait rejoindre l&rsquo;UE d\u00e8s 2028), l&rsquo;Albanie, la Mac\u00e9doine du Nord, la Serbie, la Bosnie-Herz\u00e9govine, et depuis fin 2023 avec l&rsquo;Ukraine et la Moldavie, tandis que la Turquie et la G\u00e9orgie restent candidates \u00e0 l&rsquo;adh\u00e9sion, sur papier, et que le Kosovo frappe \u00e0 la porte.<\/p>\n<p class=\"ap-StoryElement ap-StoryElement--mb ap-StoryText\">Un revers signifierait la mise au placard des ambitions europ\u00e9ennes de l&rsquo;Islande et signalerait que le pouvoir d&rsquo;attraction de l&rsquo;UE est moindre pour les riches pays du Nord. La Norv\u00e8ge et la Suisse qui avaient jadis envisag\u00e9 une adh\u00e9sion, n&rsquo;ont manifest\u00e9 aucune intention de pr\u00e9senter \u00e0 nouveau leur candidature.<\/p>\n<p><img loading=\"lazy\" decoding=\"async\" class=\"w-full lazyload lazyload--opacity object-contain\" style=\"aspect-ratio:157 \/ 100;opacity:1\" alt=\"Pays candidats \u00e0 l'adh\u00e9sion \u00e0 l'UE\" width=\"768\" height=\"491\" fetchpriority=\"auto\" src=\"https:\/\/www.europesays.com\/fr\/wp-content\/uploads\/2025\/12\/1765951754_589_S5VKD3X55FFF3BW6V4SEHXNP7I.png\"  data- data-optimumx=\"1\"\/>Pays candidats \u00e0 l&rsquo;adh\u00e9sion \u00e0 l&rsquo;UE \u00a9IPM Graphics \/ Didier Lorge<\/p>\n","protected":false},"excerpt":{"rendered":"La coalition pro-europ\u00e9enne tripartite dirig\u00e9e par la social-d\u00e9mocrate Kristr\u00fan Frostad\u00f3ttir depuis 2024 a d\u00e9cid\u00e9 de donner une nouvelle&hellip;\n","protected":false},"author":2,"featured_media":1148354,"comment_status":"","ping_status":"","sticky":false,"template":"","format":"standard","meta":{"footnotes":"","_share_on_mastodon":"0"},"categories":[1586],"tags":[11,1777,674,1779,1011,27,1227,12,117435,25,1778,364],"class_list":["post-1148353","post","type-post","status-publish","format-standard","has-post-thumbnail","category-europe","tag-actualites","tag-eu","tag-europe","tag-european-union","tag-fr","tag-france","tag-horizontal","tag-news","tag-referenda","tag-republique-francaise","tag-ue","tag-union-europeenne"],"share_on_mastodon":{"url":"https:\/\/pubeurope.com\/@fr\/117157247307250520","error":""},"_links":{"self":[{"href":"https:\/\/www.europesays.com\/fr\/wp-json\/wp\/v2\/posts\/1148353","targetHints":{"allow":["GET"]}}],"collection":[{"href":"https:\/\/www.europesays.com\/fr\/wp-json\/wp\/v2\/posts"}],"about":[{"href":"https:\/\/www.europesays.com\/fr\/wp-json\/wp\/v2\/types\/post"}],"author":[{"embeddable":true,"href":"https:\/\/www.europesays.com\/fr\/wp-json\/wp\/v2\/users\/2"}],"replies":[{"embeddable":true,"href":"https:\/\/www.europesays.com\/fr\/wp-json\/wp\/v2\/comments?post=1148353"}],"version-history":[{"count":0,"href":"https:\/\/www.europesays.com\/fr\/wp-json\/wp\/v2\/posts\/1148353\/revisions"}],"wp:featuredmedia":[{"embeddable":true,"href":"https:\/\/www.europesays.com\/fr\/wp-json\/wp\/v2\/media\/1148354"}],"wp:attachment":[{"href":"https:\/\/www.europesays.com\/fr\/wp-json\/wp\/v2\/media?parent=1148353"}],"wp:term":[{"taxonomy":"category","embeddable":true,"href":"https:\/\/www.europesays.com\/fr\/wp-json\/wp\/v2\/categories?post=1148353"},{"taxonomy":"post_tag","embeddable":true,"href":"https:\/\/www.europesays.com\/fr\/wp-json\/wp\/v2\/tags?post=1148353"}],"curies":[{"name":"wp","href":"https:\/\/api.w.org\/{rel}","templated":true}]}}