{"id":1148362,"date":"2026-08-25T17:13:12","date_gmt":"2026-08-25T17:13:12","guid":{"rendered":"https:\/\/www.europesays.com\/fr\/1148362\/"},"modified":"2026-08-25T17:13:12","modified_gmt":"2026-08-25T17:13:12","slug":"luca-van-assche-aleksandar-kovacevic-atp-250-winston-salem-deuxieme-tour-mardi-25-aout-2026-lequipe","status":"publish","type":"post","link":"https:\/\/www.europesays.com\/fr\/1148362\/","title":{"rendered":"Luca Van Assche &#8211; Aleksandar Kovacevic, ATP 250, Winston Salem, Deuxi\u00e8me tour, Mardi 25 ao\u00fbt 2026 &#8211; L&#039;\u00c9quipe"},"content":{"rendered":"<ol>\n<li><a href=\"https:\/\/news.google.com\/rss\/articles\/CBMi2AFBVV95cUxNb0R6S3lBNHdpNEhLdEVRakl2T0VpbVBSS0FGNDcwWUxMNGd3cU9BZXRiaUxBajZJbjVaY3VVbmE0Y0VpTjBvVnJXckVLZ3ZYYmY2eTh1SmNreFFocUZPRkhsN2JlV0dNVlJKbFp4Q2Y0UEJrZ1RqM2tBQXhqbnB1cm83YUNKa2pHY3Vjd3NiaWVhN3hXazhKWE1OVUlwUzhzRU1KTTU2ZGp3TzlFRVY0NHFjN2xndHQtUHhYR0RBcXJUdlB5YzJYbGxsTVpmWTJ4LVc1ek5oYl8?oc=5\" target=\"_blank\" rel=\"nofollow noopener\">Luca Van Assche &#8211; Aleksandar Kovacevic, ATP 250, Winston Salem, Deuxi\u00e8me tour, Mardi 25 ao\u00fbt 2026<\/a>&nbsp;&nbsp;L&rsquo;\u00c9quipe<\/li>\n<li><a href=\"https:\/\/news.google.com\/rss\/articles\/CBMi0wFBVV95cUxNakhaQkFfNllra1Vad2xDNkRFOVh1TlcySTFSVTJTUlp4M1JLeTNMaDdtd1V6SmNMN0ZPY29aZjdzanBaTmtOcHRFa1k1UnFrSGFCdVNWXzF1WEZ6OV90a1E2S0lZQll2T0phNFdTcjFOcjBsOHRzWlZGbDA4OUhTYklzVGo0OTlDUk9FNklDQUZYemxJdjZldWNPSUJmU1FSUjctSS1jQkl1bS1DbnFfdjhVZV9GSjhrTWJrbTRxd0g3VVEyVTVmVU1pd0N3OWtpNVdJ?oc=5\" target=\"_blank\" rel=\"nofollow noopener\">Rapha\u00ebl Collignon &#8211; Rinky Hijikata, ATP 250, Winston Salem, Deuxi\u00e8me tour, Mardi 25 ao\u00fbt 2026<\/a>&nbsp;&nbsp;L&rsquo;\u00c9quipe<\/li>\n<li><a href=\"https:\/\/news.google.com\/rss\/articles\/CBMi4AFBVV95cUxOaWxuajJyUjVjLVU3eUVJcVV3SFJKR29xbzdnbk1UTTJ4am9OVnNCWGtSR2psM2NvV09LYkxrM1A0dENNM0dMT2htWG1xa3l3bkl4b1NWa01fTnpoV240MGZCOGRqOHhHR2lzNHAyeGZ2bFpkZlNyNG1ZYmRJNnNnbG1mbWRaOGVma0lwOTJjZjktMjVGUEFVSDhwTFFYdE5JN21DMmZLN29NanIxTWtuelNVdEpQVjBMUnpubkN2cG9tRDZUUkw0SVpkUHZDN18yb3AzcXluWEJYMHdmNEZyNA?oc=5\" target=\"_blank\" rel=\"nofollow noopener\">Juan Manuel Cerundolo &#8211; Dhakshineswar Suresh, ATP 250, Winston Salem, Deuxi\u00e8me tour, Mardi 25 ao\u00fbt 2026<\/a>&nbsp;&nbsp;L&rsquo;\u00c9quipe<\/li>\n<\/ol>\n","protected":false},"excerpt":{"rendered":"Luca Van Assche &#8211; Aleksandar Kovacevic, ATP 250, Winston Salem, Deuxi\u00e8me tour, Mardi 25 ao\u00fbt 2026&nbsp;&nbsp;L&rsquo;\u00c9quipe Rapha\u00ebl Collignon&hellip;\n","protected":false},"author":2,"featured_media":912358,"comment_status":"","ping_status":"","sticky":false,"template":"","format":"standard","meta":{"footnotes":"","_share_on_mastodon":"0"},"categories":[1415],"tags":[1011,27,117436,73268,60,1467,117409],"class_list":["post-1148362","post","type-post","status-publish","format-standard","has-post-thumbnail","category-tennis","tag-fr","tag-france","tag-luca-van-assche-aleksandar-kovacevic-en-direct","tag-null","tag-sports","tag-tennis","tag-winston-salem"],"share_on_mastodon":{"url":"https:\/\/pubeurope.com\/@fr\/117157272331523216","error":""},"_links":{"self":[{"href":"https:\/\/www.europesays.com\/fr\/wp-json\/wp\/v2\/posts\/1148362","targetHints":{"allow":["GET"]}}],"collection":[{"href":"https:\/\/www.europesays.com\/fr\/wp-json\/wp\/v2\/posts"}],"about":[{"href":"https:\/\/www.europesays.com\/fr\/wp-json\/wp\/v2\/types\/post"}],"author":[{"embeddable":true,"href":"https:\/\/www.europesays.com\/fr\/wp-json\/wp\/v2\/users\/2"}],"replies":[{"embeddable":true,"href":"https:\/\/www.europesays.com\/fr\/wp-json\/wp\/v2\/comments?post=1148362"}],"version-history":[{"count":0,"href":"https:\/\/www.europesays.com\/fr\/wp-json\/wp\/v2\/posts\/1148362\/revisions"}],"wp:featuredmedia":[{"embeddable":true,"href":"https:\/\/www.europesays.com\/fr\/wp-json\/wp\/v2\/media\/912358"}],"wp:attachment":[{"href":"https:\/\/www.europesays.com\/fr\/wp-json\/wp\/v2\/media?parent=1148362"}],"wp:term":[{"taxonomy":"category","embeddable":true,"href":"https:\/\/www.europesays.com\/fr\/wp-json\/wp\/v2\/categories?post=1148362"},{"taxonomy":"post_tag","embeddable":true,"href":"https:\/\/www.europesays.com\/fr\/wp-json\/wp\/v2\/tags?post=1148362"}],"curies":[{"name":"wp","href":"https:\/\/api.w.org\/{rel}","templated":true}]}}