{"id":114838,"date":"2025-05-20T17:29:10","date_gmt":"2025-05-20T17:29:10","guid":{"rendered":"https:\/\/www.europesays.com\/fr\/114838\/"},"modified":"2025-05-20T17:29:10","modified_gmt":"2025-05-20T17:29:10","slug":"agenda-voici-les-gros-festivals-de-musique-a-ne-pas-manquer-pres-de-lille-en-2025","status":"publish","type":"post","link":"https:\/\/www.europesays.com\/fr\/114838\/","title":{"rendered":"Agenda. Voici les gros festivals de musique \u00e0 ne pas manquer pr\u00e8s de Lille en 2025"},"content":{"rendered":"<p>            Par<br \/>\n        <strong><br \/>\n            <a href=\"https:\/\/actu.fr\/auteur\/amandine-vachez\" title=\"Consulter tous les articles de Amandine Vachez\" rel=\"nofollow noopener\" target=\"_blank\">Amandine Vachez<\/a><br \/>\n        <\/strong><\/p>\n<p>        Publi\u00e9 le<\/p>\n<p>            20 mai 2025 \u00e0 18h40        <\/p>\n<p>Assur\u00e9ment, le <b>Nord \u2013 Pas-de-Calais<\/b>, comme la Belgique voisine, est une terre de<b> festivals<\/b>. Que ce soit pour la <a href=\"https:\/\/actu.fr\/tag\/musique\" rel=\"nofollow noopener\" target=\"_blank\">musique<\/a>, le th\u00e9\u00e2tre, le cirque, les arts de la rue ou autres, de nombreux rendez-vous vous attendent chaque ann\u00e9e sur le secteur. Voici un <b>mini-guide des gros festivals<\/b> <b>de musique<\/b> \u00e0 faire pour la <b>saison 2025<\/b>, \u00e0 proximit\u00e9 de <a href=\"https:\/\/actu.fr\/lille\/\" rel=\"nofollow noopener\" target=\"_blank\">Lille<\/a>.<\/p>\n<p>\u00c0 Lille m\u00eame<\/p>\n<ul class=\" wall-content\">\n<li><b>Lille<\/b>\u2009: Wazemmes l\u2019accord\u00e9on, jusqu\u2019au 1er\u00a0juin. Avec\u2009: La Compagnie Cr\u00e9ole, Turbu Zarico, Justin Blaiz\u2026 <a href=\"https:\/\/flonflons.eu\/programmation\/\" rel=\"nofollow noopener\" target=\"_blank\">Site officiel<\/a>,<\/li>\n<li><b>Lille<\/b>\u2009: le <a href=\"https:\/\/actu.fr\/hauts-de-france\/lille_59350\/lille-anetha-ace-ventura-sara-landry-voici-le-programme-du-festival-jardin-electronique-2025_62437615.html\" rel=\"nofollow noopener\" target=\"_blank\">Jardin \u00e9lectronique<\/a> (\u00e9lectro\/techno\/house) au \u00a0Parc naturel urbain de Lomme, les 13 et 14 septembre. Avec\u2009: Sara Landry, Ace Ventura, Anetha, NTO (live), Vandal, Ammo, Eli Brown\u2026 <a href=\"https:\/\/www.jardinelectronique.com\/\" rel=\"nofollow noopener\" target=\"_blank\">Site officiel<\/a>.<\/li>\n<\/ul>\n<p>\u00c0 moins d\u2019une heure de Lille<\/p>\n<ul class=\" wall-content\">\n<li><b>Arras<\/b>\u2009: <a href=\"https:\/\/actu.fr\/tag\/main-square-festival\" rel=\"nofollow noopener\" target=\"_blank\">Main Square Festival<\/a> (musiques actuelles), les 4, 5 et 6\u00a0juillet \u00e0 la citadelle. Avec Deftones, DJ Snake, Gacie Abrams, Martin Garrix, Mika, Bigflo &amp; Oli\u2026 <a href=\"https:\/\/mainsquarefestival.fr\/\" rel=\"nofollow noopener\" target=\"_blank\">Site officiel<\/a>,<\/li>\n<li><b>Bailleul<\/b>\u2009: En Nord Beat Festival (musiques actuelles et alternatives), du 27 au 29\u00a0juin. Avec\u2009: The Wailers, Beat Torrent, \u00c9tienne de\u00a0Cr\u00e9cy, Youssoupha, L\u2019Entourloop, Oxmo Puccino\u2026 <a href=\"https:\/\/www.ennordbeat.fr\/\" rel=\"nofollow noopener\" target=\"_blank\">Site officiel<\/a>,<\/li>\n<li><b>Douai<\/b>\u2009: le Plein Air Festival (\u00e9lectro\/techno\/house\/EDM\/Trance), les 30 et 31\u00a0ao\u00fbt. Avec\u2009: Purple Disco Machine, K\u00f6lsch, Poto Rico, Yuksek, The Superman Lovers, Feder\u2026 <a href=\"https:\/\/www.festivalpleinair.fr\/programmation\/\" rel=\"nofollow noopener\" target=\"_blank\">Site officiel<\/a>,<\/li>\n<li><b>Dunkerque<\/b>\u2009: La Bonne Aventure (musiques actuelles), du 20 au 22\u00a0juin sur la plage de Malo-les-Bains. Avec\u2009: MC Solaar, Vald, The Avener, Ad\u00e8le Castillon, Caballero &amp; Jeanjass, Tshegue\u2026 <a href=\"https:\/\/labonneaventurefestival.com\/\" rel=\"nofollow noopener\" target=\"_blank\">Site officiel<\/a>,<\/li>\n<li><b>Oignies<\/b>\u2009: le Name Festival Open Air (\u00e9lectro), les 24 et 25\u00a0mai au 9-9 Bis. Avec 999999999, Adiel, \u00c2me (live), APM001, Ellen Allien, Flash Saba, Gael\u2026 <a href=\"https:\/\/lenamefestival.com\/\" rel=\"nofollow noopener\" target=\"_blank\">Site officiel<\/a>.<\/li>\n<\/ul>\n<p>Un peu plus loin<\/p>\n<ul class=\" wall-content\">\n<li><b>Aulnoye-Aymeries\u2009<\/b>: <a href=\"https:\/\/actu.fr\/hauts-de-france\/aulnoye-aymeries_59033\/apres-damso-les-nuits-secretes-devoilent-une-nouvelle-tete-daffiche-pour-2025_61982537.html\" rel=\"nofollow noopener\" target=\"_blank\">Les Nuits Secr\u00e8tes<\/a> (musiques actuelles), les 11, 12 et 13\u00a0juillet. Avec\u2009: Damso, Zaho de\u00a0Sagazan, Paul Kalkbrenner, Santa\u2026 <a href=\"https:\/\/lesnuitssecretes.com\/\" rel=\"nofollow noopener\" target=\"_blank\">Site officiel<\/a>,<\/li>\n<li><b>Boulogne-sur-Mer<\/b>\u2009: le Festival de la C\u00f4te d\u2019Opale (divers styles), du 10 au 13\u00a0juillet. Avec\u2009: Gims, Ben Mazu\u00e9, Tiakola, Kyo, Barbara Pravi, Alain Chamfort, Ad\u00e9\u2026 <a href=\"https:\/\/www.festival-cotedopale.fr\/\" rel=\"nofollow noopener\" target=\"_blank\">Site officiel<\/a>,<\/li>\n<li><b>Charleville-M\u00e9zi\u00e8res<\/b>\u2009: le Cabaret Vert (divers styles), du 14 au 17\u00a0ao\u00fbt. Avec\u2009: DJ Snake, Jamie XX, Bigflo &amp; Oli, Booba, Sean Paul, SDM, Zaho de Sagazan, Queens of the Stone Age, Mc Solaar, Will Smith, Julien Dor\u00e9, Idles\u2026 <a href=\"https:\/\/cabaretvert.com\/\" rel=\"nofollow noopener\" target=\"_blank\">Site officiel<\/a>,<\/li>\n<li><b>Le Touquet-Paris-Plage<\/b>\u2009: <a href=\"https:\/\/actu.fr\/hauts-de-france\/le-touquet-paris-plage_62826\/touquet-music-beach-2025-premiers-noms-devoiles-et-billetterie-en-early-birds-ouverte_62055441.html\" rel=\"nofollow noopener\" target=\"_blank\">Touquet Music Beach<\/a> (\u00e9lectro\/techno), les 22 et 23\u00a0ao\u00fbt. Avec\u2009: Adriatique, Charlotte de Witte, Eric Prydz, Kavinsky, Kungs\u2026 <a href=\"https:\/\/touquetmusicbeach.com\/\" rel=\"nofollow noopener\" target=\"_blank\">Site officiel<\/a>.<\/li>\n<\/ul>\n<p>Vid\u00e9os : en ce moment sur Actu<\/p>\n<p class=\" wall-content\">Pour une exp\u00e9rience \u00e0 l\u2019\u00e9tranger, voici deux festivals \u00e0 tester pour un s\u00e9jour d\u00e9paysant\u2009:<\/p>\n<ul class=\" wall-content\">\n<li><b>Belgique<\/b>\u2009: Dour (divers styles), du 16 au 20\u00a0juillet. Avec\u2009: Stormzy, Charlotte de Witte, Freeze Corleone, Sara Lendry, The Horrors, Yeat\u2026 <a href=\"https:\/\/www.dourfestival.eu\/\" rel=\"nofollow noopener\" target=\"_blank\">Site officie<\/a>l,<\/li>\n<li><b>Luxembourg\u2009<\/b>: Francofolies Esch\/Alzette (divers styles), du 6 au 8\u00a0juin. Avec\u2009: Soprano, Timmy Trumpet, Julien Dor\u00e9, Bigflo&amp;Oli, Michel Polnareff, Hamza, Vald, Ben Mazu\u00e9\u2026 <a href=\"https:\/\/francofolies.lu\/\" rel=\"nofollow noopener\" target=\"_blank\">Site officiel<\/a>.<\/li>\n<\/ul>\n<p class=\" wall-content\">Apr\u00e8s l\u2019\u00e9t\u00e9, la saison des \u00e9v\u00e9nements ne sera pas termin\u00e9e. D\u2019autres rendez-vous vous attendent en fin d\u2019ann\u00e9e, avec notamment\u00a0<a href=\"https:\/\/lenfrancedurock.fr\/\" rel=\"nofollow noopener\" target=\"_blank\">l\u2019Enfrance du rock<\/a> \u00e0 Orchies (3 et 4\u00a0octobre).<\/p>\n<p class=\" wall-content\">Restez au courant des actualit\u00e9s culturelles locales en consultant r\u00e9guli\u00e8rement <a href=\"https:\/\/actu.fr\/lille\/loisirs-culture\" rel=\"nofollow noopener\" target=\"_blank\">notre rubrique loisirs-culture<\/a>. Suivez-nous aussi sur <a href=\"https:\/\/www.facebook.com\/actufr.lille\/?locale=fr_FR\" rel=\"nofollow noopener\" target=\"_blank\">Facebook<\/a>, <a href=\"https:\/\/www.instagram.com\/lilleactu\/?hl=fr\" rel=\"nofollow noopener\" target=\"_blank\">Instagram<\/a>, <a href=\"https:\/\/www.tiktok.com\/@lilleactu\" rel=\"nofollow noopener\" target=\"_blank\">TikTok<\/a> et <a href=\"https:\/\/x.com\/Lille_actu?ref_src=twsrc%5Egoogle%7Ctwcamp%5Eserp%7Ctwgr%5Eauthor\" rel=\"nofollow\">X<\/a>.<\/p>\n<p class=\" wall-content\">Aidez-nous \u00e0 compl\u00e9ter cet article\u2009! Si vous avez connaissance d\u2019un chouette festival sur le secteur, faites-nous parvenir les infos essentielles via le formulaire ci-dessous ou <a href=\"http:\/\/actu.fr\/cdn-cgi\/l\/email-protection#debfb3bfb0bab7b0bbf0a8bfbdb6bba49ebfbdaaabf0b8ac\" rel=\"nofollow noopener\" target=\"_blank\">en envoyant un mail \u00e0 l\u2019adresse suivante<\/a>.<\/p>\n<p class=\" wall-content\">Suivez toute l\u2019actualit\u00e9 de vos villes et m\u00e9dias favoris en vous inscrivant \u00e0 <a href=\"https:\/\/moncompte.actu.fr\" title=\"D\u00e9couvez Mon Actu\" rel=\"nofollow noopener\" data-trk=\"{&quot;cta&quot;:{&quot;action&quot;:&quot;https:\\\/\\\/moncompte.actu.fr&quot;,&quot;category&quot;:&quot;mon compte&quot;,&quot;from&quot;:&quot;article footer&quot;,&quot;name&quot;:&quot;Mon actu&quot;,&quot;type&quot;:&quot;cta&quot;}}\" target=\"_blank\">Mon Actu<\/a>.<\/p>\n<p>                    <script async src=\"\/\/www.instagram.com\/embed.js\"><\/script><script async src=\"\/\/www.tiktok.com\/embed.js\"><\/script><\/p>\n","protected":false},"excerpt":{"rendered":"Par Amandine Vachez Publi\u00e9 le 20 mai 2025 \u00e0 18h40 Assur\u00e9ment, le Nord \u2013 Pas-de-Calais, comme la Belgique&hellip;\n","protected":false},"author":2,"featured_media":114839,"comment_status":"","ping_status":"","sticky":false,"template":"","format":"standard","meta":{"footnotes":""},"categories":[2815],"tags":[1111,11,1697,1777,674,1011,27,811,1307,1652,873,12,25],"class_list":{"0":"post-114838","1":"post","2":"type-post","3":"status-publish","4":"format-standard","5":"has-post-thumbnail","7":"category-lille","8":"tag-actu","9":"tag-actualites","10":"tag-concert","11":"tag-eu","12":"tag-europe","13":"tag-fr","14":"tag-france","15":"tag-hauts-de-france","16":"tag-lille","17":"tag-loisirs-culture","18":"tag-musique","19":"tag-news","20":"tag-republique-francaise"},"share_on_mastodon":{"url":"https:\/\/pubeurope.com\/@fr\/114541347825784215","error":""},"_links":{"self":[{"href":"https:\/\/www.europesays.com\/fr\/wp-json\/wp\/v2\/posts\/114838","targetHints":{"allow":["GET"]}}],"collection":[{"href":"https:\/\/www.europesays.com\/fr\/wp-json\/wp\/v2\/posts"}],"about":[{"href":"https:\/\/www.europesays.com\/fr\/wp-json\/wp\/v2\/types\/post"}],"author":[{"embeddable":true,"href":"https:\/\/www.europesays.com\/fr\/wp-json\/wp\/v2\/users\/2"}],"replies":[{"embeddable":true,"href":"https:\/\/www.europesays.com\/fr\/wp-json\/wp\/v2\/comments?post=114838"}],"version-history":[{"count":0,"href":"https:\/\/www.europesays.com\/fr\/wp-json\/wp\/v2\/posts\/114838\/revisions"}],"wp:featuredmedia":[{"embeddable":true,"href":"https:\/\/www.europesays.com\/fr\/wp-json\/wp\/v2\/media\/114839"}],"wp:attachment":[{"href":"https:\/\/www.europesays.com\/fr\/wp-json\/wp\/v2\/media?parent=114838"}],"wp:term":[{"taxonomy":"category","embeddable":true,"href":"https:\/\/www.europesays.com\/fr\/wp-json\/wp\/v2\/categories?post=114838"},{"taxonomy":"post_tag","embeddable":true,"href":"https:\/\/www.europesays.com\/fr\/wp-json\/wp\/v2\/tags?post=114838"}],"curies":[{"name":"wp","href":"https:\/\/api.w.org\/{rel}","templated":true}]}}