{"id":114844,"date":"2025-05-20T17:32:12","date_gmt":"2025-05-20T17:32:12","guid":{"rendered":"https:\/\/www.europesays.com\/fr\/114844\/"},"modified":"2025-05-20T17:32:12","modified_gmt":"2025-05-20T17:32:12","slug":"a-marseille-le-defi-monte-cristo-devient-la-plus-grande-course-de-natation-en-eau-libre-du-monde","status":"publish","type":"post","link":"https:\/\/www.europesays.com\/fr\/114844\/","title":{"rendered":"\u00c0 Marseille, le D\u00e9fi Monte-Cristo devient la plus grande course de natation en eau libre du monde"},"content":{"rendered":"<p>Il est bien loin, le temps o\u00f9 <a href=\"https:\/\/www.laprovence.com\/article\/sports\/5027500\/dominique-lena-le-touche-a-tout.html\" target=\"_blank\" rel=\"noopener\">Dominique Lena<\/a> cr\u00e9ait le D\u00e9fi Monte-Cristo et o\u00f9 \u00ab\u00a025\u00a0nageurs\u00a0\u00bb s&rsquo;\u00e9lan\u00e7aient du Ch\u00e2teau d&rsquo;If pour rejoindre la plage, dans un remake de l&rsquo;\u00e9vasion d&rsquo;Edmond Dant\u00e8s imagin\u00e9e par Alexandre Dumas. L&rsquo;\u00e9preuve marseillaise n&rsquo;a pas attendu <a href=\"https:\/\/www.laprovence.com\/videos\/le-comte-de-monte-cristo-star-inconteste-du-chteau-d-if\/13151452\" target=\"_blank\" rel=\"noopener\">le succ\u00e8s du film<\/a> sorti l&rsquo;an dernier pour grandir &#8211;\u00a0m\u00eame s&rsquo;il \u00ab\u00a0rajoute encore de la notori\u00e9t\u00e9\u00a0\u00bb, admet l&rsquo;organisateur\u00a0-, parce qu&rsquo;elle fascine depuis longtemps et n&rsquo;en finit plus de repousser ses limites.<\/p>\n<p>2000 jeunes Marseillais initi\u00e9s \u00e0 la nage<\/p>\n<p>D\u00e9j\u00e0 <a href=\"https:\/\/www.laprovence.com\/article\/sports\/3148095562370114\/nage-en-eau-libre-le-defi-monte-cristo-nen-finit-plus-de-grandir\" target=\"_blank\" rel=\"noopener\">plus grande course en eau libre d&rsquo;Europe<\/a>, le D\u00e9fi va devenir la r\u00e9f\u00e9rence dans le monde au niveau du nombre de participants cette ann\u00e9e, avec plus de 10\u00a0000 nageurs venus de la plan\u00e8te enti\u00e8re (plus de 60 nationalit\u00e9s seront repr\u00e9sent\u00e9es) et pr\u00eats \u00e0 se jeter \u00e0 l&rsquo;eau au mois de juin. Pour r\u00e9pondre \u00e0 la demande toujours plus forte et \u00e9viter la frustration des \u00ab\u00a0milliers de personnes sur listes d&rsquo;attente chaque ann\u00e9e\u00a0\u00bb, Dominique Lena et son \u00e9quipe ont donc vu les choses en grand\u00a0: cette ann\u00e9e, la 27e \u00e9dition du D\u00e9fi aura lieu sur deux week-ends, d&rsquo;abord les 6, 7 et 8\u00a0juin, puis les 14 et 15\u00a0juin, avec plus d&rsquo;une quinzaine de courses au total\u00a0!<\/p>\n","protected":false},"excerpt":{"rendered":"Il est bien loin, le temps o\u00f9 Dominique Lena cr\u00e9ait le D\u00e9fi Monte-Cristo et o\u00f9 \u00ab\u00a025\u00a0nageurs\u00a0\u00bb s&rsquo;\u00e9lan\u00e7aient du&hellip;\n","protected":false},"author":2,"featured_media":114845,"comment_status":"","ping_status":"","sticky":false,"template":"","format":"standard","meta":{"footnotes":""},"categories":[2814],"tags":[17,1111,11,6466,3750,6475,1777,674,1011,27,4027,884,17972,12,378,882,25,60],"class_list":{"0":"post-114844","1":"post","2":"type-post","3":"status-publish","4":"format-standard","5":"has-post-thumbnail","7":"category-marseille","8":"tag-17","9":"tag-actu","10":"tag-actualites","11":"tag-course","12":"tag-defi","13":"tag-devient","14":"tag-eu","15":"tag-europe","16":"tag-fr","17":"tag-france","18":"tag-grande","19":"tag-marseille","20":"tag-monte-cristo","21":"tag-news","22":"tag-plus","23":"tag-provence-alpes-cote-dazur","24":"tag-republique-francaise","25":"tag-sports"},"share_on_mastodon":{"url":"https:\/\/pubeurope.com\/@fr\/114541359515964745","error":""},"_links":{"self":[{"href":"https:\/\/www.europesays.com\/fr\/wp-json\/wp\/v2\/posts\/114844","targetHints":{"allow":["GET"]}}],"collection":[{"href":"https:\/\/www.europesays.com\/fr\/wp-json\/wp\/v2\/posts"}],"about":[{"href":"https:\/\/www.europesays.com\/fr\/wp-json\/wp\/v2\/types\/post"}],"author":[{"embeddable":true,"href":"https:\/\/www.europesays.com\/fr\/wp-json\/wp\/v2\/users\/2"}],"replies":[{"embeddable":true,"href":"https:\/\/www.europesays.com\/fr\/wp-json\/wp\/v2\/comments?post=114844"}],"version-history":[{"count":0,"href":"https:\/\/www.europesays.com\/fr\/wp-json\/wp\/v2\/posts\/114844\/revisions"}],"wp:featuredmedia":[{"embeddable":true,"href":"https:\/\/www.europesays.com\/fr\/wp-json\/wp\/v2\/media\/114845"}],"wp:attachment":[{"href":"https:\/\/www.europesays.com\/fr\/wp-json\/wp\/v2\/media?parent=114844"}],"wp:term":[{"taxonomy":"category","embeddable":true,"href":"https:\/\/www.europesays.com\/fr\/wp-json\/wp\/v2\/categories?post=114844"},{"taxonomy":"post_tag","embeddable":true,"href":"https:\/\/www.europesays.com\/fr\/wp-json\/wp\/v2\/tags?post=114844"}],"curies":[{"name":"wp","href":"https:\/\/api.w.org\/{rel}","templated":true}]}}