{"id":1148447,"date":"2026-08-25T18:09:19","date_gmt":"2026-08-25T18:09:19","guid":{"rendered":"https:\/\/www.europesays.com\/fr\/1148447\/"},"modified":"2026-08-25T18:09:19","modified_gmt":"2026-08-25T18:09:19","slug":"metropole-de-lyon-il-avait-violemment-percute-des-policiers-le-chauffeur-est-condamne-mais-senfuit-du-tribunal","status":"publish","type":"post","link":"https:\/\/www.europesays.com\/fr\/1148447\/","title":{"rendered":"M\u00e9tropole de Lyon. Il avait violemment percut\u00e9 des policiers\u00a0: le chauffeur est condamn\u00e9, mais s\u2019enfuit du tribunal"},"content":{"rendered":"<p>\u00ab\u00a0Un v\u00e9ritable camouflet\u00a0\u00bb, avait d\u00e9nonc\u00e9 le syndicat policier Alliance, en apprenant la remise en libert\u00e9 du chauffeur qui avait volontairement percut\u00e9 un v\u00e9hicule de la Bac (Brigade anti-criminalit\u00e9) alors qu\u2019il circulait \u00e0 contresens dans une voiture vol\u00e9e. L\u2019homme a \u00e9t\u00e9 jug\u00e9 ce lundi 24\u00a0ao\u00fbt, en comparution imm\u00e9diate. Laiss\u00e9 libre, il a pu s\u2019enfuir du tribunal avant le prononc\u00e9 de la peine.<\/p>\n<p>  Deux policiers bless\u00e9s dans la collision<\/p>\n<p>Petit rappel des faits. Jeudi 20\u00a0ao\u00fbt, vers 2\u00a0h, un \u00e9quipage de police secours a voulu contr\u00f4ler les trois occupants d\u2019une Renault Clio signal\u00e9e vol\u00e9e qui circulait avenue Tony-Garnier \u00e0 Lyon 7. L\u2019automobiliste, encagoul\u00e9, <a href=\"https:\/\/www.leprogres.fr\/magazine-automobile\/2026\/06\/15\/le-refus-d-obtemperer-va-desormais-vous-couter-votre-permis-de-conduire\" target=\"_blank\" rel=\"nofollow noopener\">a refus\u00e9 de s\u2019arr\u00eater<\/a>. Et il a volontairement percut\u00e9 un v\u00e9hicule banalis\u00e9 de la brigade anticriminalit\u00e9 venu en renfort, alors qu\u2019il roulait \u00e0 contresens, \u00e0 l\u2019intersection entre les avenues Tony-Garnier et Debourg, pr\u00e8s de la halle Tony-Garnier.<\/p>\n<p>\u00ab <a href=\"https:\/\/www.leprogres.fr\/faits-divers-justice\/2026\/08\/20\/deux-policiers-blesses-lors-d-un-refus-d-obtemperer-le-chauffard-et-ses-passagers-etaient-encagoules\" target=\"_blank\" rel=\"nofollow noopener\">La collision aurait pu \u00eatre frontale<\/a> , et cela aurait \u00e9t\u00e9 encore plus violent\u00a0: un accident de face \u00e0 cette vitesse, cela peut \u00eatre mortel. Le policier qui conduisait a heureusement eu le bon r\u00e9flexe, et a r\u00e9ussi \u00e0 limiter le choc. Un v\u00e9hicule est une arme par destination\u00a0\u00bb, rappelle Alain Barberis, du Syndicat de police Alliance.<\/p>\n<p>Deux policiers ont \u00e9t\u00e9 bless\u00e9s dans l\u2019accident, aux cervicales et au dos, et transport\u00e9s \u00e0 l\u2019h\u00f4pital.<\/p>\n<p>  \u00ab\u00a0Quel message envoie le magistrat\u00a0?\u00a0\u00bb<\/p>\n<p>Apr\u00e8s s\u2019\u00eatre rebell\u00e9, le chauffard a \u00e9t\u00e9 interpell\u00e9. Apr\u00e8s sa mise en examen, le juge des libert\u00e9s et de la d\u00e9tention l\u2019a laiss\u00e9 libre avant son jugement en comparution imm\u00e9diate ce lundi 24\u00a0ao\u00fbt.<\/p>\n<p>\u00ab\u00a0Cette d\u00e9cision de le laisser en libert\u00e9 avant le jugement, on ne l\u2019a pas comprise. Le chauffard a d\u00e9j\u00e0 \u00e9t\u00e9 condamn\u00e9, sous le coup d\u2019un sursis, il n\u2019a pas le permis, conduisait sous stup\u00e9fiant, il refuse d\u2019obtemp\u00e9rer, blesse d\u00e9lib\u00e9r\u00e9ment des policiers et on le rel\u00e2che\u00a0: quel message envoie le magistrat\u00a0?\u00a0\u00bb, interroge M. Barberis.<\/p>\n<p>  3 ans et 10 mois de prison<\/p>\n<p>Si le pr\u00e9venu s\u2019est bien pr\u00e9sent\u00e9 \u00e0 l\u2019audience, il a bien compris que la sanction serait lourde. Libre de ses mouvements, il a pr\u00e9f\u00e9r\u00e9 prendre la fuite, juste avant le prononc\u00e9 de la peine.<\/p>\n<p>Il a effectivement \u00e9t\u00e9 condamn\u00e9 \u00e0 3 ans et 4 mois de prison ferme, auxquels il faut ajouter 6 mois de r\u00e9vocation de sursis d\u2019une pr\u00e9c\u00e9dente condamnation.\u00a0Un mandat d\u2019arr\u00eat a \u00e9t\u00e9 d\u00e9livr\u00e9 pour le retrouver.<\/p>\n","protected":false},"excerpt":{"rendered":"\u00ab\u00a0Un v\u00e9ritable camouflet\u00a0\u00bb, avait d\u00e9nonc\u00e9 le syndicat policier Alliance, en apprenant la remise en libert\u00e9 du chauffeur qui&hellip;\n","protected":false},"author":2,"featured_media":1148448,"comment_status":"","ping_status":"","sticky":false,"template":"","format":"standard","meta":{"footnotes":"","_share_on_mastodon":"0"},"categories":[1889],"tags":[1111,11,2430,271,272,2757,1777,674,274,1011,27,2428,5947,5946,12,25,2429],"class_list":["post-1148447","post","type-post","status-publish","format-standard","has-post-thumbnail","category-lyon","tag-actu","tag-actualites","tag-auvergne-rhone-alpes","tag-crime","tag-delit-et-contravention","tag-edition-lyon-villeurbanne","tag-eu","tag-europe","tag-faits-divers-justice","tag-fr","tag-france","tag-lyon","tag-lyon-7e","tag-lyon-7e-arrondissement","tag-news","tag-republique-francaise","tag-rhone"],"share_on_mastodon":{"url":"https:\/\/pubeurope.com\/@fr\/117157492684267553","error":""},"_links":{"self":[{"href":"https:\/\/www.europesays.com\/fr\/wp-json\/wp\/v2\/posts\/1148447","targetHints":{"allow":["GET"]}}],"collection":[{"href":"https:\/\/www.europesays.com\/fr\/wp-json\/wp\/v2\/posts"}],"about":[{"href":"https:\/\/www.europesays.com\/fr\/wp-json\/wp\/v2\/types\/post"}],"author":[{"embeddable":true,"href":"https:\/\/www.europesays.com\/fr\/wp-json\/wp\/v2\/users\/2"}],"replies":[{"embeddable":true,"href":"https:\/\/www.europesays.com\/fr\/wp-json\/wp\/v2\/comments?post=1148447"}],"version-history":[{"count":0,"href":"https:\/\/www.europesays.com\/fr\/wp-json\/wp\/v2\/posts\/1148447\/revisions"}],"wp:featuredmedia":[{"embeddable":true,"href":"https:\/\/www.europesays.com\/fr\/wp-json\/wp\/v2\/media\/1148448"}],"wp:attachment":[{"href":"https:\/\/www.europesays.com\/fr\/wp-json\/wp\/v2\/media?parent=1148447"}],"wp:term":[{"taxonomy":"category","embeddable":true,"href":"https:\/\/www.europesays.com\/fr\/wp-json\/wp\/v2\/categories?post=1148447"},{"taxonomy":"post_tag","embeddable":true,"href":"https:\/\/www.europesays.com\/fr\/wp-json\/wp\/v2\/tags?post=1148447"}],"curies":[{"name":"wp","href":"https:\/\/api.w.org\/{rel}","templated":true}]}}