{"id":1148449,"date":"2026-08-25T18:10:15","date_gmt":"2026-08-25T18:10:15","guid":{"rendered":"https:\/\/www.europesays.com\/fr\/1148449\/"},"modified":"2026-08-25T18:10:15","modified_gmt":"2026-08-25T18:10:15","slug":"transports-en-ile-de-france-la-frequence-du-rer-d-reduite-jusqua-la-fin-de-lannee","status":"publish","type":"post","link":"https:\/\/www.europesays.com\/fr\/1148449\/","title":{"rendered":"Transports en \u00cele-de-France : la fr\u00e9quence du RER D r\u00e9duite jusqu\u2019\u00e0 la fin de l\u2019ann\u00e9e"},"content":{"rendered":"<p>\n    Cette d\u00e9cision a \u00e9t\u00e9 prise par la SNCF le temps d\u2019obtenir de plus grandes capacit\u00e9s de maintenance des trains. Un nouvel atelier doit \u00eatre mis en service au 1er semestre 2027.<\/p>\n<p class=\"fig-paragraph\">Le RER D va fonctionner au moins jusqu\u2019\u00e0 fin 2026 avec une fr\u00e9quence r\u00e9duite de pr\u00e8s de 5%, le temps d&rsquo;obtenir de plus grandes capacit\u00e9s de maintenance des trains, a annonc\u00e9 mardi la\u00a0<a href=\"http:\/\/www.lefigaro.fr\/societes\/en-normandie-un-vol-de-cables-interrompt-le-trafic-sncf-entre-argentan-et-granville-jusqu-a-mardi-matin-20260824\" target=\"_blank\" data-fig-type=\"NewsFlash\" rel=\"noopener nofollow\" data-gtm-custom-categorie=\"navigation\" data-gtm-custom-action=\"crossclick\" data-gtm-custom-label=\"Contextuel\" data-gtm-event=\"customEventSPE\" data-fig-domain=\"LEFIGARO\">SNCF<\/a>. SNCF Voyageurs a indiqu\u00e9 \u00e0 l&rsquo;AFP devoir supprimer \u00abmoins de 5% des 560 trains qui circulent chaque jour\u00bb en trafic plein, jusqu&rsquo;\u00e0 la fin du chantier de r\u00e9novation compl\u00e8te du Technicentre de Villeneuve-Saint-Georges (Val-de-Marne). \u00abNous veillons \u00e0 garder l&rsquo;offre nominale pendant les heures de pointe et de ne pas cr\u00e9er de trous dans la desserte aux heures creuses\u00bb, a pr\u00e9cis\u00e9 l&rsquo;entreprise publique.<\/p>\n<p class=\"fig-paragraph\">L&rsquo;annonce avait \u00e9t\u00e9 faite via un message aux maires des communes concern\u00e9es envoy\u00e9 vendredi, et obtenu par l&rsquo;AFP. Sign\u00e9 par une dirigeante du Transilien, la branche de SNCF Voyageurs en \u00cele-de-France, il annonce une r\u00e9duction de l&rsquo;offre d&rsquo;\u00abenviron 25 trains par jour de semaine, r\u00e9partis sur les deux axes\u00bb. Le RER D relie Paris \u00e0 sa banlieue nord, jusqu&rsquo;\u00e0 Creil (Oise), et sa banlieue sud-est, jusqu&rsquo;\u00e0 Melun (Seine-et-Marne) et Malesherbes (Loiret).<\/p>\n<p>                                            <a class=\"fig-a11y-skip\" href=\"#fig-a11y-skip-main-inarticle\" is=\"fig-a11y-skip\" data-trigger-mode=\"visible-once\"><br \/>\n    Passer la publicit\u00e9<br \/>\n<\/a>            <\/p>\n<p class=\"fig-paragraph\">La dirigeante du Transilien qualifie cette r\u00e9duction du trafic de \u00abseule solution p\u00e9renne pour maintenir en \u00e9tat le parc de mat\u00e9riel roulant jusqu&rsquo;\u00e0 la mise en service du nouvel atelier de maintenance au 1er semestre 2027\u00bb. Le groupe communiste, \u00e9cologiste et citoyen au Conseil r\u00e9gional (13 \u00e9lus sur 209) a d\u00e9nonc\u00e9 dans un communiqu\u00e9 une \u00abannonce surprise\u00bb et \u00abinacceptable\u00bb. Cette annonce \u00abintervient apr\u00e8s un \u00e9t\u00e9 tr\u00e8s difficile pour les voyageurs du RER D\u00bb, ont \u00e9crit ces \u00e9lus dans une lettre \u00e0 la pr\u00e9sidente de R\u00e9gion,\u00a0<a href=\"http:\/\/www.lefigaro.fr\/elections\/presidentielles\/les-programmes-sont-en-train-de-converger-pecresse-appelle-philippe-et-retailleau-a-un-rassemblement-de-la-droite-et-du-centre-20260824\" target=\"_blank\" data-fig-type=\"NewsFlash\" rel=\"noopener nofollow\" data-gtm-custom-categorie=\"navigation\" data-gtm-custom-action=\"crossclick\" data-gtm-custom-label=\"Contextuel\" data-gtm-event=\"customEventSPE\" data-fig-domain=\"LEFIGARO\">Val\u00e9rie P\u00e9cresse.<\/a><\/p>\n","protected":false},"excerpt":{"rendered":"Cette d\u00e9cision a \u00e9t\u00e9 prise par la SNCF le temps d\u2019obtenir de plus grandes capacit\u00e9s de maintenance des&hellip;\n","protected":false},"author":2,"featured_media":1148450,"comment_status":"","ping_status":"","sticky":false,"template":"","format":"standard","meta":{"footnotes":"","_share_on_mastodon":"0"},"categories":[1592],"tags":[1111,11,1777,674,1011,27,662,12,626,25,7759,800],"class_list":["post-1148449","post","type-post","status-publish","format-standard","has-post-thumbnail","category-ile-de-france","tag-actu","tag-actualites","tag-eu","tag-europe","tag-fr","tag-france","tag-ile-de-france","tag-news","tag-paris","tag-republique-francaise","tag-rer-d","tag-transports"],"share_on_mastodon":{"url":"https:\/\/pubeurope.com\/@fr\/117157496705465614","error":""},"_links":{"self":[{"href":"https:\/\/www.europesays.com\/fr\/wp-json\/wp\/v2\/posts\/1148449","targetHints":{"allow":["GET"]}}],"collection":[{"href":"https:\/\/www.europesays.com\/fr\/wp-json\/wp\/v2\/posts"}],"about":[{"href":"https:\/\/www.europesays.com\/fr\/wp-json\/wp\/v2\/types\/post"}],"author":[{"embeddable":true,"href":"https:\/\/www.europesays.com\/fr\/wp-json\/wp\/v2\/users\/2"}],"replies":[{"embeddable":true,"href":"https:\/\/www.europesays.com\/fr\/wp-json\/wp\/v2\/comments?post=1148449"}],"version-history":[{"count":0,"href":"https:\/\/www.europesays.com\/fr\/wp-json\/wp\/v2\/posts\/1148449\/revisions"}],"wp:featuredmedia":[{"embeddable":true,"href":"https:\/\/www.europesays.com\/fr\/wp-json\/wp\/v2\/media\/1148450"}],"wp:attachment":[{"href":"https:\/\/www.europesays.com\/fr\/wp-json\/wp\/v2\/media?parent=1148449"}],"wp:term":[{"taxonomy":"category","embeddable":true,"href":"https:\/\/www.europesays.com\/fr\/wp-json\/wp\/v2\/categories?post=1148449"},{"taxonomy":"post_tag","embeddable":true,"href":"https:\/\/www.europesays.com\/fr\/wp-json\/wp\/v2\/tags?post=1148449"}],"curies":[{"name":"wp","href":"https:\/\/api.w.org\/{rel}","templated":true}]}}