{"id":1148479,"date":"2026-08-25T18:29:14","date_gmt":"2026-08-25T18:29:14","guid":{"rendered":"https:\/\/www.europesays.com\/fr\/1148479\/"},"modified":"2026-08-25T18:29:14","modified_gmt":"2026-08-25T18:29:14","slug":"thomas-pujol-quitte-officiellement-lalterna-stade-poitevin-volley-ball","status":"publish","type":"post","link":"https:\/\/www.europesays.com\/fr\/1148479\/","title":{"rendered":"Thomas Pujol quitte officiellement l\u2019Alterna Stade Poitevin Volley-Ball"},"content":{"rendered":"<p>Le communiqu\u00e9 de l\u2019Alterna Stade Poitevin est tomb\u00e9 \u00e0 17\u00a0h, ce mardi 25\u00a0ao\u00fbt. Pour officialiser le d\u00e9part de Thomas Pujol. Et si le club poitevin n\u2019a pas indiqu\u00e9 pr\u00e9cis\u00e9ment sa future destination, le jeune r\u00e9ceptionneur-attaquant va bien mettre le cap sur Kedzierzyn-Kozle, le club polonais entra\u00een\u00e9 par le s\u00e9lectionneur de l\u2019\u00e9quipe de France Andrea Giani.<\/p>\n<p>L\u2019Alterna SPVB comptait pourtant beaucoup sur le meilleur jeune de MSL la saison pass\u00e9e, figurant \u00e9galement dans l\u2019\u00e9quipe-type du championnat, et en avait quasiment fait son homme de base pour le futur exercice, qui devait \u00eatre celui de la confirmation pour le jeune homme de 21\u00a0ans. Mais l\u2019institution stadiste a subi les cons\u00e9quences d\u2019un effet domino au niveau europ\u00e9en lanc\u00e9 par la signature d\u2019Efe Mandiraci \u00e0 Galatasaray. Pour compenser ce d\u00e9part, son ancien club de Piacenza a jet\u00e9 son d\u00e9volu sur l\u2019Am\u00e9ricain Cooper Robinson qui s\u2019\u00e9tait engag\u00e9 avec\u00a0Kedzierzyn-Kozle. Et voil\u00e0 comment la formation polonaise s\u2019est retourn\u00e9e vers Thomas Pujol si tardivement avec, visiblement, des arguments qui ont su convaincre le jeune homme d\u00e9termin\u00e9 \u00e0 relever ce challenge.<\/p>\n<p>\u00ab Devant la probl\u00e9matique de la demande tr\u00e8s tardive du joueur, le club s\u2019est positionn\u00e9 contre un d\u00e9part et souhaitait bien \u00e9videmment conserver une de ses pi\u00e8ces ma\u00eetresses de l\u2019effectif 2026-2027, est-il \u00e9crit dans le communiqu\u00e9. Mais devant la volont\u00e9 clairement exprim\u00e9e par le joueur de rejoindre un nouveau projet, le club a finalement engag\u00e9 des discussions, permettant aux diff\u00e9rentes parties de parvenir \u00e0 un accord de principe. \u00bb<\/p>\n<p>\u00ab Le club travaille d\u2019ores et d\u00e9j\u00e0 \u00e0 la venue d\u2019un nouveau joueur pour compl\u00e9ter son effectif \u00bb, conclut l&rsquo;Alterna SPVB. <\/p>\n<p>\u00a0<\/p>\n","protected":false},"excerpt":{"rendered":"Le communiqu\u00e9 de l\u2019Alterna Stade Poitevin est tomb\u00e9 \u00e0 17\u00a0h, ce mardi 25\u00a0ao\u00fbt. Pour officialiser le d\u00e9part de&hellip;\n","protected":false},"author":2,"featured_media":1148480,"comment_status":"","ping_status":"","sticky":false,"template":"","format":"standard","meta":{"footnotes":"","_share_on_mastodon":"0"},"categories":[1417],"tags":[1392,1654,1011,27,1655,1653,60,1584,1470,1469],"class_list":["post-1148479","post","type-post","status-publish","format-standard","has-post-thumbnail","category-volley","tag-a-la-une-local","tag-alterna-stade-poitevin-volley-ball","tag-fr","tag-france","tag-ligue-a","tag-poitiers","tag-sports","tag-vienne","tag-volley","tag-volleyball"],"share_on_mastodon":{"url":"https:\/\/pubeurope.com\/@fr\/117157571326302831","error":""},"_links":{"self":[{"href":"https:\/\/www.europesays.com\/fr\/wp-json\/wp\/v2\/posts\/1148479","targetHints":{"allow":["GET"]}}],"collection":[{"href":"https:\/\/www.europesays.com\/fr\/wp-json\/wp\/v2\/posts"}],"about":[{"href":"https:\/\/www.europesays.com\/fr\/wp-json\/wp\/v2\/types\/post"}],"author":[{"embeddable":true,"href":"https:\/\/www.europesays.com\/fr\/wp-json\/wp\/v2\/users\/2"}],"replies":[{"embeddable":true,"href":"https:\/\/www.europesays.com\/fr\/wp-json\/wp\/v2\/comments?post=1148479"}],"version-history":[{"count":0,"href":"https:\/\/www.europesays.com\/fr\/wp-json\/wp\/v2\/posts\/1148479\/revisions"}],"wp:featuredmedia":[{"embeddable":true,"href":"https:\/\/www.europesays.com\/fr\/wp-json\/wp\/v2\/media\/1148480"}],"wp:attachment":[{"href":"https:\/\/www.europesays.com\/fr\/wp-json\/wp\/v2\/media?parent=1148479"}],"wp:term":[{"taxonomy":"category","embeddable":true,"href":"https:\/\/www.europesays.com\/fr\/wp-json\/wp\/v2\/categories?post=1148479"},{"taxonomy":"post_tag","embeddable":true,"href":"https:\/\/www.europesays.com\/fr\/wp-json\/wp\/v2\/tags?post=1148479"}],"curies":[{"name":"wp","href":"https:\/\/api.w.org\/{rel}","templated":true}]}}