{"id":114850,"date":"2025-05-20T17:35:09","date_gmt":"2025-05-20T17:35:09","guid":{"rendered":"https:\/\/www.europesays.com\/fr\/114850\/"},"modified":"2025-05-20T17:35:09","modified_gmt":"2025-05-20T17:35:09","slug":"ce-supermarche-est-le-plus-grand-dile-de-france-et-voici-ou-il-se-trouve","status":"publish","type":"post","link":"https:\/\/www.europesays.com\/fr\/114850\/","title":{"rendered":"Ce supermarch\u00e9 est le plus grand d&rsquo;\u00cele-de-France et voici o\u00f9 il se trouve"},"content":{"rendered":"<p>\n        Envie de remplir votre chariot comme jamais ? En \u00cele-de-France, certains supermarch\u00e9s atteignent des tailles impressionnantes. D\u00e9couvrez o\u00f9 se cachent ces g\u00e9ants du rayon !    <\/p>\n<p class=\"standard\"><strong>Vous aimez faire de grosses <a href=\"https:\/\/www.marmiton.org\/bien-choisir-ses-aliments\/voici-le-meilleur-jour-pour-faire-vos-courses-chez-naturalia-et-realiser-des-economies-s4112914.html\" target=\"_blank\" rel=\"noopener\">courses<\/a> ?<\/strong> Vous avez besoin de remplir le frigo pour toute la semaine (voire plus) ou vous \u00eates simplement \u00e0 la recherche d\u2019un produit bien sp\u00e9cifique ? Alors cet article est fait pour vous !<\/p>\n<p class=\"standard\">Car en mati\u00e8re de shopping malin, <strong>les tr\u00e8s grands supermarch\u00e9s<\/strong> sont rois. Et en <strong>\u00cele-de-Franc<\/strong>e, <a href=\"https:\/\/www.tiktok.com\/@globetopvids\/video\/7377345914467372320\" rel=\"noopener noreferrer nofollow\" target=\"_blank\">certains \u00e9tablissements<\/a> atteignent des tailles impressionnantes !<\/p>\n<p>Pourquoi les grands supermarch\u00e9s sont-ils si pratiques ?<\/p>\n<p class=\"standard\">C\u2019est simple : <strong>plus de surface<\/strong>, c\u2019est <strong>plus de choix<\/strong>. Que ce soit pour acheter du riz en sac de 5 kg, d\u00e9nicher une sauce exotique introuvable ailleurs, ou remplir votre cong\u00e9lateur de glaces pour l\u2019\u00e9t\u00e9, les g\u00e9ants de la distribution ont tout ce qu\u2019il faut.<\/p>\n<p class=\"standard\">Autre avantage non n\u00e9gligeable : <strong>les prix<\/strong>. Dans ces grandes surfaces, on trouve souvent des <strong>formats XXL<\/strong>, plus \u00e9conomiques \u00e0 l\u2019unit\u00e9. Le prix au kilo est g\u00e9n\u00e9ralement plus bas que dans les petites enseignes.<\/p>\n<p>La suite apr\u00e8s cette publicit\u00e9<\/p>\n<p class=\"standard\">Faire ses courses dans un hypermarch\u00e9 g\u00e9ant, c\u2019est donc aussi faire <strong>des \u00e9conomies intelligentes<\/strong>. Mais alors, <strong>o\u00f9 trouve-t-on ces experts du caddie bien rempli ?<\/strong><\/p>\n<p>Le classement des g\u00e9ants de la r\u00e9gion<\/p>\n<p class=\"standard\">Entrons dans le vif du sujet avec un petit <strong>top 4<\/strong> des supermarch\u00e9s les plus vastes d\u2019\u00cele-de-France ! En <strong>4\u00e8me position<\/strong>, direction la Seine-Saint-Denis avec le <strong>Auchan de Bagnolet<\/strong>. Ce mastodonte offre d\u00e9j\u00e0 une belle balade entre les rayons avec <strong>15 800 m\u00b2<\/strong> de surface.<\/p>\n<p class=\"standard\"><strong>Pour la 3\u00e8me place<\/strong>, cap sur les Yvelines, au <strong><a href=\"https:\/\/www.marmiton.org\/magazine\/rappel-dans-les-magasins-auchan-carrefour-intermarche-leclerc-et-match-pour-ces-produits-il-s-agit-de-desserts-s4113330.html\" target=\"_blank\" rel=\"noopener\">Carrefour<\/a> de Montesson<\/strong>, qui d\u00e9ploie ses <strong>18 200 m\u00b2<\/strong> pour satisfaire les amateurs de produits vari\u00e9s.<\/p>\n<p class=\"standard\">Sur la <strong>2\u00e8me marche du podium<\/strong>, un autre <strong>Carrefour<\/strong>, cette fois \u00e0 <strong>Aulnay-sous-Bois<\/strong>. Avec ses <strong>22 100 m\u00b2<\/strong>, c\u2019est l\u2019\u00e9quivalent de <strong>trois terrains de football<\/strong> !<\/p>\n<p>Voici le supermarch\u00e9 le plus vaste d&rsquo;\u00cele-de-France<\/p>\n<p class=\"standard\">Le grand champion se trouve en <strong>Seine-et-Marne<\/strong>. C\u2019est le <strong>Carrefour de Villiers-en-Bi\u00e8re<\/strong> qui d\u00e9croche la palme avec une surface colossale de <strong>24 700 m\u00b2<\/strong> !<\/p>\n<p>La suite apr\u00e8s cette publicit\u00e9<\/p>\n<p class=\"standard\">De quoi fl\u00e2ner des heures entre les rayons et repartir avec un stock digne d\u2019un hiver nucl\u00e9aire, ou d\u2019un \u00e9t\u00e9 gourmand, selon la saison et votre humeur. <strong>Jus de fruits<\/strong>, <strong>glaces<\/strong>, <strong>produits frais<\/strong>, <strong>\u00e9quipements m\u00e9nagers<\/strong>\u2026 Tout y est dans des formats g\u00e9n\u00e9reux et \u00e0 des prix attractifs.<\/p>\n<p class=\"standard\">Et surtout, dans une ambiance qui donne envie de <strong>faire ses <a href=\"https:\/\/www.marmiton.org\/lgumes\/voici-le-meilleur-jour-pour-faire-ses-courses-chez-l-heure-du-marche-et-faire-des-economies-s4113131.html\" target=\"_blank\" rel=\"noopener\">courses<\/a> sans stress<\/strong>, avec de la place pour tous et pour tout.<\/p>\n<p class=\"standard\">Alors la prochaine fois que vous voulez faire de grosses emplettes, vous savez d\u00e9sormais <strong>o\u00f9 aller pour voir les choses en grand<\/strong> !<\/p>\n<p class=\"standard\"><strong>\u00c0 lire aussi :<\/strong>\n<\/p>\n<p>    <a href=\"https:\/\/www.marmiton.org\/author\/28024\" target=\"_blank\" rel=\"noopener\"><br \/>\n        <img loading=\"lazy\" decoding=\"async\" src=\"https:\/\/www.europesays.com\/fr\/wp-content\/uploads\/2025\/05\/660741150_s50.jpg\" width=\"50\" height=\"50\" alt=\"Leila Lefevre\"\/><br \/>\n    <\/a><\/p>\n<p>            R\u00e9dactrice cuisine\n    <\/p>\n<p>Passionn\u00e9e par tout ce qui touche \u00e0 la cuisine, j\u2019adore d\u00e9couvrir de nouveaux produits, explorer les tendances food et plonger dans les traditions culinaires europ\u00e9ennes. Bas\u00e9e \u00e0 Bruxelles, je partage \u2026<\/p>\n<p><script async src=\"\/\/www.tiktok.com\/embed.js\"><\/script><\/p>\n","protected":false},"excerpt":{"rendered":"Envie de remplir votre chariot comme jamais ? En \u00cele-de-France, certains supermarch\u00e9s atteignent des tailles impressionnantes. D\u00e9couvrez o\u00f9&hellip;\n","protected":false},"author":2,"featured_media":114851,"comment_status":"","ping_status":"","sticky":false,"template":"","format":"standard","meta":{"footnotes":""},"categories":[1592],"tags":[1111,11,8263,17888,130,1777,674,1011,27,662,8265,12,626,25],"class_list":{"0":"post-114850","1":"post","2":"type-post","3":"status-publish","4":"format-standard","5":"has-post-thumbnail","7":"category-ile-de-france","8":"tag-actu","9":"tag-actualites","10":"tag-actus-food","11":"tag-adresses","12":"tag-consommation","13":"tag-eu","14":"tag-europe","15":"tag-fr","16":"tag-france","17":"tag-ile-de-france","18":"tag-mieux-consommer","19":"tag-news","20":"tag-paris","21":"tag-republique-francaise"},"share_on_mastodon":{"url":"https:\/\/pubeurope.com\/@fr\/114541371307062307","error":""},"_links":{"self":[{"href":"https:\/\/www.europesays.com\/fr\/wp-json\/wp\/v2\/posts\/114850","targetHints":{"allow":["GET"]}}],"collection":[{"href":"https:\/\/www.europesays.com\/fr\/wp-json\/wp\/v2\/posts"}],"about":[{"href":"https:\/\/www.europesays.com\/fr\/wp-json\/wp\/v2\/types\/post"}],"author":[{"embeddable":true,"href":"https:\/\/www.europesays.com\/fr\/wp-json\/wp\/v2\/users\/2"}],"replies":[{"embeddable":true,"href":"https:\/\/www.europesays.com\/fr\/wp-json\/wp\/v2\/comments?post=114850"}],"version-history":[{"count":0,"href":"https:\/\/www.europesays.com\/fr\/wp-json\/wp\/v2\/posts\/114850\/revisions"}],"wp:featuredmedia":[{"embeddable":true,"href":"https:\/\/www.europesays.com\/fr\/wp-json\/wp\/v2\/media\/114851"}],"wp:attachment":[{"href":"https:\/\/www.europesays.com\/fr\/wp-json\/wp\/v2\/media?parent=114850"}],"wp:term":[{"taxonomy":"category","embeddable":true,"href":"https:\/\/www.europesays.com\/fr\/wp-json\/wp\/v2\/categories?post=114850"},{"taxonomy":"post_tag","embeddable":true,"href":"https:\/\/www.europesays.com\/fr\/wp-json\/wp\/v2\/tags?post=114850"}],"curies":[{"name":"wp","href":"https:\/\/api.w.org\/{rel}","templated":true}]}}