{"id":1148505,"date":"2026-08-25T18:47:49","date_gmt":"2026-08-25T18:47:49","guid":{"rendered":"https:\/\/www.europesays.com\/fr\/1148505\/"},"modified":"2026-08-25T18:47:49","modified_gmt":"2026-08-25T18:47:49","slug":"galaxy-s27-ultra-nouveau-design-grosse-batterie-et-qi2-voici-ses-premieres-images-frandroid","status":"publish","type":"post","link":"https:\/\/www.europesays.com\/fr\/1148505\/","title":{"rendered":"Galaxy S27 Ultra : nouveau design, grosse batterie et Qi2, voici ses premi\u00e8res images \u2014 Frandroid"},"content":{"rendered":"<p>Onleaks vient de diffuser les rendus techniques du Galaxy S27 Ultra. Bonne nouvelle\u00a0: le S Pen reste. Et pour le design, c\u2019est comme on s\u2019y attend, tr\u00e8s iPhonesque.<\/p>\n<p><a rel=\"noopener nofollow\" target=\"_blank\" href=\"https:\/\/images.frandroid.com\/wp-content\/uploads\/2026\/08\/Exclusive-Samsung-Galaxy-S27-Ultra-AH-2-1154x649-1.webp\" class=\"article-content__figure\"><img fetchpriority=\"high\" decoding=\"async\" loading=\"eager\" width=\"1154\" height=\"649\" src=\"https:\/\/www.europesays.com\/fr\/wp-content\/uploads\/2026\/08\/Exclusive-Samsung-Galaxy-S27-Ultra-AH-2-1154x649-1.webp\" alt=\"\" class=\"wp-image-3221511 wp-image wp-image\"  \/><\/a>Rendu du Galaxy S27 Ultra \/\/ Source : <a rel=\"noopener nofollow\" target=\"_blank\" href=\"https:\/\/www.androidheadlines.com\/samsung-galaxy-s27-ultra\">OnLeaks via Android Headlines<\/a><\/p>\n<p>L\u2019informateur fran\u00e7ais Onleaks, r\u00e9put\u00e9 pour ses fuites g\u00e9n\u00e9ralement fiables, a diffus\u00e9 une s\u00e9rie de rendus CAO du prochain fleuron de Samsung, publi\u00e9s en exclusivit\u00e9 par <a rel=\"noopener nofollow\" target=\"_blank\" href=\"https:\/\/www.androidheadlines.com\/samsung-galaxy-s27-ultra\">Android Headlines<\/a>. <\/p>\n<p>Le smartphone garde presque tout de son pr\u00e9d\u00e9cesseur, sauf son bloc photo. Exit la colonne de capteurs align\u00e9s sur la tranche gauche, remplac\u00e9e par un large plateau horizontal en haut du dos, comme sur l\u2019iPhone 17 Pro. Large, il est aussi haut puisqu\u2019on parle d\u2019une \u00e9paisseur de 12,53 mm \u00e0 son niveau, contre 7,97 mm pour le reste de l\u2019appareil. <\/p>\n<p>Pourquoi une telle \u00e9paisseur ? Et bien sans doute pour d\u00e9gager de la place en dessous et permettre d\u2019int\u00e9grer les aimants n\u00e9cessaires \u00e0 la charge Qi2. Ajoutons aussi que le module photo serait r\u00e9organis\u00e9. Samsung passerait de quatre \u00e0 trois capteurs, en supprimant le petit t\u00e9l\u00e9objectif 3x de 10 m\u00e9gapixels.<\/p>\n<p>Pour le reste, terrain connu. Les dimensions bougent \u00e0 peine face au <a href=\"https:\/\/www.frandroid.com\/marques\/samsung\/2997467_samsung-galaxy-s26-ultra-test\" rel=\"nofollow noopener\" target=\"_blank\">Galaxy S26 Ultra<\/a> (163,76 x 78,25 x 7,97 mm) et le S Pen conserve son logement. Intriguante, une rumeur \u00e9voque un <a href=\"https:\/\/www.frandroid.com\/produits-android\/3219291_galaxy-s27-ultra-son-ecran-pourrait-cicatriser-ses-rayures-tout-seul\" rel=\"nofollow noopener\" target=\"_blank\">rev\u00eatement capable de gommer ses micro-rayures<\/a> tout seul.<\/p>\n<p><a rel=\"noopener\" target=\"_blank\" href=\"https:\/\/www.europesays.com\/fr\/wp-content\/uploads\/2026\/08\/samsung-galaxy-s26-ultra-vs-galaxy-s27-ultra-1-1154x649-1.webp\" class=\"article-content__figure\"><img loading=\"lazy\" decoding=\"async\" width=\"1154\" height=\"649\" src=\"https:\/\/www.europesays.com\/fr\/wp-content\/uploads\/2026\/08\/samsung-galaxy-s26-ultra-vs-galaxy-s27-ultra-1-1154x649-1.webp\" alt=\"\" class=\"wp-image-3221513 wp-image\"  \/><\/a>Galaxy S26 Ultra et rendu du Galaxy S27 Ultra \/\/ Source : <a rel=\"noopener nofollow\" target=\"_blank\" href=\"https:\/\/www.androidheadlines.com\/samsung-galaxy-s27-ultra\">OnLeaks via Android Headlines<\/a><\/p>\n<p>Photo, batterie, puce\u00a0: ce qui changerait vraiment<\/p>\n<p>C\u00f4t\u00e9 photo, le capteur principal resterait un ISOCELL HIP6 de 1\/1,3 pouce, dans la lign\u00e9e de l\u2019actuel. L\u2019ultra grand-angle basculerait vers un <a href=\"https:\/\/www.frandroid.com\/marques\/samsung\/3191649_le-samsung-galaxy-s27-pourrait-troquer-ses-capteurs-photo-maison-contre-des-sony-plus-performants\" rel=\"nofollow noopener\" target=\"_blank\">capteur Sony<\/a> de 50 m\u00e9gapixels, et le t\u00e9l\u00e9objectif 5x grimperait lui aussi \u00e0 50 m\u00e9gapixels. Quant au <a href=\"https:\/\/www.frandroid.com\/rumeurs\/3167621_galaxy-s27-pro-et-ultra-carre-leur-capteur-selfie-sinspirerait-des-iphone\" rel=\"nofollow noopener\" target=\"_blank\">capteur selfie<\/a>, il adopterait une forme carr\u00e9e.<\/p>\n<p>La batterie m\u00e9rite qu\u2019on s\u2019y arr\u00eate. Samsung vient d\u2019adopter le silicium-carbone sur ses pliants <a href=\"https:\/\/www.frandroid.com\/produits\/smartphones\/samsung\/3188833-samsung-galaxy-z-fold-8-ultra\" rel=\"nofollow noopener\" target=\"_blank\">Galaxy Z Fold 8 Ultra<\/a>, <a href=\"https:\/\/www.frandroid.com\/marques\/samsung\/3219511_on-a-utilise-le-samsung-galaxy-z-fold-8-ultra-pendant-un-mois-pourquoi-on-vous-recommande-dacheter-le-z-fold-7\" rel=\"nofollow noopener\" target=\"_blank\">Galaxy Z Fold 8<\/a> et <a href=\"https:\/\/www.frandroid.com\/marques\/samsung\/3189885_jai-teste-le-samsung-z-flip-8-le-petit-smartphone-pliant-se-bonifie-comme-le-bon-vin-tres-lentement\" rel=\"nofollow noopener\" target=\"_blank\">Flip 8<\/a>, et l\u2019\u00e9tendrait \u00e0 la gamme S. D\u2019apr\u00e8s le site n\u00e9erlandais Galaxy Club, on parlerait d\u2019une capacit\u00e9 nominale de 5 534 mAh, soit environ 5 700 mAh en capacit\u00e9 typique. Un <a href=\"https:\/\/www.frandroid.com\/marques\/samsung\/3195731_galaxy-s27-ultra-chouette-samsung-nous-reserverait-une-belle-surprise-vraiment-attendue\" rel=\"nofollow noopener\" target=\"_blank\">vrai bond en avant<\/a> apr\u00e8s des ann\u00e9es de statu quo\u00a0: le <a href=\"https:\/\/www.frandroid.com\/marques\/samsung\/2997467_samsung-galaxy-s26-ultra-test\" rel=\"nofollow noopener\" target=\"_blank\">Galaxy S26 Ultra<\/a> est le septi\u00e8me Ultra d\u2019affil\u00e9e coinc\u00e9 \u00e0 5 000 mAh, une constante depuis le S20 Ultra de 2020.<\/p>\n<p>\t\t\t\t\t\t<a href=\"https:\/\/images.frandroid.com\/wp-content\/uploads\/2026\/08\/Exclusive-Samsung-Galaxy-S27-Ultra-AH.webp\" itemprop=\"url\" rel=\"nofollow noopener\" target=\"_blank\"><\/p>\n<p>\t\t\t\t\t\t\t<img decoding=\"async\" class=\"wp-image\" src=\"https:\/\/www.europesays.com\/fr\/wp-content\/uploads\/2026\/08\/Exclusive-Samsung-Galaxy-S27-Ultra-AH.webp\"  width=\"460\" height=\"259\" loading=\"lazy\" data-original-width=\"460\" data-original-height=\"259\" itemprop=\"http:\/\/schema.org\/image\" title=\"Exclusive-Samsung-Galaxy-S27-Ultra-AH\" alt=\"Exclusive-Samsung-Galaxy-S27-Ultra-AH\" style=\"width: 460px; height: 259px;\"\/><br \/>\n\t\t\t\t\t\t<\/a><\/p>\n<p>\t\t\t\t\t\t<a href=\"https:\/\/images.frandroid.com\/wp-content\/uploads\/2026\/08\/Exclusive-Samsung-Galaxy-S27-Ultra-AH-3.webp\" itemprop=\"url\" rel=\"nofollow noopener\" target=\"_blank\"><\/p>\n<p>\t\t\t\t\t\t\t<img decoding=\"async\" class=\"wp-image\" src=\"https:\/\/www.europesays.com\/fr\/wp-content\/uploads\/2026\/08\/Exclusive-Samsung-Galaxy-S27-Ultra-AH-3.webp\"  width=\"460\" height=\"259\" loading=\"lazy\" data-original-width=\"460\" data-original-height=\"259\" itemprop=\"http:\/\/schema.org\/image\" title=\"Exclusive-Samsung-Galaxy-S27-Ultra-AH-3\" alt=\"Exclusive-Samsung-Galaxy-S27-Ultra-AH-3\" style=\"width: 460px; height: 259px;\"\/><br \/>\n\t\t\t\t\t\t<\/a><\/p>\n<p>\u00c0 l\u2019int\u00e9rieur, on retrouverait <a href=\"https:\/\/www.frandroid.com\/marques\/qualcomm\/3217269_qualcomm-confirme-deux-snapdragon-8-elite-gen-6-pour-le-22-septembre\" rel=\"nofollow noopener\" target=\"_blank\">le prochain Snapdragon haut de gamme de Qualcomm<\/a>, et peut-\u00eatre un Exynos 2700 r\u00e9serv\u00e9 \u00e0 certains march\u00e9s. Ni m\u00e9moire vive LPDDR6 ni stockage UFS 5.0 ne seraient toutefois au programme, un petit b\u00e9mol pour un tel tarif. <\/p>\n<p>Le prix\u00a0? Samsung remettrait 100 dollars au compteur, \u00e0 1 399 dollars (environ 1 200 euros hors taxes) sur le march\u00e9 am\u00e9ricain. Ce serait toujours moins que le tout premier Ultra, le Galaxy S20 Ultra lanc\u00e9 \u00e0 1 499 dollars en 2020. L\u2019officialisation est attendue autour du 22 f\u00e9vrier 2027, juste avant le MWC.<\/p>\n<p class=\"shortcode-container see-more\">\n    Pour aller plus loin<br \/><a href=\"https:\/\/www.frandroid.com\/guide-dachat\/386688_quels-smartphone-samsung-choisir-parmi-les-differentes-gammes-galaxy\" rel=\"nofollow noopener\" target=\"_blank\">Quel smartphone Samsung Galaxy choisir en 2026 ? Tous les mod\u00e8les test\u00e9s, nos recommandations par budget<\/a>\n            <\/p>\n<p class=\"title\">\n            Retrouvez les derni\u00e8res fuites d&rsquo;            <a href=\"https:\/\/www.frandroid.com\/tag\/onleaks\" rel=\"nofollow noopener\" target=\"_blank\"><br \/>\n                Onleaks            <\/a>\n        <\/p>\n","protected":false},"excerpt":{"rendered":"Onleaks vient de diffuser les rendus techniques du Galaxy S27 Ultra. Bonne nouvelle\u00a0: le S Pen reste. Et&hellip;\n","protected":false},"author":2,"featured_media":1148506,"comment_status":"","ping_status":"","sticky":false,"template":"","format":"standard","meta":{"footnotes":"","_share_on_mastodon":"0"},"categories":[7],"tags":[1011,27,89817,178,51783,43,40,41,39,42,44],"class_list":["post-1148505","post","type-post","status-publish","format-standard","has-post-thumbnail","category-sciences-et-technologies","tag-fr","tag-france","tag-onleaks","tag-rumeur","tag-samsung-galaxy-s27-ultra","tag-science","tag-science-and-technology","tag-sciences","tag-sciences-et-technologies","tag-technologies","tag-technology"],"share_on_mastodon":{"url":"https:\/\/pubeurope.com\/@fr\/117157648693605970","error":""},"_links":{"self":[{"href":"https:\/\/www.europesays.com\/fr\/wp-json\/wp\/v2\/posts\/1148505","targetHints":{"allow":["GET"]}}],"collection":[{"href":"https:\/\/www.europesays.com\/fr\/wp-json\/wp\/v2\/posts"}],"about":[{"href":"https:\/\/www.europesays.com\/fr\/wp-json\/wp\/v2\/types\/post"}],"author":[{"embeddable":true,"href":"https:\/\/www.europesays.com\/fr\/wp-json\/wp\/v2\/users\/2"}],"replies":[{"embeddable":true,"href":"https:\/\/www.europesays.com\/fr\/wp-json\/wp\/v2\/comments?post=1148505"}],"version-history":[{"count":0,"href":"https:\/\/www.europesays.com\/fr\/wp-json\/wp\/v2\/posts\/1148505\/revisions"}],"wp:featuredmedia":[{"embeddable":true,"href":"https:\/\/www.europesays.com\/fr\/wp-json\/wp\/v2\/media\/1148506"}],"wp:attachment":[{"href":"https:\/\/www.europesays.com\/fr\/wp-json\/wp\/v2\/media?parent=1148505"}],"wp:term":[{"taxonomy":"category","embeddable":true,"href":"https:\/\/www.europesays.com\/fr\/wp-json\/wp\/v2\/categories?post=1148505"},{"taxonomy":"post_tag","embeddable":true,"href":"https:\/\/www.europesays.com\/fr\/wp-json\/wp\/v2\/tags?post=1148505"}],"curies":[{"name":"wp","href":"https:\/\/api.w.org\/{rel}","templated":true}]}}