{"id":114852,"date":"2025-05-20T17:36:10","date_gmt":"2025-05-20T17:36:10","guid":{"rendered":"https:\/\/www.europesays.com\/fr\/114852\/"},"modified":"2025-05-20T17:36:10","modified_gmt":"2025-05-20T17:36:10","slug":"idfm-la-premiere-ligne-de-transilien-ouverte-a-la-concurrence-est-attribuee-a-la-sncf","status":"publish","type":"post","link":"https:\/\/www.europesays.com\/fr\/114852\/","title":{"rendered":"IDFM. La premi\u00e8re ligne de Transilien ouverte \u00e0 la concurrence est attribu\u00e9e \u00e0 la SNCF"},"content":{"rendered":"<p>            Par<br \/>\n        <strong><br \/>\n            <a href=\"https:\/\/actu.fr\/auteur\/redaction-paris\" title=\"Consulter tous les articles de R\u00e9daction Paris\" rel=\"nofollow noopener\" target=\"_blank\">R\u00e9daction Paris<\/a><br \/>\n        <\/strong><\/p>\n<p>        Publi\u00e9 le<\/p>\n<p>            20 mai 2025 \u00e0 18h47        <\/p>\n<p>La Ligne du L du Transilien, premi\u00e8re ligne de train de banlieue ouverte \u00e0 la concurrence, <strong>sera exploit\u00e9e par SNCF Voyageurs entre\u00a02027 et\u00a02035<\/strong>, a confirm\u00e9 mardi <a href=\"https:\/\/actu.fr\/tag\/ile-de-france-mobilites\" rel=\"nofollow noopener\" target=\"_blank\">\u00cele-de-France Mobilit\u00e9s (IDFM)<\/a>. La ligne L est \u00ab\u2009la premi\u00e8re ligne de train dont l\u2019exploitation fera l\u2019objet d\u2019un contrat de d\u00e9l\u00e9gation de service public, suivant ainsi le m\u00eame mod\u00e8le que <a href=\"https:\/\/actu.fr\/ile-de-france\/paris_75056\/une-vente-a-la-decoupe-du-service-public-climat-tendu-avant-l-ouverture-a-la-concurrence-de-la-ratp_61845916.html\" rel=\"nofollow noopener\" target=\"_blank\">les lignes de bus en grande couronne<\/a> et les lignes de tram-train, d\u00e9j\u00e0 sous contrat, et les lignes de bus \u00e0 Paris et en petite couronne\u2009\u00bb, a pr\u00e9cis\u00e9 IDFM dans un communiqu\u00e9.<\/p>\n<p>Une nouvelle filiale pour l\u2019ouest de Paris<\/p>\n<p class=\" wall-content\">Cette ligne, qui relie la gare de Paris-Saint-Lazare \u00e0 Versailles-Rive-Droite, Saint-Nom-la-Bret\u00e8che et Cergy-le-Haut (Yvelines) enregistre d\u2019apr\u00e8s IDFM pr\u00e8s de 300\u2009000 voyages par jour, <strong>soit 8,7\u2009% du r\u00e9seau actuellement exploit\u00e9 par SNCF Voyageurs en r\u00e9gion parisienne<\/strong>. SNCF Voyageurs, qui exploite d\u00e9j\u00e0 cette ligne sous la marque Transilien, la reprendra via sa nouvelle filiale \u00ab\u2009SNCF Voyageurs C\u0153ur Ouest IDF\u2009\u00bb. Cette soci\u00e9t\u00e9 la g\u00e9rera et entretiendra le mat\u00e9riel roulant ainsi que les installations li\u00e9es \u00e0 la ligne, comme le site de maintenance de Levallois (Hauts-de-Seine). \u00ab\u2009Cette d\u00e9cision confirme la comp\u00e9titivit\u00e9 de SNCF Voyageurs dans les d\u00e9fis de l\u2019ouverture \u00e0 la concurrence\u2009\u00bb, s\u2019est f\u00e9licit\u00e9e la soci\u00e9t\u00e9 dans un communiqu\u00e9.<\/p>\n<p class=\" wall-content\">L\u2019exploitation d\u00e9marrera en 2027 pour une fin au 12\u00a0octobre 2035, avec la possibilit\u00e9, pour \u00cele-de-France Mobilit\u00e9s, de proroger le contrat de deux fois un an.<\/p>\n<p>Une d\u00e9gradation des conditions salariales redout\u00e9e<\/p>\n<p class=\" wall-content\">Dans le m\u00eame temps, IDFM a confirm\u00e9 que Transdev exploiterait entre d\u00e9cembre\u00a02025 et novembre\u00a02031 quatre lignes de cars express (350, 351, et les nouvelles 9509 et 9517) et plusieurs lignes de bus classiques vers et depuis l\u2019a\u00e9roport de Paris-Charles de Gaulle.<\/p>\n<p>Vid\u00e9os : en ce moment sur Actu<\/p>\n<p class=\" wall-content\">Dans l\u2019opposition au conseil r\u00e9gional, la Gauche Communiste, \u00c9cologiste et Citoyenne a d\u00e9nonc\u00e9 dans cette transition de la ligne L une \u00ab\u2009premi\u00e8re \u00e9tape de <strong>l\u2019\u00e9clatement du r\u00e9seau Transilien et RER<\/strong> en une multitude d\u2019exploitants de droit priv\u00e9, distincts les uns des autres\u2009\u00bb. \u00ab\u2009La s\u00e9paration des infrastructures n\u00e9cessaires \u00e0 chaque exploitant co\u00fbte plusieurs centaines de millions d\u2019euros\u2009\u00bb, a d\u00e9clar\u00e9 le parti dans un communiqu\u00e9, et \u00ab\u2009le recours \u00e0 des filiales de droit priv\u00e9 fait craindre une d\u00e9gradation des conditions salariales\u2009\u00bb.<\/p>\n<p class=\" wall-content\"><strong>Avec AFP<\/strong><\/p>\n<p class=\" wall-content\">Suivez toute l\u2019actualit\u00e9 de vos villes et m\u00e9dias favoris en vous inscrivant \u00e0 <a href=\"https:\/\/moncompte.actu.fr\" title=\"D\u00e9couvez Mon Actu\" rel=\"nofollow noopener\" data-trk=\"{&quot;cta&quot;:{&quot;action&quot;:&quot;https:\\\/\\\/moncompte.actu.fr&quot;,&quot;category&quot;:&quot;mon compte&quot;,&quot;from&quot;:&quot;article footer&quot;,&quot;name&quot;:&quot;Mon actu&quot;,&quot;type&quot;:&quot;cta&quot;}}\" target=\"_blank\">Mon Actu<\/a>.<\/p>\n","protected":false},"excerpt":{"rendered":"Par R\u00e9daction Paris Publi\u00e9 le 20 mai 2025 \u00e0 18h47 La Ligne du L du Transilien, premi\u00e8re ligne&hellip;\n","protected":false},"author":2,"featured_media":114853,"comment_status":"","ping_status":"","sticky":false,"template":"","format":"standard","meta":{"footnotes":""},"categories":[1592],"tags":[1111,11,33,1777,674,1011,27,662,10883,12,626,25,2215,12443],"class_list":{"0":"post-114852","1":"post","2":"type-post","3":"status-publish","4":"format-standard","5":"has-post-thumbnail","7":"category-ile-de-france","8":"tag-actu","9":"tag-actualites","10":"tag-economie","11":"tag-eu","12":"tag-europe","13":"tag-fr","14":"tag-france","15":"tag-ile-de-france","16":"tag-ile-de-france-mobilites","17":"tag-news","18":"tag-paris","19":"tag-republique-francaise","20":"tag-sncf","21":"tag-transilien"},"share_on_mastodon":{"url":"https:\/\/pubeurope.com\/@fr\/114541375235100406","error":""},"_links":{"self":[{"href":"https:\/\/www.europesays.com\/fr\/wp-json\/wp\/v2\/posts\/114852","targetHints":{"allow":["GET"]}}],"collection":[{"href":"https:\/\/www.europesays.com\/fr\/wp-json\/wp\/v2\/posts"}],"about":[{"href":"https:\/\/www.europesays.com\/fr\/wp-json\/wp\/v2\/types\/post"}],"author":[{"embeddable":true,"href":"https:\/\/www.europesays.com\/fr\/wp-json\/wp\/v2\/users\/2"}],"replies":[{"embeddable":true,"href":"https:\/\/www.europesays.com\/fr\/wp-json\/wp\/v2\/comments?post=114852"}],"version-history":[{"count":0,"href":"https:\/\/www.europesays.com\/fr\/wp-json\/wp\/v2\/posts\/114852\/revisions"}],"wp:featuredmedia":[{"embeddable":true,"href":"https:\/\/www.europesays.com\/fr\/wp-json\/wp\/v2\/media\/114853"}],"wp:attachment":[{"href":"https:\/\/www.europesays.com\/fr\/wp-json\/wp\/v2\/media?parent=114852"}],"wp:term":[{"taxonomy":"category","embeddable":true,"href":"https:\/\/www.europesays.com\/fr\/wp-json\/wp\/v2\/categories?post=114852"},{"taxonomy":"post_tag","embeddable":true,"href":"https:\/\/www.europesays.com\/fr\/wp-json\/wp\/v2\/tags?post=114852"}],"curies":[{"name":"wp","href":"https:\/\/api.w.org\/{rel}","templated":true}]}}