{"id":114854,"date":"2025-05-20T17:37:08","date_gmt":"2025-05-20T17:37:08","guid":{"rendered":"https:\/\/www.europesays.com\/fr\/114854\/"},"modified":"2025-05-20T17:37:08","modified_gmt":"2025-05-20T17:37:08","slug":"lancien-directeur-de-lecole-catholique-saint-jean-de-passy-juge-pour-agression-sexuelle-sur-un-eleve","status":"publish","type":"post","link":"https:\/\/www.europesays.com\/fr\/114854\/","title":{"rendered":"l&rsquo;ancien directeur de l&rsquo;\u00e9cole catholique Saint-Jean-de-Passy jug\u00e9 pour agression sexuelle sur un \u00e9l\u00e8ve"},"content":{"rendered":"<p>            Par<br \/>\n        <strong><br \/>\n            <a href=\"https:\/\/actu.fr\/auteur\/redaction-paris\" title=\"Consulter tous les articles de R\u00e9daction Paris\" rel=\"nofollow noopener\" target=\"_blank\">R\u00e9daction Paris<\/a><br \/>\n        <\/strong><\/p>\n<p>        Publi\u00e9 le<\/p>\n<p>            20 mai 2025 \u00e0 18h32        <\/p>\n<p>Un proc\u00e8s dans un contexte de violences d\u00e9nonc\u00e9es dans plusieurs \u00e9coles catholiques. Ce mercredi 21\u00a0mai 2025, l\u2019ancien directeur de l\u2019\u00e9cole priv\u00e9e catholique <strong>Sain-Jean-de-Passy<\/strong> doit \u00eatre jug\u00e9 pour <a href=\"https:\/\/actu.fr\/tag\/violences-sexuelles\" rel=\"nofollow noopener\" target=\"_blank\">agression sexuelle<\/a> \u00e0 <a href=\"https:\/\/actu.fr\/paris\/\" rel=\"nofollow noopener\" target=\"_blank\">Paris<\/a>. Les faits datent de 2021. La victime avait 14\u00a0ans. Le pr\u00e9venu nie les faits.<\/p>\n<p>Un \u00ab\u2009traquenard\u2009\u00bb selon la d\u00e9fense<\/p>\n<p class=\" wall-content\">Le juge d\u2019instruction avait estim\u00e9 en mars qu\u2019il existait des charges suffisantes \u00e0 l\u2019encontre de Daniel Chapellier et avait suivi les r\u00e9quisitions du parquet, qui <strong>demandait un proc\u00e8s<\/strong>.<br \/>\u00ab\u2009Mon client attend avec impatience cette audience pour faire valoir son honneur\u2009\u00bb, a r\u00e9agi <strong>Me Yassine Yakouti<\/strong>, avocat de l\u2019ex-directeur avec <strong>Me Marie Violleau<\/strong>. Selon lui, Daniel Chapellier \u00ab\u2009n\u2019a pas\u2009\u00bb commis l\u2019agression qu\u2019on lui reproche et est \u00ab\u2009tomb\u00e9 dans un traquenard de la part du plaignant, qui avait des motivations en lien avec le maintien de sa scolarit\u00e9\u2009\u00bb.<\/p>\n<p class=\" wall-content\">\u00ab\u2009Nous sommes heureuses d\u2019avoir obtenu enfin un d\u00e9bat public dans ce dossier qui fait l\u2019objet de tant de certitudes et paroles aveugl\u00e9es\u2009\u00bb, a pour sa part r\u00e9agi aupr\u00e8s de l\u2019AFP<strong> Me Clotilde Lepetit<\/strong>, qui d\u00e9fend l\u2019\u00e9l\u00e8ve au c\u00f4t\u00e9 de Me Karine Bourdi\u00e9.<\/p>\n<p>Des attouchements d\u00e9nonc\u00e9s<\/p>\n<p class=\" wall-content\">L\u2019affaire avait d\u00e9but\u00e9 en 2021, bien avant les innombrables r\u00e9v\u00e9lations r\u00e9centes de <a href=\"https:\/\/actu.fr\/nouvelle-aquitaine\/lestelle-betharram_64339\/affaire-betharram-la-fille-de-francois-bayrou-confirme-une-rencontre-avec-le-juge-mirande-en-1998_62557099.html\" rel=\"nofollow noopener\" target=\"_blank\">violences sexuelles et physiques dans les \u00e9tablissements catholiques<\/a>, dont <a href=\"https:\/\/actu.fr\/politique\/affaire-betharram-passes-d-armes-propos-confus-ce-qu-il-faut-retenir-de-l-audition-de-francois-bayrou_62637953.html\" rel=\"nofollow noopener\" target=\"_blank\"><strong>Notre-Dame-de-B\u00e9tharram<\/strong><\/a>. Cette ann\u00e9e-l\u00e0, le 3\u00a0f\u00e9vrier, le plaignant, alors coll\u00e9gien de 14\u00a0ans, est convoqu\u00e9 dans le bureau du directeur pour son comportement et ses r\u00e9sultats scolaires.<br \/>Selon les d\u00e9clarations de l\u2019adolescent aux enqu\u00eateurs, M. Chapellier lui pose alors des questions sur sa sexualit\u00e9, avant de lui toucher le sexe puis de lui attraper la main pour qu\u2019il touche le sien. Le coll\u00e9gien, sous le choc, se confie le soir-m\u00eame \u00e0 ses parents, qui d\u00e9posent plainte quelques jours apr\u00e8s.<\/p>\n<p>Des questions sur la masturbation<\/p>\n<p class=\" wall-content\">Durant l\u2019enqu\u00eate, des recherches sur des sites pornographiques de termes comme \u00ab\u2009teen boys\u2009\u00bb (\u00abadolescents\u2009\u00bb) ont \u00e9t\u00e9 retrouv\u00e9es sur le mat\u00e9riel informatique de M. Chapellier. Lui assure avoir fait ces recherches <strong>pour comprendre ce que ses \u00e9l\u00e8ves regardaient,<\/strong> des explications jug\u00e9es peu cr\u00e9dibles par le juge d\u2019instruction, selon la source proche du dossier. Le juge a n\u00e9anmoins estim\u00e9 que les images sur les appareils du directeur repr\u00e9sentaient des sujets jeunes, mais qu\u2019il n\u2019y avait pas de certitude sur le fait qu\u2019ils soient mineurs.<\/p>\n<p>Vid\u00e9os : en ce moment sur Actu<\/p>\n<p class=\" wall-content\">D\u2019anciens \u00e9l\u00e8ves et professeurs ont exprim\u00e9 leur soutien \u00e0 l\u2019ancien directeur dans des lettres. D\u2019autres ont affirm\u00e9 qu\u2019il leur posait des questions sur leur consultation de sites pornographiques et leur masturbation, selon lui pour comprendre pourquoi certains \u00e9l\u00e8ves ne travaillaient pas.<\/p>\n<p class=\" wall-content\">Avec AFP<\/p>\n<p class=\" wall-content\">Suivez toute l\u2019actualit\u00e9 de vos villes et m\u00e9dias favoris en vous inscrivant \u00e0 <a href=\"https:\/\/moncompte.actu.fr\" title=\"D\u00e9couvez Mon Actu\" rel=\"nofollow noopener\" data-trk=\"{&quot;cta&quot;:{&quot;action&quot;:&quot;https:\\\/\\\/moncompte.actu.fr&quot;,&quot;category&quot;:&quot;mon compte&quot;,&quot;from&quot;:&quot;article footer&quot;,&quot;name&quot;:&quot;Mon actu&quot;,&quot;type&quot;:&quot;cta&quot;}}\" target=\"_blank\">Mon Actu<\/a>.<\/p>\n<ul class=\"ac-article-tag wall-content\">\n<li><a href=\"https:\/\/actu.fr\/tag\/proces\" data-trk=\"{&quot;cta&quot;:{&quot;action&quot;:&quot;Proc\\u00e8s&quot;,&quot;category&quot;:&quot;tag&quot;,&quot;from&quot;:&quot;article footer&quot;,&quot;name&quot;:&quot;Proc\\u00e8s&quot;,&quot;type&quot;:&quot;cta&quot;}}\" rel=\"nofollow noopener\" target=\"_blank\">#Proc\u00e8s<\/a><\/li>\n<li><a href=\"https:\/\/actu.fr\/tag\/violences-sexuelles\" data-trk=\"{&quot;cta&quot;:{&quot;action&quot;:&quot;Violences sexuelles&quot;,&quot;category&quot;:&quot;tag&quot;,&quot;from&quot;:&quot;article footer&quot;,&quot;name&quot;:&quot;Violences sexuelles&quot;,&quot;type&quot;:&quot;cta&quot;}}\" rel=\"nofollow noopener\" target=\"_blank\">#Violences sexuelles<\/a><\/li>\n<\/ul>\n","protected":false},"excerpt":{"rendered":"Par R\u00e9daction Paris Publi\u00e9 le 20 mai 2025 \u00e0 18h32 Un proc\u00e8s dans un contexte de violences d\u00e9nonc\u00e9es&hellip;\n","protected":false},"author":2,"featured_media":114855,"comment_status":"","ping_status":"","sticky":false,"template":"","format":"standard","meta":{"footnotes":""},"categories":[1888],"tags":[1111,1928,11,1927,1777,674,118,1011,27,12,1926,626,1925,2694,25,799],"class_list":{"0":"post-114854","1":"post","2":"type-post","3":"status-publish","4":"format-standard","5":"has-post-thumbnail","7":"category-paris","8":"tag-actu","9":"tag-actu-paris","10":"tag-actualites","11":"tag-actualites-paris","12":"tag-eu","13":"tag-europe","14":"tag-faits-divers","15":"tag-fr","16":"tag-france","17":"tag-news","18":"tag-news-paris","19":"tag-paris","20":"tag-paris-news","21":"tag-proces","22":"tag-republique-francaise","23":"tag-violences-sexuelles"},"share_on_mastodon":{"url":"https:\/\/pubeurope.com\/@fr\/114541379628032853","error":""},"_links":{"self":[{"href":"https:\/\/www.europesays.com\/fr\/wp-json\/wp\/v2\/posts\/114854","targetHints":{"allow":["GET"]}}],"collection":[{"href":"https:\/\/www.europesays.com\/fr\/wp-json\/wp\/v2\/posts"}],"about":[{"href":"https:\/\/www.europesays.com\/fr\/wp-json\/wp\/v2\/types\/post"}],"author":[{"embeddable":true,"href":"https:\/\/www.europesays.com\/fr\/wp-json\/wp\/v2\/users\/2"}],"replies":[{"embeddable":true,"href":"https:\/\/www.europesays.com\/fr\/wp-json\/wp\/v2\/comments?post=114854"}],"version-history":[{"count":0,"href":"https:\/\/www.europesays.com\/fr\/wp-json\/wp\/v2\/posts\/114854\/revisions"}],"wp:featuredmedia":[{"embeddable":true,"href":"https:\/\/www.europesays.com\/fr\/wp-json\/wp\/v2\/media\/114855"}],"wp:attachment":[{"href":"https:\/\/www.europesays.com\/fr\/wp-json\/wp\/v2\/media?parent=114854"}],"wp:term":[{"taxonomy":"category","embeddable":true,"href":"https:\/\/www.europesays.com\/fr\/wp-json\/wp\/v2\/categories?post=114854"},{"taxonomy":"post_tag","embeddable":true,"href":"https:\/\/www.europesays.com\/fr\/wp-json\/wp\/v2\/tags?post=114854"}],"curies":[{"name":"wp","href":"https:\/\/api.w.org\/{rel}","templated":true}]}}