{"id":114862,"date":"2025-05-20T17:42:09","date_gmt":"2025-05-20T17:42:09","guid":{"rendered":"https:\/\/www.europesays.com\/fr\/114862\/"},"modified":"2025-05-20T17:42:09","modified_gmt":"2025-05-20T17:42:09","slug":"je-suis-la-mere-dun-caporal-mort-au-combat-merci-a-vous-quand-les-femmes-russes-en-deuil-remercient-vladimir-poutine","status":"publish","type":"post","link":"https:\/\/www.europesays.com\/fr\/114862\/","title":{"rendered":"\u00ab\u00a0Je suis la m\u00e8re d&rsquo;un caporal mort au combat\u2026 Merci \u00e0 vous\u00a0\u00bb : quand les femmes russes en deuil remercient Vladimir Poutine"},"content":{"rendered":"<p class=\"ap-StoryElement ap-StoryElement--mb js-paywall-target ap-StoryText\">Cette sc\u00e8ne surprenante est totalement r\u00e9aliste et bien r\u00e9elle, \u00e0 en croire une vid\u00e9o publi\u00e9e sur Instagram par le journal ind\u00e9pendant russe Doxa et l&rsquo;agence de presse russe Repost. On y voit une vingtaine de Russes \u00ab\u00a0tr\u00e8s reconnaissantes\u00a0\u00bb envers le chef du Kremlin, \u00ab\u00a0Vladimir Vladimirovich\u00a0\u00bb, qu&rsquo;elles remercient \u00ab\u00a0du fond du c\u0153ur\u00a0\u00bb.<\/p>\n<p class=\"ap-StoryElement ap-StoryElement--mb ap-StoryText\">Les t\u00e9moignages sont multiples : \u00ab\u00a0Je suis la m\u00e8re d&rsquo;un caporal mort au combat\u2026 Merci \u00e0 vous\u00a0\u00bb, \u00ab\u00a0Je suis la m\u00e8re de quatre enfants, chef de ch\u0153ur, et depuis peu veuve\u2026 Merci \u00e0 vous\u00a0\u00bb, \u00ab\u00a0Je suis la s\u0153ur a\u00een\u00e9e d&rsquo;Artem Ryjov, soldat mort au combat. Je suis mari\u00e9e et j&rsquo;\u00e9l\u00e8ve trois beaux futurs d\u00e9fenseurs de la patrie\u2026 Tout va bien pour nous.\u00a0\u00bb<\/p>\n<p><a href=\"https:\/\/www.lalibre.be\/international\/europe\/guerre-ukraine-russie\/2025\/02\/22\/certains-soldats-russes-vont-meme-parfois-plus-loin-que-vladimir-poutine-K2NETLPGOFALJIK55QF4I5MZNQ\/\" target=\"_blank\" rel=\"noopener noreferrer\" class=\"ap-StoryInterstitialLink ap-StoryElement ap-StoryElement--mb\">\u00ab\u00a0Certains soldats russes vont m\u00eame parfois plus loin que Vladimir Poutine\u00a0\u00bb<\/a>Outil de propagande<\/p>\n<p class=\"ap-StoryElement ap-StoryElement--mb ap-StoryText\">Au total, une quarantaine de \u00ab\u00a0merci\u00a0\u00bb sont \u00e9chang\u00e9s en 80 secondes de vid\u00e9o. Pourquoi autant de gratitude, alors que <a href=\"https:\/\/www.lalibre.be\/international\/europe\/guerre-ukraine-russie\/2025\/02\/22\/certains-soldats-russes-vont-meme-parfois-plus-loin-que-vladimir-poutine-K2NETLPGOFALJIK55QF4I5MZNQ\/\" target=\"_blank\" rel=\"noopener\">l&rsquo;arm\u00e9e russe accepte un grand nombre de pertes humaines<\/a> sans questionner ses m\u00e9thodes ? Pour l&rsquo;argent. En effet, pour compenser la perte de l&rsquo;\u00eatre cher, qui repr\u00e9sente pour certaines le \u00ab\u00a0chef de famille\u00a0\u00bb, l&rsquo;\u00c9tat octroie \u00e0 ces femmes une aide financi\u00e8re, mat\u00e9rielle\u2026 voire symbolique. D\u00e9but mars, Vladimir Poutine a par exemple remis \u00e0 la veuve d&rsquo;un chef de bataillon, Sergei Chebnyov, la m\u00e9daille de l&rsquo;\u00c9toile d&rsquo;or du \u00ab\u00a0H\u00e9ros de la Russie\u00a0\u00bb, d\u00e9cern\u00e9e \u00e0 titre posthume \u00e0 son mari.<\/p>\n<p class=\"ap-StoryElement ap-StoryElement--mb ap-StoryText\">Rencontrer les veuves et autres femmes en deuil est un exercice auquel se livre r\u00e9guli\u00e8rement le chef du Kremlin, qui a r\u00e9ussi \u00e0 transformer leur d\u00e9tresse en outil de propagande. \u00ab\u00a0\u00c0 l&rsquo;\u00e8re Poutine, les voix des m\u00e8res de soldats, comme celles d&rsquo;autres organisations civiles, se sont fait moins entendre, analyse <a href=\"https:\/\/t.me\/SergeiMedvedevPublic\" target=\"_blank\">sur Telegram<\/a> Sergue\u00ef Medvedev, chercheur sp\u00e9cialiste de la p\u00e9riode postsovi\u00e9tique. En revanche, pendant la guerre actuelle, une organisation \u00e9tonnante a vu le jour, &lsquo;Les veuves des soldats de Russie&rsquo;, qui r\u00e9clame de nouvelles vagues de mobilisation et la conscription g\u00e9n\u00e9rale afin d&rsquo;\u00e9craser d\u00e9finitivement l&rsquo;Ukraine.\u00a0\u00bb<\/p>\n<p class=\"ap-StoryElement ap-StoryElement--mb ap-StoryText\">Le chercheur, dont les propos sont traduits par <a href=\"https:\/\/desk-russie.eu\/qui-sommes-nous\" target=\"_blank\" rel=\"noopener\">le site Desk Russie<\/a>, explique que les remerciements des veuves et des m\u00e8res des militaires tu\u00e9s font r\u00e9guli\u00e8rement la une des journaux. \u00ab\u00a0Les veuves des miliciens morts dans la soi-disant &lsquo;r\u00e9publique populaire de Donetsk&rsquo; remercient en larmes les sponsors moscovites de leur avoir offert des manteaux de vison pour remplacer leurs maris tu\u00e9s (selon certaines rumeurs, les manteaux leur auraient \u00e9t\u00e9 retir\u00e9s imm\u00e9diatement apr\u00e8s le tournage de la vid\u00e9o).\u00a0\u00bb<\/p>\n<p><a href=\"https:\/\/www.lalibre.be\/international\/europe\/guerre-ukraine-russie\/2025\/01\/13\/pour-vladimir-poutine-les-femmes-doivent-enfanter-de-la-chair-a-canon-HANTPECDKFBCDMFMZNPF7EYUNE\/\" target=\"_blank\" rel=\"noopener noreferrer\" class=\"ap-StoryInterstitialLink ap-StoryElement ap-StoryElement--mb\">\u00ab\u00a0Pour Vladimir Poutine, les femmes doivent enfanter de la chair \u00e0 canon\u00a0\u00bb<\/a>Droit de vote pour les morts<\/p>\n<p class=\"ap-StoryElement ap-StoryElement--mb ap-StoryText\">Panneaux publicitaires, fa\u00e7ades couvertes de portraits des h\u00e9ros tomb\u00e9s pour la patrie, concerts d&rsquo;enfants pour c\u00e9l\u00e9brer les morts\u2026 Sergue\u00ef Medvedev estime qu&rsquo;en Russie, les morts remplissent l&rsquo;espace public autant que les vivants. \u00ab\u00a0\u00c0 la Douma, on propose tr\u00e8s s\u00e9rieusement d&rsquo;accorder le droit de vote aux soldats morts au combat, en transf\u00e9rant leurs voix \u00e0 leurs proches ou \u00e0 leurs repr\u00e9sentants. [\u2026] La mort, au m\u00eame titre que la guerre, est devenue partie int\u00e9grante de l&rsquo;id\u00e9e nationale. Incapable d&rsquo;offrir une vie digne \u00e0 ses citoyens, l&rsquo;\u00c9tat leur propose la mort \u00e0 prix modique, mais accompagn\u00e9e d&rsquo;honneur et de respect.\u00a0\u00bb<\/p>\n<p class=\"ap-StoryElement ap-StoryElement--mb ap-StoryText\">\u00ab\u00a0C&rsquo;est pr\u00e9cis\u00e9ment pour cette raison que les m\u00e8res et les veuves remercient Vladimir Poutine, conclut le chercheur. Lorsque la mort est devenue une vertu nationale, voire un devoir civique, une rencontre personnelle avec le pr\u00e9sident (qui a en Russie le statut d&rsquo;un demi-dieu), les honneurs et les dons g\u00e9n\u00e9reux de l&rsquo;\u00c9tat suscitent en elles un sentiment de gratitude intense.\u00a0\u00bb<\/p>\n","protected":false},"excerpt":{"rendered":"Cette sc\u00e8ne surprenante est totalement r\u00e9aliste et bien r\u00e9elle, \u00e0 en croire une vid\u00e9o publi\u00e9e sur Instagram par&hellip;\n","protected":false},"author":2,"featured_media":114863,"comment_status":"","ping_status":"","sticky":false,"template":"","format":"standard","meta":{"footnotes":""},"categories":[1591],"tags":[11,2122,1887,12,1885,1886,132,135],"class_list":{"0":"post-114862","1":"post","2":"type-post","3":"status-publish","4":"format-standard","5":"has-post-thumbnail","7":"category-russie","8":"tag-actualites","9":"tag-conflit-russie-ukraine","10":"tag-federation-de-russie","11":"tag-news","12":"tag-russia","13":"tag-russian-federation","14":"tag-russie","15":"tag-vladimir-poutine"},"share_on_mastodon":{"url":"https:\/\/pubeurope.com\/@fr\/114541398796471147","error":""},"_links":{"self":[{"href":"https:\/\/www.europesays.com\/fr\/wp-json\/wp\/v2\/posts\/114862","targetHints":{"allow":["GET"]}}],"collection":[{"href":"https:\/\/www.europesays.com\/fr\/wp-json\/wp\/v2\/posts"}],"about":[{"href":"https:\/\/www.europesays.com\/fr\/wp-json\/wp\/v2\/types\/post"}],"author":[{"embeddable":true,"href":"https:\/\/www.europesays.com\/fr\/wp-json\/wp\/v2\/users\/2"}],"replies":[{"embeddable":true,"href":"https:\/\/www.europesays.com\/fr\/wp-json\/wp\/v2\/comments?post=114862"}],"version-history":[{"count":0,"href":"https:\/\/www.europesays.com\/fr\/wp-json\/wp\/v2\/posts\/114862\/revisions"}],"wp:featuredmedia":[{"embeddable":true,"href":"https:\/\/www.europesays.com\/fr\/wp-json\/wp\/v2\/media\/114863"}],"wp:attachment":[{"href":"https:\/\/www.europesays.com\/fr\/wp-json\/wp\/v2\/media?parent=114862"}],"wp:term":[{"taxonomy":"category","embeddable":true,"href":"https:\/\/www.europesays.com\/fr\/wp-json\/wp\/v2\/categories?post=114862"},{"taxonomy":"post_tag","embeddable":true,"href":"https:\/\/www.europesays.com\/fr\/wp-json\/wp\/v2\/tags?post=114862"}],"curies":[{"name":"wp","href":"https:\/\/api.w.org\/{rel}","templated":true}]}}