{"id":114867,"date":"2025-05-20T17:45:11","date_gmt":"2025-05-20T17:45:11","guid":{"rendered":"https:\/\/www.europesays.com\/fr\/114867\/"},"modified":"2025-05-20T17:45:11","modified_gmt":"2025-05-20T17:45:11","slug":"25-ans-de-prison-pour-un-passeur-ayant-organise-des-traversees-de-migrants-en-mediterranee","status":"publish","type":"post","link":"https:\/\/www.europesays.com\/fr\/114867\/","title":{"rendered":"25 ans de prison pour un passeur ayant organis\u00e9 des travers\u00e9es de migrants en M\u00e9diterran\u00e9e"},"content":{"rendered":"<p>Un <a href=\"https:\/\/www.laprovence.com\/article\/france-monde\/1486663513346415\/le-royaume-uni-envisage-des-centres-de-retour-pour-migrants-hors-de-ses-frontieres\" target=\"_blank\" rel=\"noopener\">passeur de migrants<\/a> a \u00e9t\u00e9 condamn\u00e9 mardi \u00e0 25 ans de prison au Royaume-Uni pour avoir organis\u00e9 le transport de pr\u00e8s de 3.800 personnes depuis l&rsquo;Afrique du Nord jusqu&rsquo;en Italie. Ahmed Ebid, 42 ans, un demandeur d&rsquo;asile \u00e9gyptien arriv\u00e9 au Royaume-Uni en 2022 \u00e0 bord d&rsquo;un petit bateau, a \u00e9t\u00e9 reconnu coupable d&rsquo;avoir organis\u00e9 sept travers\u00e9es de la M\u00e9diterran\u00e9e entre octobre 2022 et juin 2023, \u00e0 partir de son domicile du sud-ouest de Londres. Ces travers\u00e9es ont eu lieu sur des bateaux de p\u00eache bond\u00e9s, la justice estimant qu&rsquo;un total de 3 800 personnes, dont des femmes et des enfants, ont \u00e9t\u00e9 transport\u00e9es jusque dans les eaux italiennes depuis la Libye.<\/p>\n<p>Ahmed Ebid collaborait avec des r\u00e9seaux de passeurs pour organiser des travers\u00e9es<\/p>\n<p>Certaines d&rsquo;entre elles ont ensuite continu\u00e9 leur route vers la Grande-Bretagne, a pr\u00e9cis\u00e9 l&rsquo;Agence britannique de lutte contre le crime (NCA), qui a travaill\u00e9 avec les forces de l&rsquo;ordre italiennes dans le cadre de cette enqu\u00eate. Cet homme est consid\u00e9r\u00e9 comme la premi\u00e8re personne condamn\u00e9e pour avoir organis\u00e9 depuis le Royaume-Uni des travers\u00e9es de migrants en mer M\u00e9diterran\u00e9e.\u00a0 Le Premier ministre britannique Keir Starmer, qui a fait de la r\u00e9duction de l&rsquo;immigration, l\u00e9gale comme ill\u00e9gale, une priorit\u00e9, a salu\u00e9 cette condamnation.<\/p>\n<p>Ahmed Ebid collaborait avec des r\u00e9seaux de passeurs pour organiser des travers\u00e9es, dont il faisait la publicit\u00e9 sur Facebook. Il fournissait dans un second temps les bateaux. Chaque migrant devait payer environ 3 200 livres (3 800 euros). Au total, la justice estime que ce r\u00e9seau de passeurs a engrang\u00e9 plus de 12 millions de livres (14 millions d&rsquo;euros). \u00c0 l&rsquo;\u00e9nonc\u00e9 du jugement, le juge de de la Southwark Crown Court de Londres, Adam Hiddleston, a insist\u00e9 sur le \u00ab\u00a0r\u00f4le cl\u00e9\u00a0\u00bb d&rsquo;Ahmed Ebid au sein d&rsquo;un \u00ab\u00a0groupe criminel organis\u00e9\u00a0\u00bb bas\u00e9 sur la traite d&rsquo;\u00eatres humains.<\/p>\n<p>\u00ab\u00a0Ce qui comptait pour vous, c&rsquo;\u00e9tait que chaque migrant paye le tarif exorbitant de sa travers\u00e9e et qu&rsquo;aucun d&rsquo;eux ne compromette votre op\u00e9ration, par exemple en portant un t\u00e9l\u00e9phone\u00a0\u00bb, a-t-il poursuivi.<\/p>\n<p>Le juge faisait r\u00e9f\u00e9rence \u00e0 une conversation t\u00e9l\u00e9phonique capt\u00e9e par les enqu\u00eateurs de la NCA dans laquelle Ahmed Ebid instruisait un complice d&rsquo;avertir les migrants qu&rsquo;ils seraient jet\u00e9s \u00e0 la mer s&rsquo;ils \u00e9taient pris en possession d\u2019un t\u00e9l\u00e9phone. Apr\u00e8s sa condamnation, M. Ebid a \u00e9t\u00e9 entendu prof\u00e9rant des insultes depuis le box des accus\u00e9s, tandis qu&rsquo;une femme dans le public fondait en larmes.<\/p>\n","protected":false},"excerpt":{"rendered":"Un passeur de migrants a \u00e9t\u00e9 condamn\u00e9 mardi \u00e0 25 ans de prison au Royaume-Uni pour avoir organis\u00e9&hellip;\n","protected":false},"author":2,"featured_media":114868,"comment_status":"","ping_status":"","sticky":false,"template":"","format":"standard","meta":{"footnotes":""},"categories":[1588],"tags":[17,11,1764,23505,1777,674,274,12,9271,22677,471,806,473,1853,1851,1850,1852],"class_list":{"0":"post-114867","1":"post","2":"type-post","3":"status-publish","4":"format-standard","5":"has-post-thumbnail","7":"category-royaume-uni","8":"tag-17","9":"tag-actualites","10":"tag-ans","11":"tag-ayant","12":"tag-eu","13":"tag-europe","14":"tag-faits-divers-justice","15":"tag-news","16":"tag-organise","17":"tag-passeur","18":"tag-pour","19":"tag-prison","20":"tag-royaume-uni","21":"tag-royaume-uni-de-grande-bretagne-et-dirlande-du-nord","22":"tag-uk","23":"tag-united-kingdom","24":"tag-united-kingdom-of-great-britain-and-northern-ireland"},"share_on_mastodon":{"url":"https:\/\/pubeurope.com\/@fr\/114541410587876305","error":""},"_links":{"self":[{"href":"https:\/\/www.europesays.com\/fr\/wp-json\/wp\/v2\/posts\/114867","targetHints":{"allow":["GET"]}}],"collection":[{"href":"https:\/\/www.europesays.com\/fr\/wp-json\/wp\/v2\/posts"}],"about":[{"href":"https:\/\/www.europesays.com\/fr\/wp-json\/wp\/v2\/types\/post"}],"author":[{"embeddable":true,"href":"https:\/\/www.europesays.com\/fr\/wp-json\/wp\/v2\/users\/2"}],"replies":[{"embeddable":true,"href":"https:\/\/www.europesays.com\/fr\/wp-json\/wp\/v2\/comments?post=114867"}],"version-history":[{"count":0,"href":"https:\/\/www.europesays.com\/fr\/wp-json\/wp\/v2\/posts\/114867\/revisions"}],"wp:featuredmedia":[{"embeddable":true,"href":"https:\/\/www.europesays.com\/fr\/wp-json\/wp\/v2\/media\/114868"}],"wp:attachment":[{"href":"https:\/\/www.europesays.com\/fr\/wp-json\/wp\/v2\/media?parent=114867"}],"wp:term":[{"taxonomy":"category","embeddable":true,"href":"https:\/\/www.europesays.com\/fr\/wp-json\/wp\/v2\/categories?post=114867"},{"taxonomy":"post_tag","embeddable":true,"href":"https:\/\/www.europesays.com\/fr\/wp-json\/wp\/v2\/tags?post=114867"}],"curies":[{"name":"wp","href":"https:\/\/api.w.org\/{rel}","templated":true}]}}