{"id":114877,"date":"2025-05-20T17:50:10","date_gmt":"2025-05-20T17:50:10","guid":{"rendered":"https:\/\/www.europesays.com\/fr\/114877\/"},"modified":"2025-05-20T17:50:10","modified_gmt":"2025-05-20T17:50:10","slug":"un-chauffeur-de-bus-interdit-a-une-femme-de-monter-a-cause-de-sa-tenue-la-ratp-le-suspend","status":"publish","type":"post","link":"https:\/\/www.europesays.com\/fr\/114877\/","title":{"rendered":"Un chauffeur de bus interdit \u00e0 une femme de monter \u00e0 cause de sa tenue, la RATP le suspend"},"content":{"rendered":"<p>La vid\u00e9o avait fait le tour des <a href=\"https:\/\/www.20minutes.fr\/dossier\/reseaux_sociaux\" class=\"color-ultramarine c-link\" target=\"_blank\" rel=\"noopener\">r\u00e9seaux sociaux<\/a>. Une jeune femme expliquait qu\u2019un chauffeur de <a href=\"https:\/\/www.20minutes.fr\/dossier\/bus\" class=\"color-ultramarine c-link\" target=\"_blank\" rel=\"noopener\">bus <\/a>l\u2019avait expuls\u00e9e, estimant que sa tenue \u00e9tait \u00ab\u00a0trop d\u00e9nud\u00e9e\u00a0\u00bb. D\u2019apr\u00e8s <a href=\"https:\/\/www.leparisien.fr\/info-paris-ile-de-france-oise\/transports\/si-vous-voulez-monter-baissez-un-peu-vos-vetements-un-chauffeur-ratp-suspendu-apres-avoir-refuse-lacces-a-une-jeune-femme-en-jupe-20-05-2025-HDLOK6IZXVASVF4LVAOX3VFI5M.php\" rel=\"nofollow noopener\" target=\"_blank\" class=\"color-ultramarine c-link\">Le Parisien<\/a> ce mardi, le chauffeur de la <a href=\"https:\/\/www.20minutes.fr\/dossier\/ratp\" class=\"color-ultramarine c-link\" target=\"_blank\" rel=\"noopener\">RATP<\/a>, qui avait reconnu les faits, a \u00e9t\u00e9 suspendu. L\u2019incident s\u2019est produit vendredi 17\u00a0mai sur la ligne 108, qui relie Joinville-le-Pont \u00e0 Champigny-Jeanne Vache.<\/p>\n<p>Sur les images virales, la jeune femme concern\u00e9e affirme avoir \u00e9t\u00e9 emp\u00each\u00e9e de monter \u00e0 bord du bus car sa jupe \u00e9tait jug\u00e9e \u00ab\u00a0trop courte\u00a0\u00bb par le conducteur. \u00ab\u00a0C\u2019est court, mais j\u2019ai un short\u00a0! Et m\u00eame en fait [\u2026] T\u2019es un conducteur de bus, t\u2019es la police\u00a0? T\u2019es qui pour me dire \u00ab\u00a0descends tes v\u00eatements\u00a0\u00bb\u00a0?\u00a0\u00bb, s\u2019indigne-t-elle. \u00ab\u00a0Je rentre dans le bus comme je veux, on est en France, je m\u2019habille comme je veux\u00a0\u00bb, d\u00e9nonce la passag\u00e8re.<\/p>\n<blockquote class=\"twitter-tweet\" align=\"center\" data-lang=\"fr_FR\">\n<p lang=\"fr\" dir=\"ltr\">\ud83c\uddeb\ud83c\uddf7 \ud83d\ude8c : Si vous voulez monter, baissez un peu vos v\u00eatements \u00bb : voici ce qu\u2019a d\u00e9clar\u00e9 un chauffeur de bus de la RATP \u00e0 une femme, lui refusant l\u2019entr\u00e9e du bus au motif que sa tenue serait trop courte. <a href=\"https:\/\/t.co\/SXZu6q1mq1\">pic.twitter.com\/SXZu6q1mq1<\/a><\/p>\n<p>\u2014 Cpasdeslol (@cpasdeslol_X) <a href=\"https:\/\/twitter.com\/cpasdeslol_X\/status\/1924589679166259294?ref_src=twsrc%5Etfw\" target=\"_blank\" rel=\"noopener\">May 19, 2025<\/a><\/p><\/blockquote>\n<p class=\"mb-m@xs text-l@xs\">En cliquant sur\u00ab J\u2019accepte \u00bb, vous acceptez le d\u00e9p\u00f4t de cookies par des services externes et aurez ainsi acc\u00e8s aux contenus de nos partenaires.<\/p>\n<p class=\"mb-xl@xs text-s@xs\">Plus d\u2019informations sur la page<a href=\"https:\/\/www.20minutes.fr\/gestion-cookies\" class=\"mx-xxs@xs color-ultramarine\" target=\"_blank\" rel=\"noopener\">Politique de gestion des cookies<\/a><\/p>\n<p>J\u2019accepteEnqu\u00eate ouverte<\/p>\n<p>La RATP a confirm\u00e9 avoir ouvert une enqu\u00eate interne apr\u00e8s la diffusion de la vid\u00e9o sur TikTok et X. \u00ab\u00a0La RATP condamne fermement toute forme de discrimination et de <a href=\"https:\/\/www.20minutes.fr\/dossier\/sexisme\" class=\"color-ultramarine c-link\" target=\"_blank\" rel=\"noopener\">sexisme<\/a>. Ce comportement est inacceptable s\u2019il est av\u00e9r\u00e9\u00a0\u00bb, a indiqu\u00e9 l\u2019entreprise aupr\u00e8s du journal Ouest-France. Elle assure \u00e9galement avoir pris contact avec la passag\u00e8re afin de clarifier les circonstances.<\/p>\n<p>Le r\u00e8glement de la RATP ne pr\u00e9voit aucune r\u00e8gle vestimentaire pour les voyageuses et voyageurs. Selon <a href=\"https:\/\/www.ouest-france.fr\/societe\/faits-divers\/un-chauffeur-de-la-ratp-a-t-il-refuse-lacces-a-une-passagere-a-cause-de-sa-tenue-trop-courte-d0f213da-3577-11f0-bf6c-240af7605eff\" rel=\"nofollow noopener\" target=\"_blank\" class=\"color-ultramarine c-link\">Ouest-France<\/a>, des sanctions sont envisag\u00e9es si les faits sont confirm\u00e9s. Aucun d\u00e9p\u00f4t de plainte n\u2019a \u00e9t\u00e9 signal\u00e9 pour l\u2019instant et l\u2019identit\u00e9 du chauffeur n\u2019a pas \u00e9t\u00e9 d\u00e9voil\u00e9e.<\/p>\n<p><script async src=\"https:\/\/platform.twitter.com\/widgets.js\" charset=\"utf-8\"><\/script><\/p>\n","protected":false},"excerpt":{"rendered":"La vid\u00e9o avait fait le tour des r\u00e9seaux sociaux. Une jeune femme expliquait qu\u2019un chauffeur de bus l\u2019avait&hellip;\n","protected":false},"author":2,"featured_media":114878,"comment_status":"","ping_status":"","sticky":false,"template":"","format":"standard","meta":{"footnotes":""},"categories":[2],"tags":[47,11,11412,8054,1011,27,12,625,25,938,3667,104,2216],"class_list":{"0":"post-114877","1":"post","2":"type-post","3":"status-publish","4":"format-standard","5":"has-post-thumbnail","7":"category-actualites","8":"tag-actualite","9":"tag-actualites","10":"tag-discrimination","11":"tag-egalite-homme-femme","12":"tag-fr","13":"tag-france","14":"tag-news","15":"tag-ratp","16":"tag-republique-francaise","17":"tag-reseaux-sociaux","18":"tag-sexisme","19":"tag-societe","20":"tag-transports-en-commun"},"share_on_mastodon":{"url":"https:\/\/pubeurope.com\/@fr\/114541430250910597","error":""},"_links":{"self":[{"href":"https:\/\/www.europesays.com\/fr\/wp-json\/wp\/v2\/posts\/114877","targetHints":{"allow":["GET"]}}],"collection":[{"href":"https:\/\/www.europesays.com\/fr\/wp-json\/wp\/v2\/posts"}],"about":[{"href":"https:\/\/www.europesays.com\/fr\/wp-json\/wp\/v2\/types\/post"}],"author":[{"embeddable":true,"href":"https:\/\/www.europesays.com\/fr\/wp-json\/wp\/v2\/users\/2"}],"replies":[{"embeddable":true,"href":"https:\/\/www.europesays.com\/fr\/wp-json\/wp\/v2\/comments?post=114877"}],"version-history":[{"count":0,"href":"https:\/\/www.europesays.com\/fr\/wp-json\/wp\/v2\/posts\/114877\/revisions"}],"wp:featuredmedia":[{"embeddable":true,"href":"https:\/\/www.europesays.com\/fr\/wp-json\/wp\/v2\/media\/114878"}],"wp:attachment":[{"href":"https:\/\/www.europesays.com\/fr\/wp-json\/wp\/v2\/media?parent=114877"}],"wp:term":[{"taxonomy":"category","embeddable":true,"href":"https:\/\/www.europesays.com\/fr\/wp-json\/wp\/v2\/categories?post=114877"},{"taxonomy":"post_tag","embeddable":true,"href":"https:\/\/www.europesays.com\/fr\/wp-json\/wp\/v2\/tags?post=114877"}],"curies":[{"name":"wp","href":"https:\/\/api.w.org\/{rel}","templated":true}]}}