{"id":114879,"date":"2025-05-20T17:51:10","date_gmt":"2025-05-20T17:51:10","guid":{"rendered":"https:\/\/www.europesays.com\/fr\/114879\/"},"modified":"2025-05-20T17:51:10","modified_gmt":"2025-05-20T17:51:10","slug":"ukraine-formee-par-la-france-la-brigade-anne-de-kyiv-doit-faire-face-a-des-affaires-de-corruption","status":"publish","type":"post","link":"https:\/\/www.europesays.com\/fr\/114879\/","title":{"rendered":"Ukraine : Form\u00e9e par la France, la brigade \u00ab\u00a0Anne de Kyiv\u00a0\u00bb doit faire face \u00e0 des affaires de corruption"},"content":{"rendered":"<p><img fetchpriority=\"high\" decoding=\"async\" src=\"https:\/\/www.europesays.com\/fr\/wp-content\/uploads\/2025\/05\/155brigade-20250103.jpg\" alt=\"\" width=\"600\" height=\"399\" class=\"alignnone size-full wp-image-79944\"  \/><\/p>\n<p>L\u2019annonce avait \u00e9t\u00e9 occult\u00e9e par celle faite au sujet de la livraison de Mirage 2000-5F \u00e0 Kiev. Toujours est-il que, en juin 2024, le pr\u00e9sident Macron fit savoir que la France allait \u00ab\u00a0former, entra\u00eener, \u00e9quiper une brigade enti\u00e8re de l\u2019arm\u00e9e ukrainienne\u00a0\u00bb, au titre de son aide militaire. <\/p>\n<p>Puis, deux mois plus tard, l\u2019arm\u00e9e de Terre mit sur pied la \u00ab\u00a0task force\u00a0\u00bb Champagne pour assurer la formation de 2 000 soldats de la 155e Brigade d\u2019infanterie motoris\u00e9e de l\u2019arm\u00e9e ukrainienne, baptis\u00e9e \u00ab\u00a0Anne de Kyiv\u00a0\u00bb, en r\u00e9f\u00e9rence \u00e0 l\u2019\u00e9pouse de Henri Ier, roi des Francs. <\/p>\n<p>\u00ab\u00a0Cette formation r\u00e9pond aux besoins exprim\u00e9s par le partenaire. Pour cela, elle se base sur les retours d\u2019exp\u00e9rience du front russo-ukrainien. Elle s\u2019appuie sur un environnement r\u00e9aliste, notamment un r\u00e9seau de tranch\u00e9es, un environnement de combat en conditions r\u00e9elles et l\u2019emploi de drones\u00a0\u00bb, fit alors valoir le minist\u00e8re des Arm\u00e9es. <\/p>\n<p>Dot\u00e9e, comme l\u2019avait promis M. Macron, de 18 AMX-10RC, de 128 V\u00e9hicules de l\u2019avant blind\u00e9 [VAB], de 18 CAESAr, de camions TRM et de postes de tir MILAN, la brigade \u00ab\u00a0Anne de Kiyv\u00a0\u00bb quitta les terrains d\u2019entra\u00eenement de l\u2019est de la France pour rejoindre l\u2019Ukraine. Seulement, et comme le confirmera, plus tard, S\u00e9bastien Lecornu, le ministre des Arm\u00e9es, \u00e0 l\u2019antenne de CNews\/Europe1, elle comptait alors une cinquantaine de d\u00e9serteurs dans ses rangs\u2026<\/p>\n<p>D\u00e8s son arriv\u00e9e en Ukraine, cette unit\u00e9 fit l\u2019objet d\u2019une pol\u00e9mique. Pour une raison non pr\u00e9cis\u00e9e, son chef, le colonel Dmytro Ryumshin, fut relev\u00e9 de son commandement, avant d\u2019\u00eatre remplac\u00e9 par le colonel Taras Maksimov. Puis, plusieurs de ses unit\u00e9s furent dispers\u00e9es alors qu\u2019elle devait se d\u00e9ployer dans la zone des combats, dans la r\u00e9gion de Prokovsk [Donbass]. <\/p>\n<p>\u00ab\u00a0Le sort de la 155e Brigade m\u00e9canis\u00e9e reste le m\u00eame que celui de toutes les autres \u2019brigades zombies\u2019 ou \u2019brigades de papier\u2019, comme on les appelle aussi. On y int\u00e8gre de force des gens, mais aucune coordination des structures de commandement n\u2019est assur\u00e9e. Plus tard, l\u2019unit\u00e9 est tout simplement d\u00e9mantel\u00e9e et rattach\u00e9e \u00e0 d\u2019autres, la plupart \u00e9tant envoy\u00e9es dans des unit\u00e9s d\u2019assaut, \u00e0 l\u2019exception de celles \u2019plac\u00e9es\u2019 \u00e0 des postes d\u2019\u00e9tat-major par des stratag\u00e8mes douteux\u00a0\u00bb, d\u00e9non\u00e7a alors la d\u00e9put\u00e9e Mariana Bezuhla, issue du m\u00eame parti que Volodymyr Zelenski, le pr\u00e9sident ukrainien. <\/p>\n<p>La pol\u00e9mique prit de l\u2019ampleur quand il apparut que les taux de d\u00e9sertions et d\u2019abandons de poste \u00e9taient particuli\u00e8rement \u00e9lev\u00e9s au sein de cette brigade. Le journaliste Iouri Boutoussov avan\u00e7a que 1 700 de ses soldats [sur 4 500] \u00e9taient port\u00e9s d\u00e9serteurs avant m\u00eame son engagement au combat. Et d\u2019accuser le commandement militaire ukrainien \u00ab\u00a0d\u2019avoir failli \u00e0 la formation initiale de la brigade\u00a0\u00bb, laquelle se serait d\u00e9roul\u00e9e, selon lui, dans un \u00ab\u00a0chaos organisationnel complet\u00a0\u00bb. <\/p>\n<p>Au regard de l\u2019ampleur prise par cette affaire, les autorit\u00e9s militaires et civiles ouvrirent une enqu\u00eate \u00ab\u00a0dans le cadre d\u2019une proc\u00e9dure p\u00e9nale engag\u00e9e en vertu de l\u2019article 426-1 [abus d\u2019autorit\u00e9 ou de pouvoirs officiels par un militaire] et de l\u2019article 408 [d\u00e9sertion] du Code p\u00e9nal de l\u2019Ukraine\u00a0\u00bb. <\/p>\n<p>Puis, les choses se tass\u00e8rent\u2026 Et la brigade \u00ab\u00a0Anne de Kyiv\u00a0\u00bb fit oublier les pol\u00e9miques en obtenant quelques succ\u00e8s tactiques contre l\u2019arm\u00e9e russe dans le secteur de Prokovsk. Alors que les enqu\u00eates ouvertes en janvier sont toujours en cours, une nouvelle vient d\u2019\u00eatre lanc\u00e9e. <\/p>\n<p>En effet, le 19 mai, le journal Ukrainska Pravda a r\u00e9v\u00e9l\u00e9 que le commandant d\u2019un des bataillons de la brigade venait d\u2019\u00eatre arr\u00eat\u00e9 pour avoir exiger des pots-de-vin aupr\u00e8s de ses subordonn\u00e9s afin de leur octroyer ensuite, de mani\u00e8re indue, des primes normalement vers\u00e9es en cas de participation \u00e0 des combats sur la ligne de front. <\/p>\n<p>\u00ab\u00a0Rien qu\u2019en mars 2025, l\u2019officier a re\u00e7u pr\u00e8s d\u2019un million de hryvnias en esp\u00e8ces [soit 21 000 euros] pour des paiements fictifs. Il avait pr\u00e9vu de recevoir le m\u00eame montant en avril, mais il a \u00e9t\u00e9 pris en flagrant d\u00e9lit alors qu\u2019il remettait une autre partie du pot-de-vin\u00a0\u00bb, a pr\u00e9cis\u00e9 le bureau d\u2019enqu\u00eate d\u2019\u00c9tat. <\/p>\n<p>Mais l\u2019affaire ne s\u2019arr\u00eate pas l\u00e0 : le commandant de la brigade, le colonel Maksimov est \u00e9galement vis\u00e9 par une enqu\u00eate pour des malversations pr\u00e9sum\u00e9es. Il est aussi question d\u2019extorsion de fonds et de paiements fictifs. <\/p>\n<p>Les faits sont apparemment suffisamment \u00e9tay\u00e9s pour qu\u2019une nouvelle inspection de la brigade soit ordonn\u00e9e. Telle est en effet la mesure prise par le g\u00e9n\u00e9ral Mykha\u00eflo Drapaty, le commandant des forces terrestres ukrainiennes. \u00ab\u00a0Pour moi, il n\u2019y a pas d\u2019intouchables. J\u2019attends les r\u00e9sultats de tous les contr\u00f4les et les conclusions de l\u2019enqu\u00eate. [\u2026] Les sanctions seront s\u00e9v\u00e8res\u00a0\u00bb, a-t-il assur\u00e9 aupr\u00e8s d\u2019Ukrainska Pravda. <\/p>\n<p>Photo : Formation de la brigade Anne de Kyiv en France \u2013 arm\u00e9e de Terre<\/p>\n","protected":false},"excerpt":{"rendered":"L\u2019annonce avait \u00e9t\u00e9 occult\u00e9e par celle faite au sujet de la livraison de Mirage 2000-5F \u00e0 Kiev. Toujours&hellip;\n","protected":false},"author":2,"featured_media":114880,"comment_status":"","ping_status":"","sticky":false,"template":"","format":"standard","meta":{"footnotes":""},"categories":[4],"tags":[11,23506,23507,17434,1770,1011,27,131,12,25],"class_list":{"0":"post-114879","1":"post","2":"type-post","3":"status-publish","4":"format-standard","5":"has-post-thumbnail","7":"category-france","8":"tag-actualites","9":"tag-anne-de-kiyv","10":"tag-armee-ukrainienne","11":"tag-brigade","12":"tag-corruption","13":"tag-fr","14":"tag-france","15":"tag-guerre-en-ukraine","16":"tag-news","17":"tag-republique-francaise"},"share_on_mastodon":{"url":"https:\/\/pubeurope.com\/@fr\/114541434324619102","error":""},"_links":{"self":[{"href":"https:\/\/www.europesays.com\/fr\/wp-json\/wp\/v2\/posts\/114879","targetHints":{"allow":["GET"]}}],"collection":[{"href":"https:\/\/www.europesays.com\/fr\/wp-json\/wp\/v2\/posts"}],"about":[{"href":"https:\/\/www.europesays.com\/fr\/wp-json\/wp\/v2\/types\/post"}],"author":[{"embeddable":true,"href":"https:\/\/www.europesays.com\/fr\/wp-json\/wp\/v2\/users\/2"}],"replies":[{"embeddable":true,"href":"https:\/\/www.europesays.com\/fr\/wp-json\/wp\/v2\/comments?post=114879"}],"version-history":[{"count":0,"href":"https:\/\/www.europesays.com\/fr\/wp-json\/wp\/v2\/posts\/114879\/revisions"}],"wp:featuredmedia":[{"embeddable":true,"href":"https:\/\/www.europesays.com\/fr\/wp-json\/wp\/v2\/media\/114880"}],"wp:attachment":[{"href":"https:\/\/www.europesays.com\/fr\/wp-json\/wp\/v2\/media?parent=114879"}],"wp:term":[{"taxonomy":"category","embeddable":true,"href":"https:\/\/www.europesays.com\/fr\/wp-json\/wp\/v2\/categories?post=114879"},{"taxonomy":"post_tag","embeddable":true,"href":"https:\/\/www.europesays.com\/fr\/wp-json\/wp\/v2\/tags?post=114879"}],"curies":[{"name":"wp","href":"https:\/\/api.w.org\/{rel}","templated":true}]}}