{"id":114885,"date":"2025-05-20T17:55:11","date_gmt":"2025-05-20T17:55:11","guid":{"rendered":"https:\/\/www.europesays.com\/fr\/114885\/"},"modified":"2025-05-20T17:55:11","modified_gmt":"2025-05-20T17:55:11","slug":"atp-geneve-tomas-machac-se-souvient-battre-novak-djokovic-cest-comme-gagner-un-titre","status":"publish","type":"post","link":"https:\/\/www.europesays.com\/fr\/114885\/","title":{"rendered":"ATP &#8211; Gen\u00e8ve > Tomas Machac se souvient : \u00ab\u00a0Battre Novak Djokovic, c&rsquo;est comme gagner un titre\u00a0\u00bb"},"content":{"rendered":"<p>De retour cette semaine sur l\u2019ATP 250 de Gen\u00e8ve o\u00f9 il s\u2019\u00e9tait inclin\u00e9 l\u2019ann\u00e9e derni\u00e8re en finale face \u00e0 Casper Ruud, Tomas Machac avait n\u00e9an\u00admoins r\u00e9alis\u00e9 l\u2019un des plus beaux exploits de sa carri\u00e8re en battant Novak Djokovic en demi\u2010finales.\u00a0<\/p>\n<p>Interrog\u00e9 par nos confr\u00e8res de la <a href=\"https:\/\/www.rts.ch\/sport\/tennis\/2025\/article\/tomas-machac-battre-djokovic-a-geneve-c-etait-comme-gagner-un-titre-28888540.html\" data-wpel-link=\"external\" target=\"_blank\" rel=\"nofollow external noopener\">RTS<\/a> sur cette victoire forc\u00e9\u00adment parti\u00adcu\u00adli\u00e8re pour lui, le joueur tch\u00e8que n\u2019est visi\u00adble\u00adment pas pr\u00eat d\u2019ou\u00adblier ce moment.\u00a0<\/p>\n<p><strong>\u00ab\u202fBattre \u00ab\u202fNole\u202f\u00bb, c\u2019est comme gagner un titre. C\u2019est le meilleur joueur de tennis, celui qui d\u00e9tient tous les records. Je suis trop heureux d\u2019avoir une victoire sur lui dans ma poche\u202f\u00bb<\/strong>, a d\u00e9clar\u00e9 l\u2019ac\u00adtuel 21e mondial avant d\u2019\u00e9vo\u00adquer sa pr\u00e9sence au parc des Eaux\u2010Vives. <strong>\u00ab\u202fJe me sens un peu comme \u00e0 la maison ici. Ce n\u2019est bien s\u00fbr pas de la dimen\u00adsion d\u2019un Masters 1000, mais c\u2019est un public de connais\u00adseurs, qui pousse beau\u00adcoup lors\u00adqu\u2019il soutient un joueur.\u202f\u00bb<\/strong><\/p>\n<p class=\"post-published-date\" style=\"color: silver; font-size: 75%; text-align: left;\">Publi\u00e9 le mardi 20 mai 2025 \u00e0 15:45<\/p>\n","protected":false},"excerpt":{"rendered":"De retour cette semaine sur l\u2019ATP 250 de Gen\u00e8ve o\u00f9 il s\u2019\u00e9tait inclin\u00e9 l\u2019ann\u00e9e derni\u00e8re en finale face&hellip;\n","protected":false},"author":2,"featured_media":114886,"comment_status":"","ping_status":"","sticky":false,"template":"","format":"standard","meta":{"footnotes":""},"categories":[1415],"tags":[105,1011,27,60,1467],"class_list":{"0":"post-114885","1":"post","2":"type-post","3":"status-publish","4":"format-standard","5":"has-post-thumbnail","7":"category-tennis","8":"tag-djokovic","9":"tag-fr","10":"tag-france","11":"tag-sports","12":"tag-tennis"},"share_on_mastodon":{"url":"https:\/\/pubeurope.com\/@fr\/114541449913093100","error":""},"_links":{"self":[{"href":"https:\/\/www.europesays.com\/fr\/wp-json\/wp\/v2\/posts\/114885","targetHints":{"allow":["GET"]}}],"collection":[{"href":"https:\/\/www.europesays.com\/fr\/wp-json\/wp\/v2\/posts"}],"about":[{"href":"https:\/\/www.europesays.com\/fr\/wp-json\/wp\/v2\/types\/post"}],"author":[{"embeddable":true,"href":"https:\/\/www.europesays.com\/fr\/wp-json\/wp\/v2\/users\/2"}],"replies":[{"embeddable":true,"href":"https:\/\/www.europesays.com\/fr\/wp-json\/wp\/v2\/comments?post=114885"}],"version-history":[{"count":0,"href":"https:\/\/www.europesays.com\/fr\/wp-json\/wp\/v2\/posts\/114885\/revisions"}],"wp:featuredmedia":[{"embeddable":true,"href":"https:\/\/www.europesays.com\/fr\/wp-json\/wp\/v2\/media\/114886"}],"wp:attachment":[{"href":"https:\/\/www.europesays.com\/fr\/wp-json\/wp\/v2\/media?parent=114885"}],"wp:term":[{"taxonomy":"category","embeddable":true,"href":"https:\/\/www.europesays.com\/fr\/wp-json\/wp\/v2\/categories?post=114885"},{"taxonomy":"post_tag","embeddable":true,"href":"https:\/\/www.europesays.com\/fr\/wp-json\/wp\/v2\/tags?post=114885"}],"curies":[{"name":"wp","href":"https:\/\/api.w.org\/{rel}","templated":true}]}}