{"id":1148871,"date":"2026-08-25T23:11:20","date_gmt":"2026-08-25T23:11:20","guid":{"rendered":"https:\/\/www.europesays.com\/fr\/1148871\/"},"modified":"2026-08-25T23:11:20","modified_gmt":"2026-08-25T23:11:20","slug":"basket-sluc-nancy-michael-weathers-et-carlos-marshall-jr-entrent-en-scene-a-champigneulles","status":"publish","type":"post","link":"https:\/\/www.europesays.com\/fr\/1148871\/","title":{"rendered":"Basket. SLUC Nancy\u00a0: Michael Weathers et Carlos Marshall Jr entrent en sc\u00e8ne \u00e0 Champigneulles"},"content":{"rendered":"<p>SLUC &#8211; Amicale Steinsel (Lux)<\/p>\n<p>Ce mardi, 20h30, \u00e0 Champigneulles<\/p>\n<p>Premi\u00e8re rencontre<\/p>\n<p>Ce mardi \u00e0 Champigneulles, le public va d\u00e9couvrir deux des trois recrues \u00ab\u00a0made in USA\u00a0\u00bb que le SLUC a attir\u00e9es dans ses filets cet \u00e9t\u00e9\u00a0: <a href=\"https:\/\/www.estrepublicain.fr\/sport\/2026\/07\/08\/le-sluc-nancy-a-deniche-son-meneur-us\" target=\"_blank\" rel=\"nofollow noopener\">le meneur Michael Weathers<\/a> (1,91\u00a0m\u00a0; en provenance de Heidelberg) et <a href=\"https:\/\/www.estrepublicain.fr\/sport\/2026\/07\/11\/l-ailier-americain-carlos-marshall-jr-vient-boucler-le-recrutement-du-sluc-nancy-a-moins-que\" target=\"_blank\" rel=\"nofollow noopener\">l\u2019ailier Carlos Marshall Jr.<\/a> (1,97\u00a0m\u00a0; Sassari). Deux joueurs qui tournaient \u00e0 un peu plus de 12 points de moyenne la saison derni\u00e8re et qui prennent leurs marques petit \u00e0 petit au sein d\u2019 <a href=\"https:\/\/www.estrepublicain.fr\/sport\/2026\/05\/26\/six-joueurs-sous-contrat-quatre-departs-certains-et-deja-deux-arrivees-probables-le-point-sur-l-effectif-du-sluc-nancy-pour-la-saison-2026-2027#PlugCommentsList2\" target=\"_blank\" rel=\"nofollow noopener\">un effectif nanc\u00e9ien<\/a> qui a conserv\u00e9 six \u00e9l\u00e9ments (Goudou-Sinha, Marsillon-Nol\u00e9o, Amini, Cozart, Gombauld et Nkouka).<\/p>\n<p>\u00ab\u00a0Je trouve qu\u2019ils se fondent&#8230;<\/p>\n","protected":false},"excerpt":{"rendered":"SLUC &#8211; Amicale Steinsel (Lux) Ce mardi, 20h30, \u00e0 Champigneulles Premi\u00e8re rencontre Ce mardi \u00e0 Champigneulles, le public&hellip;\n","protected":false},"author":2,"featured_media":1148872,"comment_status":"","ping_status":"","sticky":false,"template":"","format":"standard","meta":{"footnotes":"","_share_on_mastodon":"0"},"categories":[9635],"tags":[1111,11,1791,13560,1704,1777,674,1701,1011,27,775,1702,1703,12,25,11567,517,1700],"class_list":["post-1148871","post","type-post","status-publish","format-standard","has-post-thumbnail","category-nancy","tag-actu","tag-actualites","tag-basket-ball","tag-champigneulles","tag-edition-nancy-et-agglomeration","tag-eu","tag-europe","tag-fil-info-sport","tag-fr","tag-france","tag-grand-est","tag-nancy","tag-nancy-ville-54b","tag-news","tag-republique-francaise","tag-sluc","tag-sport","tag-sport-lorrain"],"share_on_mastodon":{"url":"https:\/\/pubeurope.com\/@fr\/117158679984752746","error":""},"_links":{"self":[{"href":"https:\/\/www.europesays.com\/fr\/wp-json\/wp\/v2\/posts\/1148871","targetHints":{"allow":["GET"]}}],"collection":[{"href":"https:\/\/www.europesays.com\/fr\/wp-json\/wp\/v2\/posts"}],"about":[{"href":"https:\/\/www.europesays.com\/fr\/wp-json\/wp\/v2\/types\/post"}],"author":[{"embeddable":true,"href":"https:\/\/www.europesays.com\/fr\/wp-json\/wp\/v2\/users\/2"}],"replies":[{"embeddable":true,"href":"https:\/\/www.europesays.com\/fr\/wp-json\/wp\/v2\/comments?post=1148871"}],"version-history":[{"count":0,"href":"https:\/\/www.europesays.com\/fr\/wp-json\/wp\/v2\/posts\/1148871\/revisions"}],"wp:featuredmedia":[{"embeddable":true,"href":"https:\/\/www.europesays.com\/fr\/wp-json\/wp\/v2\/media\/1148872"}],"wp:attachment":[{"href":"https:\/\/www.europesays.com\/fr\/wp-json\/wp\/v2\/media?parent=1148871"}],"wp:term":[{"taxonomy":"category","embeddable":true,"href":"https:\/\/www.europesays.com\/fr\/wp-json\/wp\/v2\/categories?post=1148871"},{"taxonomy":"post_tag","embeddable":true,"href":"https:\/\/www.europesays.com\/fr\/wp-json\/wp\/v2\/tags?post=1148871"}],"curies":[{"name":"wp","href":"https:\/\/api.w.org\/{rel}","templated":true}]}}