{"id":114889,"date":"2025-05-20T17:58:08","date_gmt":"2025-05-20T17:58:08","guid":{"rendered":"https:\/\/www.europesays.com\/fr\/114889\/"},"modified":"2025-05-20T17:58:08","modified_gmt":"2025-05-20T17:58:08","slug":"le-psg-diffusera-la-finale-au-parc-des-princes-devant-38-000-supporters","status":"publish","type":"post","link":"https:\/\/www.europesays.com\/fr\/114889\/","title":{"rendered":"le PSG diffusera la finale au Parc des Princes devant 38.000 supporters"},"content":{"rendered":"<p>\u00c0 moins de quinze jours de la finale de la Ligue des champions, le PSG organisera une diffusion de la rencontre au Parc des Princes, annonc\u00e9 ce mardi le club de la capitale.<\/p>\n<p class=\"fig-paragraph\">Alors que l\u2019\u00e9ch\u00e9ance de la finale de la Ligue des champions le 31 mai, approche de jour en jour pour le PSG, le club de la capitale a annonc\u00e9 un projet exceptionnel ce mardi.<\/p>\n<p class=\"fig-paragraph\">Le club organisera une diffusion de la finale contre l\u2019Inter Milan sur des \u00e9crans g\u00e9ants, au Parc des Princes. Avec un peu plus de 38.000 personnes attendues dans l\u2019enceinte. Ce dispositif unique sera organis\u00e9 avec une sc\u00e8ne et quatre \u00e9crans install\u00e9s au centre du terrain et donnera un acc\u00e8s prioritaire aux abonn\u00e9s du Paris Saint-Germain qui b\u00e9n\u00e9ficieront d\u2019un tarif pr\u00e9f\u00e9rentiel sur les billets pour cet \u00e9v\u00e9nement, accessible \u00e0 partir de 10\u20ac.<\/p>\n<p class=\"fig-paragraph\">Le club parisien a annonc\u00e9 ouvrir ensuite l\u2019acc\u00e8s aux membres de son programme de fid\u00e9lit\u00e9 MyParis, puis au grand public sous r\u00e9serve de disponibilit\u00e9s. Les billets sont \u00e0 r\u00e9server sur la\u00a0<a href=\"https:\/\/billetterie.psg.fr\/fr\/\" target=\"_blank\" rel=\"nofollow noopener\" data-gtm-custom-categorie=\"navigation\" data-gtm-custom-action=\"crossclick\" data-gtm-custom-label=\"Contextuel\" data-gtm-event=\"customEventSPE\">plateforme de la billetterie du PSG.<\/a><\/p>\n","protected":false},"excerpt":{"rendered":"\u00c0 moins de quinze jours de la finale de la Ligue des champions, le PSG organisera une diffusion&hellip;\n","protected":false},"author":2,"featured_media":114890,"comment_status":"","ping_status":"","sticky":false,"template":"","format":"standard","meta":{"footnotes":""},"categories":[1412],"tags":[4791,786,525,448,1981,1089,814,1451,2257,63,1452,1453,1454,1455,1011,27,2705,447,1307,3490,955,4589,4789,93,4790,1980,60,455],"class_list":{"0":"post-114889","1":"post","2":"type-post","3":"status-publish","4":"format-standard","5":"has-post-thumbnail","7":"category-f1","8":"tag-barcelone","9":"tag-c1","10":"tag-calendrier","11":"tag-champions-league","12":"tag-classement","13":"tag-coupe-deurope","14":"tag-direct","15":"tag-f1","16":"tag-foot","17":"tag-football","18":"tag-formula-1","19":"tag-formula1","20":"tag-formule-1","21":"tag-formule1","22":"tag-fr","23":"tag-france","24":"tag-groupe","25":"tag-ligue-des-champions","26":"tag-lille","27":"tag-liverpool","28":"tag-match","29":"tag-phase-finale","30":"tag-poule","31":"tag-psg","32":"tag-real-madrid","33":"tag-resultats","34":"tag-sports","35":"tag-uefa"},"share_on_mastodon":{"url":"https:\/\/pubeurope.com\/@fr\/114541461724997303","error":""},"_links":{"self":[{"href":"https:\/\/www.europesays.com\/fr\/wp-json\/wp\/v2\/posts\/114889","targetHints":{"allow":["GET"]}}],"collection":[{"href":"https:\/\/www.europesays.com\/fr\/wp-json\/wp\/v2\/posts"}],"about":[{"href":"https:\/\/www.europesays.com\/fr\/wp-json\/wp\/v2\/types\/post"}],"author":[{"embeddable":true,"href":"https:\/\/www.europesays.com\/fr\/wp-json\/wp\/v2\/users\/2"}],"replies":[{"embeddable":true,"href":"https:\/\/www.europesays.com\/fr\/wp-json\/wp\/v2\/comments?post=114889"}],"version-history":[{"count":0,"href":"https:\/\/www.europesays.com\/fr\/wp-json\/wp\/v2\/posts\/114889\/revisions"}],"wp:featuredmedia":[{"embeddable":true,"href":"https:\/\/www.europesays.com\/fr\/wp-json\/wp\/v2\/media\/114890"}],"wp:attachment":[{"href":"https:\/\/www.europesays.com\/fr\/wp-json\/wp\/v2\/media?parent=114889"}],"wp:term":[{"taxonomy":"category","embeddable":true,"href":"https:\/\/www.europesays.com\/fr\/wp-json\/wp\/v2\/categories?post=114889"},{"taxonomy":"post_tag","embeddable":true,"href":"https:\/\/www.europesays.com\/fr\/wp-json\/wp\/v2\/tags?post=114889"}],"curies":[{"name":"wp","href":"https:\/\/api.w.org\/{rel}","templated":true}]}}