{"id":114896,"date":"2025-05-20T18:02:20","date_gmt":"2025-05-20T18:02:20","guid":{"rendered":"https:\/\/www.europesays.com\/fr\/114896\/"},"modified":"2025-05-20T18:02:20","modified_gmt":"2025-05-20T18:02:20","slug":"dans-la-chapelle-des-trinitaires-a-arles-bernard-gille-expose-un-demi-siecle-dimages-et-de-rencontres","status":"publish","type":"post","link":"https:\/\/www.europesays.com\/fr\/114896\/","title":{"rendered":"Dans la chapelle des Trinitaires \u00e0 Arles, Bernard Gille expose un demi-si\u00e8cle d&rsquo;images et de rencontres"},"content":{"rendered":"<p>On jurerait que la M\u00e9diterran\u00e9e coule dans ses veines. On finit par accepter que les Luxembourgeois puissent aussi \u00eatre des \u00ab\u00a0boucans\u00a0\u00bb. <a href=\"https:\/\/www.laprovence.com\/article\/region\/46489996916933\/fontvieille-le-festival-de-la-photo-porte-la-memoire-de-fontvieille\" target=\"_blank\" rel=\"noopener\">Bernard Gille<\/a>, 72\u00a0ans, a donc un temp\u00e9rament bien tremp\u00e9. Bouillonnant, passionn\u00e9. Son exposition \u00ab\u00a0Un monde en lumi\u00e8re\u00a0\u00bb habille <a href=\"https:\/\/www.laprovence.com\/article\/region\/2789783620127614\/les-rencontres-de-la-photo-darles-devoilent-la-programmation-du-festival-du-5-juillet-au-7-octobre\" target=\"_blank\" rel=\"noopener\">la chapelle des Trinitaires<\/a> jusqu\u2019au 1er juin.<\/p>\n<p>Le photographe et r\u00e9alisateur, arl\u00e9sien depuis plus de quarante ans, ne cesse de refaire et de d\u00e9faire le monde, capable de parler pendant des heures aussi bien de culture, d\u2019image que de politique. \u00ab\u00a0<a href=\"https:\/\/www.laprovence.com\/article\/politique\/18413290835346\/municipales-2026-a-arles-face-a-de-carolis-et-a-lextreme-droite-la-gauche-espere-lunion\" target=\"_blank\" rel=\"noopener\">Le prochain maire d\u2019Arles<\/a> doit \u00eatre une femme\u00a0!\u00a0\u00bb, mart\u00e8le-t-il.<\/p>\n<p>Des photos r\u00e9alis\u00e9es entre 17 et 30\u00a0ans<\/p>\n<p>Sur les murs immacul\u00e9s de l\u2019\u00e9difice, ses s\u00e9ries photographiques r\u00e9v\u00e8lent pourtant un r\u00e9volt\u00e9 sensible. Si les \u0153uvres expos\u00e9es remontent, pour certaines, \u00e0 la fin des ann\u00e9es 1960 &#8211; elles ont \u00e9t\u00e9 r\u00e9alis\u00e9es entre ses 17 et 30 ans -, il les contextualise avec pr\u00e9cision, de l\u2019Andalousie au Maroc, en passant par la Camargue et les cabarets travestis de Li\u00e8ge. \u00ab\u00a0Quand je revois une photo, je me souviens du parfum, des relations avec les gens, de ce qu\u2019ils m\u2019ont dit.\u00a0\u00bb<\/p>\n<p><strong>\u00ab\u00a0L\u2019instant d\u00e9cisif\u00a0\u00bb<\/strong><\/p>\n<p>Devant ses clich\u00e9s andalous, capt\u00e9s dans le village de Moj\u00e1car, Bernard Gille commente\u00a0: \u00ab\u00a0Regarde ce que les enfants ont dans les mains\u2026 un revolver\u00a0!\u00a0\u00bb. Des armes certes factices mais empoign\u00e9es avec un r\u00e9alisme confondant que le photographe capte \u00e0 merveille. Direction Les <a href=\"https:\/\/www.laprovence.com\/article\/region\/1094659148730815\/les-saintes-maries-de-la-mer-la-camargue-dans-lobjectif-de-patrick-frilet\" target=\"_blank\" rel=\"noopener\">Saintes-Maries-de-la-Mer<\/a>, dans un camp gitan, en 1971.<\/p>\n","protected":false},"excerpt":{"rendered":"On jurerait que la M\u00e9diterran\u00e9e coule dans ses veines. On finit par accepter que les Luxembourgeois puissent aussi&hellip;\n","protected":false},"author":2,"featured_media":114897,"comment_status":"","ping_status":"","sticky":false,"template":"","format":"standard","meta":{"footnotes":""},"categories":[1358],"tags":[17,9417,1348,1384,1385,11475,13980,1446,154,1386,58,59,1011,27,23509,16,23508],"class_list":{"0":"post-114896","1":"post","2":"type-post","3":"status-publish","4":"format-standard","5":"has-post-thumbnail","7":"category-arts-et-design","8":"tag-17","9":"tag-arles","10":"tag-arts","11":"tag-arts-and-design","12":"tag-arts-et-design","13":"tag-bernard","14":"tag-chapelle","15":"tag-dans","16":"tag-des","17":"tag-design","18":"tag-divertissement","19":"tag-entertainment","20":"tag-fr","21":"tag-france","22":"tag-gille","23":"tag-region","24":"tag-trinitaires"},"share_on_mastodon":{"url":"https:\/\/pubeurope.com\/@fr\/114541477441547895","error":""},"_links":{"self":[{"href":"https:\/\/www.europesays.com\/fr\/wp-json\/wp\/v2\/posts\/114896","targetHints":{"allow":["GET"]}}],"collection":[{"href":"https:\/\/www.europesays.com\/fr\/wp-json\/wp\/v2\/posts"}],"about":[{"href":"https:\/\/www.europesays.com\/fr\/wp-json\/wp\/v2\/types\/post"}],"author":[{"embeddable":true,"href":"https:\/\/www.europesays.com\/fr\/wp-json\/wp\/v2\/users\/2"}],"replies":[{"embeddable":true,"href":"https:\/\/www.europesays.com\/fr\/wp-json\/wp\/v2\/comments?post=114896"}],"version-history":[{"count":0,"href":"https:\/\/www.europesays.com\/fr\/wp-json\/wp\/v2\/posts\/114896\/revisions"}],"wp:featuredmedia":[{"embeddable":true,"href":"https:\/\/www.europesays.com\/fr\/wp-json\/wp\/v2\/media\/114897"}],"wp:attachment":[{"href":"https:\/\/www.europesays.com\/fr\/wp-json\/wp\/v2\/media?parent=114896"}],"wp:term":[{"taxonomy":"category","embeddable":true,"href":"https:\/\/www.europesays.com\/fr\/wp-json\/wp\/v2\/categories?post=114896"},{"taxonomy":"post_tag","embeddable":true,"href":"https:\/\/www.europesays.com\/fr\/wp-json\/wp\/v2\/tags?post=114896"}],"curies":[{"name":"wp","href":"https:\/\/api.w.org\/{rel}","templated":true}]}}