{"id":114898,"date":"2025-05-20T18:03:11","date_gmt":"2025-05-20T18:03:11","guid":{"rendered":"https:\/\/www.europesays.com\/fr\/114898\/"},"modified":"2025-05-20T18:03:11","modified_gmt":"2025-05-20T18:03:11","slug":"plappeville-le-village-accueillera-son-premier-salon-du-livre-le-week-end-prochain","status":"publish","type":"post","link":"https:\/\/www.europesays.com\/fr\/114898\/","title":{"rendered":"Plappeville. Le village accueillera son premier salon du livre le week-end prochain"},"content":{"rendered":"<p>Le week-end du 24 et 25\u00a0mai, de 14\u00a0h \u00e0 18\u00a0h, la salle polyvalente de Plappeville se transformera en une gigantesque biblioth\u00e8que pour le premier salon du livre du village, organis\u00e9 par l\u2019APAC, l\u2019association Plumes \u00e0 Conna\u00eetre, en partenariat de la commune de Plappeville. Pr\u00e8s de 70 auteurs auto\u00e9dit\u00e9s seront pr\u00e9sents dans des styles litt\u00e9raires tr\u00e8s vari\u00e9s\u00a0avec des romans, des essais, des livres d\u2019histoire, de la po\u00e9sie, des thrillers, de la science-fiction et de la litt\u00e9rature&#8230;<\/p>\n","protected":false},"excerpt":{"rendered":"Le week-end du 24 et 25\u00a0mai, de 14\u00a0h \u00e0 18\u00a0h, la salle polyvalente de Plappeville se transformera en&hellip;\n","protected":false},"author":2,"featured_media":114899,"comment_status":"","ping_status":"","sticky":false,"template":"","format":"standard","meta":{"footnotes":""},"categories":[1357],"tags":[1379,1687,58,5598,59,1685,1011,27,1380,17695,23510],"class_list":{"0":"post-114898","1":"post","2":"type-post","3":"status-publish","4":"format-standard","5":"has-post-thumbnail","7":"category-livres","8":"tag-books","9":"tag-culture-loisirs","10":"tag-divertissement","11":"tag-edition-metz-et-agglomeration","12":"tag-entertainment","13":"tag-foire-et-salon","14":"tag-fr","15":"tag-france","16":"tag-livres","17":"tag-metz-metropole-57b2","18":"tag-plappeville"},"share_on_mastodon":{"url":"https:\/\/pubeurope.com\/@fr\/114541481438428856","error":""},"_links":{"self":[{"href":"https:\/\/www.europesays.com\/fr\/wp-json\/wp\/v2\/posts\/114898","targetHints":{"allow":["GET"]}}],"collection":[{"href":"https:\/\/www.europesays.com\/fr\/wp-json\/wp\/v2\/posts"}],"about":[{"href":"https:\/\/www.europesays.com\/fr\/wp-json\/wp\/v2\/types\/post"}],"author":[{"embeddable":true,"href":"https:\/\/www.europesays.com\/fr\/wp-json\/wp\/v2\/users\/2"}],"replies":[{"embeddable":true,"href":"https:\/\/www.europesays.com\/fr\/wp-json\/wp\/v2\/comments?post=114898"}],"version-history":[{"count":0,"href":"https:\/\/www.europesays.com\/fr\/wp-json\/wp\/v2\/posts\/114898\/revisions"}],"wp:featuredmedia":[{"embeddable":true,"href":"https:\/\/www.europesays.com\/fr\/wp-json\/wp\/v2\/media\/114899"}],"wp:attachment":[{"href":"https:\/\/www.europesays.com\/fr\/wp-json\/wp\/v2\/media?parent=114898"}],"wp:term":[{"taxonomy":"category","embeddable":true,"href":"https:\/\/www.europesays.com\/fr\/wp-json\/wp\/v2\/categories?post=114898"},{"taxonomy":"post_tag","embeddable":true,"href":"https:\/\/www.europesays.com\/fr\/wp-json\/wp\/v2\/tags?post=114898"}],"curies":[{"name":"wp","href":"https:\/\/api.w.org\/{rel}","templated":true}]}}